{"id":6047,"date":"2020-07-06T13:47:23","date_gmt":"2020-07-06T16:47:23","guid":{"rendered":"http:\/\/sefaz.acre.gov.br:80\/2021\/?p=6047"},"modified":"2023-05-02T12:15:54","modified_gmt":"2023-05-02T15:15:54","slug":"portaria-no-183-de-6-de-julho-de-2020","status":"publish","type":"post","link":"https:\/\/sefaz.ac.gov.br\/2021\/?p=6047","title":{"rendered":"PORTARIA N\u00ba 183, DE 6 DE JULHO DE 2020"},"content":{"rendered":"\n<p class=\"wp-block-paragraph\"><strong>A SECRET\u00c1RIA DE ESTADO DE FAZENDA<\/strong>, no uso de suas atribui\u00e7\u00f5es constitucionais e legais, que lhe confere o Decreto n\u00ba 5.633, de 30 de mar\u00e7o de 2020, publicado no Di\u00e1rio Oficial do Estado do Acre n\u00ba 12.770, de 31 de mar\u00e7o de 2020.<\/p>\n\n\n\n<p class=\"wp-block-paragraph\">Considerando a declara\u00e7\u00e3o da Organiza\u00e7\u00e3o Mundial de Sa\u00fade &#8211; OMS, em 11 de mar\u00e7o de 2020, de que a contamina\u00e7\u00e3o com o Coronav\u00edrus, causador da COVID-19, se caracteriza como pandemia;<\/p>\n\n\n\n<p class=\"wp-block-paragraph\">Considerando a situa\u00e7\u00e3o de Emerg\u00eancia reconhecida pela Lei Federal n\u00ba 13.979\/2020 e pela Portaria MS n\u00ba 188\/2020;<\/p>\n\n\n\n<p class=\"wp-block-paragraph\">Considerando que a Assembleia Legislativa do Estado do Acre reconheceu a ocorr\u00eancia de estado de calamidade p\u00fablica em decorr\u00eancia da pandemia causada pela COVID-19, conforme Decreto Legislativo n\u00ba 02, de 20 de mar\u00e7o de 2020;<\/p>\n\n\n\n<p class=\"wp-block-paragraph\">Considerando as medidas adotadas pelo Poder Executivo Estadual para enfrentamento da pandemia causada pela COVID-19 constantes dos Decretos Estaduais n\u00ba 5.495 e 5.946, ambos de 20 de mar\u00e7o de 2020 e o Decreto Estadual n\u00ba 5.465, de 16 de mar\u00e7o de 2020;<\/p>\n\n\n\n<p class=\"wp-block-paragraph\">Considerando o art. 3\u00ba do Decreto n\u00ba 5.496, de 20 de mar\u00e7o de 2020, o qual disp\u00f5e que os servi\u00e7os p\u00fablicos n\u00e3o essenciais sejam prestados preferencialmente em regime de trabalho remoto;<\/p>\n\n\n\n<p class=\"wp-block-paragraph\">Considerando a necessidade de continuidade do servi\u00e7o p\u00fablico, a disponibilidade de meios e recursos de tecnologia da informa\u00e7\u00e3o suficientes para a realiza\u00e7\u00e3o de julgamento por videoconfer\u00eancia no \u00e2mbito da Secretaria de Estado da Fazenda;<\/p>\n\n\n\n<p class=\"wp-block-paragraph\"><strong>RESOLVE:<\/strong><\/p>\n\n\n\n<p class=\"wp-block-paragraph\">Art. 1\u00ba Fica autorizada, em car\u00e1ter extraordin\u00e1rio, a realiza\u00e7\u00e3o das sess\u00f5es de julgamento do Conselho de Contribuintes do Estado do Acre &#8211; CONCEA, por videoconfer\u00eancia.<\/p>\n\n\n\n<p class=\"wp-block-paragraph\">\u00a7 1\u00ba As sess\u00f5es de julgamento ser\u00e3o realizadas por videoconfer\u00eancia quando expressamente prevista em edital.<\/p>\n\n\n\n<p class=\"wp-block-paragraph\">\u00a7 2\u00ba A Secretaria, quando da publica\u00e7\u00e3o da pauta de julgamento, intimar\u00e1 as partes que a sess\u00e3o se realizar\u00e1 por videoconfer\u00eancia.<\/p>\n\n\n\n<p class=\"wp-block-paragraph\">Art. 2\u00ba As sess\u00f5es de julgamento objeto desta Portaria ser\u00e3o p\u00fablicas.<\/p>\n\n\n\n<p class=\"wp-block-paragraph\">Par\u00e1grafo \u00fanico. As sess\u00f5es de julgamento realizadas por videoconfer\u00eancia ser\u00e3o gravadas e arquivadas, pelo prazo de 5 anos, na secretaria do CONCEA, podendo ser disponibilizadas a pedido do interessado.<\/p>\n\n\n\n<p class=\"wp-block-paragraph\">Art. 3\u00ba Fica facultada a sustenta\u00e7\u00e3o oral do sujeito passivo ou de seu representante devidamente habilitado nos autos, conforme previsto no art. 51 do Regimento Interno do Conselho de Contribuintes, aprovado e integrante do Decreto n\u00ba 13.149, de 4 de novembro de 2005, a qual ser\u00e1 realizada na plataforma tecnol\u00f3gica em que ocorrer\u00e3o as sess\u00f5es.<\/p>\n\n\n\n<p class=\"wp-block-paragraph\">Par\u00e1grafo \u00fanico. Para sustenta\u00e7\u00e3o oral por videoconfer\u00eancia, o sujeito passivo dever\u00e1 requerer a sua participa\u00e7\u00e3o at\u00e9 as dezessete horas do dia \u00fatil imediatamente anterior ao da realiza\u00e7\u00e3o da sess\u00e3o, atrav\u00e9s do e-mail indicado na pauta de julgamento.<\/p>\n\n\n\n<p class=\"wp-block-paragraph\">Art. 4\u00ba As sess\u00f5es de julgamento do CONCEA realizadas por videoconfer\u00eancia seguir\u00e3o o mesmo rito das sess\u00f5es presenciais e produzir\u00e3o os mesmos efeitos que esta.<\/p>\n\n\n\n<p class=\"wp-block-paragraph\">Art. 5\u00ba Esta Portaria entrar\u00e1 em vigor na data de sua publica\u00e7\u00e3o.<\/p>\n\n\n\n<p class=\"wp-block-paragraph\">Registre-se. Publique-se. Cumpra-se.<\/p>\n\n\n\n<p class=\"wp-block-paragraph\">Rio Branco, 6 de julho de 2020<\/p>\n","protected":false},"excerpt":{"rendered":"<p>Autoriza a realiza\u00e7\u00e3o de sess\u00f5es de julgamento por videoconfer\u00eancia no \u00e2mbito do Conselho de Contribuintes do Estado do Acre &#8211; CONCEA.<\/p>\n","protected":false},"author":5,"featured_media":0,"comment_status":"closed","ping_status":"closed","sticky":false,"template":"","format":"standard","meta":{"_acf_changed":false,"footnotes":""},"categories":[3,33],"tags":[48],"class_list":["post-6047","post","type-post","status-publish","format-standard","hentry","category-legislacao","category-portarias","tag-tate"],"acf":[],"_links":{"self":[{"href":"https:\/\/sefaz.ac.gov.br\/2021\/index.php?rest_route=\/wp\/v2\/posts\/6047","targetHints":{"allow":["GET"]}}],"collection":[{"href":"https:\/\/sefaz.ac.gov.br\/2021\/index.php?rest_route=\/wp\/v2\/posts"}],"about":[{"href":"https:\/\/sefaz.ac.gov.br\/2021\/index.php?rest_route=\/wp\/v2\/types\/post"}],"author":[{"embeddable":true,"href":"https:\/\/sefaz.ac.gov.br\/2021\/index.php?rest_route=\/wp\/v2\/users\/5"}],"replies":[{"embeddable":true,"href":"https:\/\/sefaz.ac.gov.br\/2021\/index.php?rest_route=%2Fwp%2Fv2%2Fcomments&post=6047"}],"version-history":[{"count":0,"href":"https:\/\/sefaz.ac.gov.br\/2021\/index.php?rest_route=\/wp\/v2\/posts\/6047\/revisions"}],"wp:attachment":[{"href":"https:\/\/sefaz.ac.gov.br\/2021\/index.php?rest_route=%2Fwp%2Fv2%2Fmedia&parent=6047"}],"wp:term":[{"taxonomy":"category","embeddable":true,"href":"https:\/\/sefaz.ac.gov.br\/2021\/index.php?rest_route=%2Fwp%2Fv2%2Fcategories&post=6047"},{"taxonomy":"post_tag","embeddable":true,"href":"https:\/\/sefaz.ac.gov.br\/2021\/index.php?rest_route=%2Fwp%2Fv2%2Ftags&post=6047"}],"curies":[{"name":"wp","href":"https:\/\/api.w.org\/{rel}","templated":true}]}}