{"id":5677,"date":"2021-04-23T12:29:55","date_gmt":"2021-04-23T15:29:55","guid":{"rendered":"http:\/\/sefaz.acre.gov.br:80\/2021\/?p=5677"},"modified":"2023-05-02T12:53:56","modified_gmt":"2023-05-02T15:53:56","slug":"portaria-no-096-de-23-de-abril-de-2021","status":"publish","type":"post","link":"https:\/\/sefaz.ac.gov.br\/2021\/?p=5677","title":{"rendered":"PORTARIA N\u00ba 096, DE 23 DE ABRIL DE 2021"},"content":{"rendered":"\n<p class=\"wp-block-paragraph\"><strong>O SECRET\u00c1RIO DE ESTADO DA FAZENDA,<\/strong> no uso das atribui\u00e7\u00f5es legais que lhe confere o Decreto n\u00ba 6.511, de 5 de agosto de 2020; e<\/p>\n\n\n\n<p class=\"wp-block-paragraph\">Considerando o art. 65, II, do Decreto n\u00ba 183, de 6 de outubro de 1975, que aprovou o Regimento Interno da Secretaria de Estado da Fazenda;<\/p>\n\n\n\n<p class=\"wp-block-paragraph\">Considerando o art. 519, do Regulamento do ICMS do Estado do Acre, aprovado pelo Decreto n\u00ba 008, de 26 de janeiro de 1998;<\/p>\n\n\n\n<p class=\"wp-block-paragraph\"><strong>RESOLVE:<\/strong><\/p>\n\n\n\n<p class=\"wp-block-paragraph\">Art. 1\u00ba &nbsp;Alterar, conforme Anexo \u00danico desta Portaria, o pre\u00e7o das madeiras constantes do item II &#8211; SA\u00cdDAS, subitem 13, do Anexo \u00danico da Pauta de Pre\u00e7os estabelecida pela Portaria n\u00ba 407, de 8 de setembro de 2008, que fixa os valores m\u00ednimos da base de c\u00e1lculo do ICMS incidente sobre as opera\u00e7\u00f5es e presta\u00e7\u00f5es com mercadorias nela relacionadas.<\/p>\n\n\n\n<p class=\"wp-block-paragraph\">Art. 2\u00ba &nbsp;Esta Portaria entra em vigor na data da sua publica\u00e7\u00e3o,<\/p>\n\n\n\n<p class=\"wp-block-paragraph\">Rio Branco &#8211; Acre, 23 de abril de 2021.<\/p>\n\n\n\n<p class=\"wp-block-paragraph\">&nbsp;<\/p>\n\n\n\n<p class=\"has-text-align-center wp-block-paragraph\"><strong>R\u00f4mulo Ant\u00f4nio de Oliveira Grandidier<\/strong> <br>Secret\u00e1rio de Estado da Fazenda<\/p>\n\n\n\n<p class=\"wp-block-paragraph\">\u00a0<\/p>\n\n\n\n<p class=\"wp-block-paragraph\"><\/p>\n\n\n\n<p class=\"has-text-align-center wp-block-paragraph\"><strong>ANEXO \u00daNICO<\/strong><\/p>\n\n\n\n<p class=\"has-text-align-center wp-block-paragraph\"><strong>PORTARIA N\u00ba 096, DE 23 DE ABRIL DE 2021<\/strong><\/p>\n\n\n\n<p class=\"has-text-align-center wp-block-paragraph\"><strong>PAUTA DE PRE\u00c7OS M\u00cdNIMOS<\/strong><\/p>\n\n\n\n<p class=\"has-text-align-center wp-block-paragraph\"><strong>\u201cII \u2013 SA\u00cdDAS<\/strong><\/p>\n\n\n\n<p class=\"has-text-align-center wp-block-paragraph\"><strong>&#8230;<\/strong><\/p>\n\n\n\n<p class=\"has-text-align-center wp-block-paragraph\"><strong>13. MADEIRA<\/strong><\/p>\n\n\n\n<figure class=\"wp-block-table is-style-regular\"><table><tbody><tr><td><strong>PRODUTOS<\/strong><\/td><td><strong>UNIDADE<\/strong><\/td><td><strong>PRE\u00c7O<\/strong><\/td><\/tr><tr><td>Abiu Prancha<\/td><td>m3<\/td><td>R$ 558,00<\/td><\/tr><tr><td>Abiurana Prancha<\/td><td>m3<\/td><td>R$ 558,00<\/td><\/tr><tr><td>Angelim Prancha<\/td><td>m3<\/td><td>R$ 716,40<\/td><\/tr><tr><td>Caucho Prancha<\/td><td>m3<\/td><td>R$ 516,00<\/td><\/tr><tr><td>Cedro Prancha<\/td><td>m3<\/td><td>R$ 600,00<\/td><\/tr><tr><td>Cedro Rosa Prancha<\/td><td>m3<\/td><td>R$ 1.336,80<\/td><\/tr><tr><td>Cedrinho Prancha<\/td><td>m3<\/td><td>R$ 516,00<\/td><\/tr><tr><td>Cerejeira Prancha<\/td><td>m3<\/td><td>R$ 828,00<\/td><\/tr><tr><td>Copa\u00edba Prancha<\/td><td>m3<\/td><td>R$ 558,00<\/td><\/tr><tr><td>Cumaru Prancha<\/td><td>m3<\/td><td>R$ 776,40<\/td><\/tr><tr><td>Cupi\u00faba Prancha<\/td><td>m3<\/td><td>R$ 558,00<\/td><\/tr><tr><td>Garapeira Prancha<\/td><td>m3<\/td><td>R$ 716,40<\/td><\/tr><tr><td>Guari\u00faba Prancha<\/td><td>m3<\/td><td>R$ 558,00<\/td><\/tr><tr><td>Ip\u00ea Prancha<\/td><td>m3<\/td><td>R$ 1.336,80<\/td><\/tr><tr><td>Ita\u00faba Prancha<\/td><td>m3<\/td><td>R$ 776,40<\/td><\/tr><tr><td>Jatob\u00e1 Prancha<\/td><td>m3<\/td><td>R$ 776,40<\/td><\/tr><tr><td>Louro Prancha<\/td><td>m3<\/td><td>R$ 430,00<\/td><\/tr><tr><td>Ma\u00e7aranduba Prancha<\/td><td>m3<\/td><td>R$ 828,00<\/td><\/tr><tr><td>Matamat\u00e1 Preto Prancha<\/td><td>m3<\/td><td>R$ 558,00<\/td><\/tr><tr><td>Muiracatiara Prancha<\/td><td>m3<\/td><td>R$ 716,40<\/td><\/tr><tr><td>Sucupira Prancha<\/td><td>m3<\/td><td>R$ 716,40<\/td><\/tr><tr><td>Suma\u00fama Prancha<\/td><td>m3<\/td><td>R$ 1.200,00<\/td><\/tr><tr><td>Tacac\u00e1\/Xix\u00e1 Prancha<\/td><td>m3<\/td><td>R$ 516,00<\/td><\/tr><tr><td>Tauar\u00ed Prancha<\/td><td>m3<\/td><td>R$ 516,00<\/td><\/tr><tr><td><strong>\u201cNR\u201d<\/strong><\/td><\/tr><\/tbody><\/table><\/figure>\n\n\n\n<p class=\"wp-block-paragraph\"><\/p>\n","protected":false},"excerpt":{"rendered":"<p> \u00a0Alterar, conforme Anexo \u00danico desta Portaria, o pre\u00e7o das madeiras constantes do item II &#8211; SA\u00cdDAS, subitem 13, do Anexo \u00danico da Pauta de Pre\u00e7os estabelecida pela Portaria n\u00ba 407, de 8 de setembro de 2008.<\/p>\n","protected":false},"author":5,"featured_media":0,"comment_status":"closed","ping_status":"closed","sticky":false,"template":"","format":"standard","meta":{"_acf_changed":false,"footnotes":""},"categories":[3,33],"tags":[35],"class_list":["post-5677","post","type-post","status-publish","format-standard","hentry","category-legislacao","category-portarias","tag-icms"],"acf":[],"_links":{"self":[{"href":"https:\/\/sefaz.ac.gov.br\/2021\/index.php?rest_route=\/wp\/v2\/posts\/5677","targetHints":{"allow":["GET"]}}],"collection":[{"href":"https:\/\/sefaz.ac.gov.br\/2021\/index.php?rest_route=\/wp\/v2\/posts"}],"about":[{"href":"https:\/\/sefaz.ac.gov.br\/2021\/index.php?rest_route=\/wp\/v2\/types\/post"}],"author":[{"embeddable":true,"href":"https:\/\/sefaz.ac.gov.br\/2021\/index.php?rest_route=\/wp\/v2\/users\/5"}],"replies":[{"embeddable":true,"href":"https:\/\/sefaz.ac.gov.br\/2021\/index.php?rest_route=%2Fwp%2Fv2%2Fcomments&post=5677"}],"version-history":[{"count":0,"href":"https:\/\/sefaz.ac.gov.br\/2021\/index.php?rest_route=\/wp\/v2\/posts\/5677\/revisions"}],"wp:attachment":[{"href":"https:\/\/sefaz.ac.gov.br\/2021\/index.php?rest_route=%2Fwp%2Fv2%2Fmedia&parent=5677"}],"wp:term":[{"taxonomy":"category","embeddable":true,"href":"https:\/\/sefaz.ac.gov.br\/2021\/index.php?rest_route=%2Fwp%2Fv2%2Fcategories&post=5677"},{"taxonomy":"post_tag","embeddable":true,"href":"https:\/\/sefaz.ac.gov.br\/2021\/index.php?rest_route=%2Fwp%2Fv2%2Ftags&post=5677"}],"curies":[{"name":"wp","href":"https:\/\/api.w.org\/{rel}","templated":true}]}}