{"id":5671,"date":"2021-01-08T12:15:45","date_gmt":"2021-01-08T15:15:45","guid":{"rendered":"http:\/\/sefaz.acre.gov.br:80\/2021\/?p=5671"},"modified":"2023-05-02T12:48:43","modified_gmt":"2023-05-02T15:48:43","slug":"portaria-no-5-de-8-de-janeiro-de-2021","status":"publish","type":"post","link":"https:\/\/sefaz.ac.gov.br\/2021\/?p=5671","title":{"rendered":"PORTARIA N\u00ba 5, DE 8 DE JANEIRO DE 2021"},"content":{"rendered":"\n<p class=\"wp-block-paragraph\"><strong>O SECRET\u00c1RIO DA FAZENDA<\/strong>, no uso de suas atribui\u00e7\u00f5es legais e constitucionais que lhe confere o Decreto n\u00ba 6.511, de 5 de agosto de 2020, publicado no Di\u00e1rio Oficial n\u00ba 12.855, de 10 de agosto de 2020;<\/p>\n\n\n\n<p class=\"wp-block-paragraph\">Considerando que a entrega de declara\u00e7\u00f5es eletr\u00f4nicas referentes a obriga\u00e7\u00f5es tribut\u00e1rias previstas na legisla\u00e7\u00e3o tribut\u00e1ria estadual a serem processadas no per\u00edodo de 4 a 8 de janeiro de 2021 ficou inviabilizada por problemas de ordem t\u00e9cnica;<\/p>\n\n\n\n<p class=\"wp-block-paragraph\"><strong>RESOLVE:<\/strong><\/p>\n\n\n\n<p class=\"wp-block-paragraph\">Art. 1\u00ba &nbsp;Prorrogar para 12 de janeiro de 2021 o prazo para entrega das declara\u00e7\u00f5es eletr\u00f4nicas vencidas ou vincendas no per\u00edodo de 4 a 8 de janeiro de 2021.<\/p>\n\n\n\n<p class=\"wp-block-paragraph\">Art. 2\u00ba &nbsp;Esta Portaria entra em vigor na data de sua publica\u00e7\u00e3o.<\/p>\n\n\n\n<p class=\"wp-block-paragraph\">Rio Branco &#8211; Acre, 8 de janeiro de 2021.<\/p>\n","protected":false},"excerpt":{"rendered":"<p>Prorrogar para 12 de janeiro de 2021 o prazo para entrega das declara\u00e7\u00f5es eletr\u00f4nicas vencidas ou vincendas no per\u00edodo de 4 a 8 de janeiro de 2021.<\/p>\n","protected":false},"author":5,"featured_media":0,"comment_status":"closed","ping_status":"closed","sticky":false,"template":"","format":"standard","meta":{"_acf_changed":false,"footnotes":""},"categories":[3,33],"tags":[35],"class_list":["post-5671","post","type-post","status-publish","format-standard","hentry","category-legislacao","category-portarias","tag-icms"],"acf":[],"_links":{"self":[{"href":"https:\/\/sefaz.ac.gov.br\/2021\/index.php?rest_route=\/wp\/v2\/posts\/5671","targetHints":{"allow":["GET"]}}],"collection":[{"href":"https:\/\/sefaz.ac.gov.br\/2021\/index.php?rest_route=\/wp\/v2\/posts"}],"about":[{"href":"https:\/\/sefaz.ac.gov.br\/2021\/index.php?rest_route=\/wp\/v2\/types\/post"}],"author":[{"embeddable":true,"href":"https:\/\/sefaz.ac.gov.br\/2021\/index.php?rest_route=\/wp\/v2\/users\/5"}],"replies":[{"embeddable":true,"href":"https:\/\/sefaz.ac.gov.br\/2021\/index.php?rest_route=%2Fwp%2Fv2%2Fcomments&post=5671"}],"version-history":[{"count":0,"href":"https:\/\/sefaz.ac.gov.br\/2021\/index.php?rest_route=\/wp\/v2\/posts\/5671\/revisions"}],"wp:attachment":[{"href":"https:\/\/sefaz.ac.gov.br\/2021\/index.php?rest_route=%2Fwp%2Fv2%2Fmedia&parent=5671"}],"wp:term":[{"taxonomy":"category","embeddable":true,"href":"https:\/\/sefaz.ac.gov.br\/2021\/index.php?rest_route=%2Fwp%2Fv2%2Fcategories&post=5671"},{"taxonomy":"post_tag","embeddable":true,"href":"https:\/\/sefaz.ac.gov.br\/2021\/index.php?rest_route=%2Fwp%2Fv2%2Ftags&post=5671"}],"curies":[{"name":"wp","href":"https:\/\/api.w.org\/{rel}","templated":true}]}}