{"id":5190,"date":"2020-12-31T11:22:05","date_gmt":"2020-12-31T14:22:05","guid":{"rendered":"http:\/\/sefaz.acre.gov.br:80\/2021\/?p=5190"},"modified":"2023-04-20T13:00:53","modified_gmt":"2023-04-20T16:00:53","slug":"lei-complementar-no-378-de-31-de-dezembro-de-2020","status":"publish","type":"post","link":"https:\/\/sefaz.ac.gov.br\/2021\/?p=5190","title":{"rendered":"LEI COMPLEMENTAR N\u00ba 378, DE 31 DE DEZEMBRO DE 2020"},"content":{"rendered":"\n<p class=\"wp-block-paragraph\"><strong>O GOVERNADOR DO ESTADO DO ACRE,<\/strong><\/p>\n\n\n\n<p class=\"wp-block-paragraph\"><strong>FA\u00c7O SABER<\/strong> que a Assembleia Legislativa do Estado do Acre decreta e eu sanciono a seguinte Lei Complementar:<\/p>\n\n\n\n<p class=\"wp-block-paragraph\">Art. 1\u00ba A Lei Complementar n\u00ba 372, de 11 de dezembro de 2020, que disp\u00f5e sobre a concess\u00e3o de parcelamento de cr\u00e9ditos tribut\u00e1rios relacionados ao Imposto sobre Opera\u00e7\u00f5es Relativas \u00e0 Circula\u00e7\u00e3o de Mercadorias e sobre Presta\u00e7\u00f5es de Servi\u00e7os de Transporte Interestadual e Intermunicipal e de Comunica\u00e7\u00e3o &#8211; ICMS, passa vigorar com a seguinte reda\u00e7\u00e3o:<\/p>\n\n\n\n<blockquote class=\"wp-block-quote is-layout-flow wp-block-quote-is-layout-flow\">\n<p class=\"wp-block-paragraph\">\u201cArt. 1\u00ba &#8230;<\/p>\n\n\n\n<p class=\"wp-block-paragraph\">\u00a7 3\u00ba &nbsp;O cr\u00e9dito parcelado ser\u00e1 atualizado com juros equivalentes \u00e0 taxa referencial do Sistema Especial de Liquida\u00e7\u00e3o e de Cust\u00f3dia &#8211; SELIC para t\u00edtulos federais, acumulada mensalmente, calculados a partir do m\u00eas subsequente ao da consolida\u00e7\u00e3o at\u00e9 o m\u00eas anterior ao do pagamento e de um por cento no m\u00eas do pagamento.\u201d (NR)<\/p>\n<\/blockquote>\n\n\n\n<p class=\"wp-block-paragraph\">Art. 2\u00ba Esta Lei Complementar entra em vigor na data de sua publica\u00e7\u00e3o, com efeitos retroativos a 14 de dezembro de 2020.<\/p>\n\n\n\n<p class=\"wp-block-paragraph\">Rio Branco-Acre, 31 de dezembro de 2020, 132\u00ba da Rep\u00fablica, 118\u00ba do Tratado de Petr\u00f3polis e 59\u00ba do Estado do Acre.<\/p>\n","protected":false},"excerpt":{"rendered":"<p>Altera a Lei Complementar n\u00ba 372, de 11 de dezembro de 2020, que disp\u00f5e sobre a concess\u00e3o de parcelamento de cr\u00e9ditos tribut\u00e1rios relacionados ao Imposto sobre Opera\u00e7\u00f5es Relativas \u00e0 Circula\u00e7\u00e3o de Mercadorias e sobre Presta\u00e7\u00f5es de Servi\u00e7os de Transporte Interestadual e Intermunicipal e de Comunica\u00e7\u00e3o &#8211; ICMS.<\/p>\n","protected":false},"author":5,"featured_media":0,"comment_status":"closed","ping_status":"closed","sticky":false,"template":"","format":"standard","meta":{"_acf_changed":false,"footnotes":""},"categories":[3,30],"tags":[35],"class_list":["post-5190","post","type-post","status-publish","format-standard","hentry","category-legislacao","category-leis-complementares","tag-icms"],"acf":[],"_links":{"self":[{"href":"https:\/\/sefaz.ac.gov.br\/2021\/index.php?rest_route=\/wp\/v2\/posts\/5190","targetHints":{"allow":["GET"]}}],"collection":[{"href":"https:\/\/sefaz.ac.gov.br\/2021\/index.php?rest_route=\/wp\/v2\/posts"}],"about":[{"href":"https:\/\/sefaz.ac.gov.br\/2021\/index.php?rest_route=\/wp\/v2\/types\/post"}],"author":[{"embeddable":true,"href":"https:\/\/sefaz.ac.gov.br\/2021\/index.php?rest_route=\/wp\/v2\/users\/5"}],"replies":[{"embeddable":true,"href":"https:\/\/sefaz.ac.gov.br\/2021\/index.php?rest_route=%2Fwp%2Fv2%2Fcomments&post=5190"}],"version-history":[{"count":0,"href":"https:\/\/sefaz.ac.gov.br\/2021\/index.php?rest_route=\/wp\/v2\/posts\/5190\/revisions"}],"wp:attachment":[{"href":"https:\/\/sefaz.ac.gov.br\/2021\/index.php?rest_route=%2Fwp%2Fv2%2Fmedia&parent=5190"}],"wp:term":[{"taxonomy":"category","embeddable":true,"href":"https:\/\/sefaz.ac.gov.br\/2021\/index.php?rest_route=%2Fwp%2Fv2%2Fcategories&post=5190"},{"taxonomy":"post_tag","embeddable":true,"href":"https:\/\/sefaz.ac.gov.br\/2021\/index.php?rest_route=%2Fwp%2Fv2%2Ftags&post=5190"}],"curies":[{"name":"wp","href":"https:\/\/api.w.org\/{rel}","templated":true}]}}