{"id":5098,"date":"2020-05-26T11:59:10","date_gmt":"2020-05-26T14:59:10","guid":{"rendered":"http:\/\/sefaz.acre.gov.br:80\/2021\/?p=5098"},"modified":"2023-04-20T12:58:37","modified_gmt":"2023-04-20T15:58:37","slug":"lei-complementar-no-369-de-26-de-maio-de-2020","status":"publish","type":"post","link":"https:\/\/sefaz.ac.gov.br\/2021\/?p=5098","title":{"rendered":"LEI COMPLEMENTAR N\u00ba 369, DE 26 DE MAIO DE 2020"},"content":{"rendered":"<p><strong>O GOVERNADOR DO ESTADO DO ACRE,<\/strong><\/p>\n<p><strong>FA\u00c7O SABER <\/strong>que a Assembleia Legislativa do Estado do Acre decreta e eu sanciono a seguinte Lei Complementar:<\/p>\n<p>Art. 1\u00ba A Lei Complementar n\u00ba 55, de 9 de julho de 1997, passa a vigorar com a seguinte reda\u00e7\u00e3o:<\/p>\n<blockquote><p>\u201cArt. 61. &#8230;<\/p>\n<p>&#8230;<\/p>\n<p>III &#8211; &#8230;<\/p>\n<p>a) &#8230;<\/p>\n<p>1 &#8211; decorrente da n\u00e3o emiss\u00e3o de documento fiscal ou da omiss\u00e3o do registro de opera\u00e7\u00f5es ou presta\u00e7\u00f5es tributadas pelo imposto; e<\/p>\n<p>&#8230;<\/p>\n<p>IV &#8211; &#8230;<\/p>\n<p>&#8230;<\/p>\n<p>l) deixar de registrar o documento fiscal correspondente \u00e0 opera\u00e7\u00e3o de entrada ou de sa\u00edda de mercadorias, quando o contribuinte n\u00e3o for obrigado a apresenta\u00e7\u00e3o da Escritura\u00e7\u00e3o Fiscal Digital &#8211; EFD;<\/p>\n<p>&#8230;<\/p>\n<p>V &#8211; &#8230;<\/p>\n<p>&#8230;<\/p>\n<p>m) deixar de informar na EFD documentos fiscais relativos \u00e0s opera\u00e7\u00f5es de circula\u00e7\u00e3o de mercadorias no bloco \u201cC\u201d, e das presta\u00e7\u00f5es de servi\u00e7os de transporte interestadual e intermunicipal e de comunica\u00e7\u00e3o no bloco \u201cD\u201d na forma e no prazo estabelecidos na legisla\u00e7\u00e3o estadual, por grupo ou fra\u00e7\u00e3o de tr\u00eas omiss\u00f5es, por per\u00edodo de apura\u00e7\u00e3o, limitado ao valor fixado no inciso VIII;<\/p>\n<p>&#8230;<\/p>\n<p>VII &#8211; &#8230;<\/p>\n<p>&#8230;<\/p>\n<p>m) por deixar de manter no estabelecimento sistema de emiss\u00e3o da Nota Fiscal de Consumidor Eletr\u00f4nica &#8211; NFC-e, quando obrigado \u00e0 emiss\u00e3o, por ocorr\u00eancia;\u201d (NR)<\/p><\/blockquote>\n<p>Art. 2\u00ba Ficam acrescentados os dispositivos a seguir indicados \u00e0 Lei Complementar n\u00ba 55, de 9 de julho de 1997, com a seguinte reda\u00e7\u00e3o:<\/p>\n<blockquote><p>\u201cArt. 47-A. As institui\u00e7\u00f5es financeiras e de pagamento, integrantes ou n\u00e3o do Sistema de Pagamento Brasileiro &#8211; SPB, ficam obrigadas a fornecer, mensalmente, \u00e0 Secretaria de Estado da Fazenda &#8211; SEFAZ, nas condi\u00e7\u00f5es e prazos previstos em ato regulamentar, as informa\u00e7\u00f5es relativas \u00e0s opera\u00e7\u00f5es realizadas por pessoas jur\u00eddicas ou f\u00edsicas, ainda que n\u00e3o inscritas no cadastro de contribuintes do Estado, cujos pagamentos sejam feitos por meio de cart\u00f5es de cr\u00e9dito, de d\u00e9bito, de loja (private label) e demais instrumentos de pagamento eletr\u00f4nicos.<\/p>\n<p>&#8230;<\/p>\n<p>Art. 61. &#8230;<\/p>\n<p>&#8230;<\/p>\n<p>VII &#8211; &#8230;<\/p>\n<p>&#8230;<\/p>\n<p>n) iniciar atividade sem estar devidamente cadastrado;<\/p>\n<p>&#8230;<\/p>\n<p>IX &#8211; &#8230;<\/p>\n<p>&#8230;<\/p>\n<p>f) por deixar de emitir documento fiscal correspondente a cada opera\u00e7\u00e3o ou presta\u00e7\u00e3o, ou por sua n\u00e3o entrega ao comprador, ainda que tenha sido efetuado o recolhimento do imposto devido, nunca inferior \u00e0 multa prevista no inciso V;<\/p>\n<p>g) por adquirir mercadoria destinada a estabelecimento que n\u00e3o seja inscrito no cadastro de contribuintes ou que esteja com sua inscri\u00e7\u00e3o cancelada ou baixada;<\/p>\n<p>&#8230;<\/p>\n<p>XII &#8211; no valor de R$ 10.000,00 (dez mil reais) por deixar de fornecer \u00e0 SEFAZ, ou fornecer de forma incompleta ou inexata, as informa\u00e7\u00f5es relativas \u00e0s opera\u00e7\u00f5es realizadas por pessoas jur\u00eddicas ou por pessoas f\u00edsicas, ainda que n\u00e3o inscritas no cadastro de contribuintes do Estado, cujos pagamentos sejam feitos por meio de cart\u00f5es de cr\u00e9dito, de d\u00e9bito, de loja (<strong>private label<\/strong>) e demais instrumentos de pagamento eletr\u00f4nico, por per\u00edodo de inadimpl\u00eancia.<\/p>\n<p>&#8230;<\/p>\n<p>\u00a7 14. Na ocorr\u00eancia de infra\u00e7\u00e3o continuada ao mesmo dispositivo que trate de obriga\u00e7\u00e3o acess\u00f3ria, com multa em valor fixo, o valor m\u00e1ximo da penalidade n\u00e3o poder\u00e1 ultrapassar R$ 5.000,00 (cinco mil reais) ou o valor correspondente a dez ocorr\u00eancias, o que for maior, por per\u00edodo de apura\u00e7\u00e3o, salvo quando estabelecido limite espec\u00edfico para a infra\u00e7\u00e3o.<\/p>\n<p>\u00a7 15. O montante fixado no \u00a7 14 ser\u00e1 aumentado na hip\u00f3tese prevista no \u00a7 10 deste artigo, bem como reduzido nas hip\u00f3teses previstas no art. 62-B.\u201d (NR)<\/p><\/blockquote>\n<p>Art. 3\u00ba Ficam revogados o inciso XVIII do art. 28, as al\u00edneas \u201co\u201d e \u201cq\u201d do inciso III do art. 61, a al\u00ednea \u201cm\u201d do inciso IV do art. 61, todos da Lei Complementar n\u00ba 55, de 1997, bem como a Lei n\u00ba 2.527, de 29 de dezembro de 2011.<\/p>\n<p>Art. 4\u00b0 Esta Lei Complementar entra em vigor na data de sua publica\u00e7\u00e3o.<\/p>\n<p>Rio Branco-Acre, 26 de maio de 2020, 132\u00ba da Rep\u00fablica, 118\u00ba do Tratado de Petr\u00f3polis e 59\u00ba do Estado do Acre.<\/p>\n","protected":false},"excerpt":{"rendered":"<p>Altera a Lei Complementar n\u00ba 55, de 9 de julho de 1997, que disp\u00f5e quanto ao Imposto sobre Opera\u00e7\u00f5es Relativas \u00e0 Circula\u00e7\u00e3o de Mercadorias e sobre Presta\u00e7\u00f5es de Servi\u00e7os de Transporte Interestadual e Intermunicipal e de Comunica\u00e7\u00e3o &#8211; ICMS.<\/p>\n","protected":false},"author":5,"featured_media":0,"comment_status":"closed","ping_status":"closed","sticky":false,"template":"","format":"standard","meta":{"_acf_changed":false,"footnotes":""},"categories":[3,30],"tags":[35],"class_list":["post-5098","post","type-post","status-publish","format-standard","hentry","category-legislacao","category-leis-complementares","tag-icms"],"acf":[],"_links":{"self":[{"href":"https:\/\/sefaz.ac.gov.br\/2021\/index.php?rest_route=\/wp\/v2\/posts\/5098","targetHints":{"allow":["GET"]}}],"collection":[{"href":"https:\/\/sefaz.ac.gov.br\/2021\/index.php?rest_route=\/wp\/v2\/posts"}],"about":[{"href":"https:\/\/sefaz.ac.gov.br\/2021\/index.php?rest_route=\/wp\/v2\/types\/post"}],"author":[{"embeddable":true,"href":"https:\/\/sefaz.ac.gov.br\/2021\/index.php?rest_route=\/wp\/v2\/users\/5"}],"replies":[{"embeddable":true,"href":"https:\/\/sefaz.ac.gov.br\/2021\/index.php?rest_route=%2Fwp%2Fv2%2Fcomments&post=5098"}],"version-history":[{"count":0,"href":"https:\/\/sefaz.ac.gov.br\/2021\/index.php?rest_route=\/wp\/v2\/posts\/5098\/revisions"}],"wp:attachment":[{"href":"https:\/\/sefaz.ac.gov.br\/2021\/index.php?rest_route=%2Fwp%2Fv2%2Fmedia&parent=5098"}],"wp:term":[{"taxonomy":"category","embeddable":true,"href":"https:\/\/sefaz.ac.gov.br\/2021\/index.php?rest_route=%2Fwp%2Fv2%2Fcategories&post=5098"},{"taxonomy":"post_tag","embeddable":true,"href":"https:\/\/sefaz.ac.gov.br\/2021\/index.php?rest_route=%2Fwp%2Fv2%2Ftags&post=5098"}],"curies":[{"name":"wp","href":"https:\/\/api.w.org\/{rel}","templated":true}]}}