{"id":4613,"date":"1999-12-27T11:54:12","date_gmt":"1999-12-27T13:54:12","guid":{"rendered":"http:\/\/sefaz.acre.gov.br:80\/2021\/?p=4613"},"modified":"2023-04-24T10:36:19","modified_gmt":"2023-04-24T13:36:19","slug":"portaria-n-338-de-27-de-dezembro-de-1999","status":"publish","type":"post","link":"https:\/\/sefaz.ac.gov.br\/2021\/?p=4613","title":{"rendered":"PORTARIA N\u00b0 338, DE 27 DE DEZEMBRO DE 1999"},"content":{"rendered":"\n<p class=\"wp-block-paragraph\"><strong>O SECRET\u00c1RIO DE ESTADO DA FAZENDA<\/strong>, no uso de suas atribui\u00e7\u00f5es legais, e com base no art. 5\u00b0, par\u00e1grafo 3\u00b0, al\u00ednea <strong>\u201cb\u201d<\/strong> do Decreto 09\/86.<\/p>\n\n\n\n<p class=\"wp-block-paragraph\"><strong>RESOLVE:<\/strong><\/p>\n\n\n\n<p class=\"wp-block-paragraph\"><strong>Art. 1\u00b0<\/strong> Aprovar a tabela para base de c\u00e1lculo do Imposto sobre a Propriedade de Ve\u00edculos Automotores \u2013 <strong>IPVA<\/strong>, com os valores expressos em <strong>UFIR<\/strong>, para fins de cobran\u00e7a durante o exerc\u00edcio de 2000, conforme tabela anexa.<\/p>\n\n\n\n<p class=\"wp-block-paragraph\"><strong>Art. 2\u00b0 <\/strong>&nbsp;O pagamento anual do Imposto sobre a Propriedade de Ve\u00edculos Automotores \u2013 <strong>IPVA<\/strong>, ser\u00e1 em cota \u00fanica ou em tr\u00eas parcelas, de acordo como algarismo final da placa na forma da tabela a seguir.<\/p>\n\n\n\n<p class=\"has-text-align-center wp-block-paragraph\"><strong>IPVA: CALENDARIO 2000<\/strong><\/p>\n\n\n\n<p class=\"has-text-align-center wp-block-paragraph\"><strong>Datas Limites de pagamento do IPVA<\/strong><\/p>\n\n\n\n<figure class=\"wp-block-table\"><table><tbody><tr><td><strong>Ve\u00edculos de placas de final<\/strong><\/td><td><strong>Vencimento cota \u00fanica<\/strong><\/td><td><strong>Vencimento 1\u00aa cota<\/strong><\/td><td><strong>Vencimento 2\u00aa cota<\/strong><\/td><td><strong>Vencimento 3\u00aa cota<\/strong><\/td><\/tr><tr><td><strong>1 e 2<\/strong><\/td><td><strong>31.01<\/strong><\/td><td><strong>31.01<\/strong><\/td><td><strong>29.02<\/strong><\/td><td><strong>31.03<\/strong><\/td><\/tr><tr><td><strong>3 e 4<\/strong><\/td><td><strong>29.02<\/strong><\/td><td><strong>29.02<\/strong><\/td><td><strong>31.03<\/strong><\/td><td><strong>28.04<\/strong><\/td><\/tr><tr><td><strong>5<\/strong><\/td><td><strong>31.03<\/strong><\/td><td><strong>31.03<\/strong><\/td><td><strong>28.04<\/strong><\/td><td><strong>31.05<\/strong><\/td><\/tr><tr><td><strong>6<\/strong><\/td><td><strong>28.04<\/strong><\/td><td><strong>28.04<\/strong><\/td><td><strong>31.05<\/strong><\/td><td><strong>29.06<\/strong><\/td><\/tr><tr><td><strong>7<\/strong><\/td><td><strong>31.05<\/strong><\/td><td><strong>31.05<\/strong><\/td><td><strong>30.06<\/strong><\/td><td><strong>31.07<\/strong><\/td><\/tr><tr><td><strong>8<\/strong><\/td><td><strong>30.06<\/strong><\/td><td><strong>30.06<\/strong><\/td><td><strong>31.07<\/strong><\/td><td><strong>31.08<\/strong><\/td><\/tr><tr><td><strong>9<\/strong><\/td><td><strong>31.07<\/strong><\/td><td><strong>31.07<\/strong><\/td><td><strong>31.08<\/strong><\/td><td><strong>29.09<\/strong><\/td><\/tr><tr><td><strong>0<\/strong><\/td><td><strong>31.08<\/strong><\/td><td><strong>31.08<\/strong><\/td><td><strong>29.09<\/strong><\/td><td><strong>31.10<\/strong><\/td><\/tr><\/tbody><\/table><\/figure>\n\n\n\n<p class=\"wp-block-paragraph\">Par\u00e1grafo 1\u00b0&nbsp; O pagamento anual do <strong>IPVA<\/strong>, ser\u00e1 efetuado em parcela \u00fanica, com redu\u00e7\u00e3o de 10% ( dez por cento ) ou em tr\u00eas parcela sem redu\u00e7\u00e3o, obedecendo os seguintes crit\u00e9rios:<\/p>\n\n\n\n<p class=\"wp-block-paragraph\">a) 1\u00aa&nbsp; parcela correspondente a 40% ( quarenta por cento ) do valor imposto;<\/p>\n\n\n\n<p class=\"wp-block-paragraph\">b) 2\u00aa&nbsp; parcela correspondente a 30% ( trinta por cento ) do valor do imposto;<\/p>\n\n\n\n<p class=\"wp-block-paragraph\">c) 3\u00aa&nbsp; parcela correspondente a 30% ( trinta por cento ) do valor do imposto.<\/p>\n\n\n\n<p class=\"wp-block-paragraph\"><strong>Art. 3\u00b0<\/strong>&nbsp; O <strong>IPVA<\/strong> ter\u00e1 seu valor convertido para real, pela <strong>UFIR<\/strong> vigente no m\u00eas em que ocorrer o pagamento, inclusive nas hip\u00f3teses de parcelamento.<\/p>\n\n\n\n<p class=\"wp-block-paragraph\"><strong>Art 4\u00b0<\/strong> &nbsp;A Secretaria da Fazenda remeter\u00e1 aos propriet\u00e1rios de ve\u00edculos automotores, carn\u00ea devidamente preenchido, inclusive com data prefixada para o pagamento.<\/p>\n\n\n\n<p class=\"wp-block-paragraph\">Par\u00e1grafo \u00danico \u2013 Se o propriet\u00e1rio do veiculo n\u00e3o receber seu carn\u00ea at\u00e9 a data prevista para o pagamento do <strong>IPVA<\/strong>, dever\u00e1 procurar o setor de <strong>IPVA<\/strong> no <strong>DETRAN.<\/strong><\/p>\n\n\n\n<p class=\"wp-block-paragraph\"><strong>Art. 5\u00b0<\/strong>&nbsp; Os ve\u00edculos com mais de 20 ( vinte ) anos de fabrica\u00e7\u00e3o, ficam isentos do pagamento do <strong>IPVA.<\/strong><\/p>\n\n\n\n<p class=\"wp-block-paragraph\"><strong>Art 6\u00b0<\/strong>&nbsp; Esta Portaria entrar\u00e1 em vigor na data de sua publica\u00e7\u00e3o, revogada as disposi\u00e7\u00f5es em contr\u00e1rio.<\/p>\n\n\n\n<p class=\"wp-block-paragraph\">Registre-se. Publique-se. Cumpra-se.<\/p>\n\n\n\n<p class=\"wp-block-paragraph\">Rio Branco &#8211; AC, 27 de dezembro de 1999.<\/p>\n\n\n\n<p class=\"wp-block-paragraph\">&nbsp;<\/p>\n\n\n\n<p class=\"has-text-align-center wp-block-paragraph\"><\/p>\n\n\n\n<p class=\"has-text-align-center wp-block-paragraph\"><\/p>\n","protected":false},"excerpt":{"rendered":"<p>Aprova a tabela para base de c\u00e1lculo do Imposto sobre a Propriedade de Ve\u00edculos Automotores \u2013 IPVA, com os valores expressos em UFIR, para fins de cobran\u00e7a durante o exerc\u00edcio de 2000.<\/p>\n","protected":false},"author":5,"featured_media":0,"comment_status":"closed","ping_status":"closed","sticky":false,"template":"","format":"standard","meta":{"_acf_changed":false,"footnotes":""},"categories":[3,33],"tags":[29],"class_list":["post-4613","post","type-post","status-publish","format-standard","hentry","category-legislacao","category-portarias","tag-ipva"],"acf":[],"_links":{"self":[{"href":"https:\/\/sefaz.ac.gov.br\/2021\/index.php?rest_route=\/wp\/v2\/posts\/4613","targetHints":{"allow":["GET"]}}],"collection":[{"href":"https:\/\/sefaz.ac.gov.br\/2021\/index.php?rest_route=\/wp\/v2\/posts"}],"about":[{"href":"https:\/\/sefaz.ac.gov.br\/2021\/index.php?rest_route=\/wp\/v2\/types\/post"}],"author":[{"embeddable":true,"href":"https:\/\/sefaz.ac.gov.br\/2021\/index.php?rest_route=\/wp\/v2\/users\/5"}],"replies":[{"embeddable":true,"href":"https:\/\/sefaz.ac.gov.br\/2021\/index.php?rest_route=%2Fwp%2Fv2%2Fcomments&post=4613"}],"version-history":[{"count":0,"href":"https:\/\/sefaz.ac.gov.br\/2021\/index.php?rest_route=\/wp\/v2\/posts\/4613\/revisions"}],"wp:attachment":[{"href":"https:\/\/sefaz.ac.gov.br\/2021\/index.php?rest_route=%2Fwp%2Fv2%2Fmedia&parent=4613"}],"wp:term":[{"taxonomy":"category","embeddable":true,"href":"https:\/\/sefaz.ac.gov.br\/2021\/index.php?rest_route=%2Fwp%2Fv2%2Fcategories&post=4613"},{"taxonomy":"post_tag","embeddable":true,"href":"https:\/\/sefaz.ac.gov.br\/2021\/index.php?rest_route=%2Fwp%2Fv2%2Ftags&post=4613"}],"curies":[{"name":"wp","href":"https:\/\/api.w.org\/{rel}","templated":true}]}}