{"id":3873,"date":"2004-09-27T10:23:17","date_gmt":"2004-09-27T13:23:17","guid":{"rendered":"http:\/\/sefaz.acre.gov.br:80\/2021\/?p=3873"},"modified":"2023-04-24T11:56:52","modified_gmt":"2023-04-24T14:56:52","slug":"portaria-no-317-de-27-de-setembro-de-2004","status":"publish","type":"post","link":"https:\/\/sefaz.ac.gov.br\/2021\/?p=3873","title":{"rendered":"PORTARIA N\u00ba 317, DE 27 DE SETEMBRO DE 2004"},"content":{"rendered":"\n<p class=\"wp-block-paragraph\"><strong>O SECRET\u00c1RIO DE ESTADO DA FAZENDA E GEST\u00c3O P\u00daBLICA<\/strong>, no uso de suas atribui\u00e7\u00f5es legais na forma do Decreto 183\/75 definidas no regimento interno e amparado nas disposi\u00e7\u00f5es do art. 12, I, II, III, IV, da Lei complementar n\u00ba 07, de 30 de dezembro de 1982,<\/p>\n\n\n\n<p class=\"wp-block-paragraph\"><strong>R E S O L V E<\/strong>:<\/p>\n\n\n\n<p class=\"wp-block-paragraph\">Art. 1\u00ba&nbsp; Alterar&nbsp; o item 23.17,&nbsp; constante no anexo I da Portaria n\u00ba 272, de 25 de agosto de 2004, que estabelece a Pauta de Pre\u00e7os M\u00ednimos, que serve de base de c\u00e1lculo do ICMS, na entrada e sa\u00edda dos produtos que especifica:<\/p>\n\n\n\n<p class=\"has-text-align-center wp-block-paragraph\"><strong>SAMA\u00daMA E DEMAIS MADEIRAS BRANCAS<\/strong><\/p>\n\n\n\n<figure class=\"wp-block-table\"><table><thead><tr><td>23.17<\/td><td>Laminados<\/td><td>M<sup>3<\/sup><\/td><td>280,00<\/td><\/tr><\/thead><\/table><\/figure>\n\n\n\n<p class=\"wp-block-paragraph\">Art. 2\u00ba Esta Portaria entrar\u00e1 em vigor na data de sua publica\u00e7\u00e3o, com efeito retroativo a 15 de setembro de 2004.<\/p>\n\n\n\n<p class=\"wp-block-paragraph\">Registre-se, Publique-se, Cumpra-se.<\/p>\n\n\n\n<p class=\"wp-block-paragraph\">Rio Branco-Acre, 27 de setembro de 2004.<\/p>\n","protected":false},"excerpt":{"rendered":"<p>Alterar\u00a0 o item 23.17,\u00a0 constante no anexo I da Portaria n\u00ba 272, de 25 de agosto de 2004, que estabelece a Pauta de Pre\u00e7os M\u00ednimos.<\/p>\n","protected":false},"author":5,"featured_media":0,"comment_status":"closed","ping_status":"closed","sticky":false,"template":"","format":"standard","meta":{"_acf_changed":false,"footnotes":""},"categories":[3,33],"tags":[35],"class_list":["post-3873","post","type-post","status-publish","format-standard","hentry","category-legislacao","category-portarias","tag-icms"],"acf":[],"_links":{"self":[{"href":"https:\/\/sefaz.ac.gov.br\/2021\/index.php?rest_route=\/wp\/v2\/posts\/3873","targetHints":{"allow":["GET"]}}],"collection":[{"href":"https:\/\/sefaz.ac.gov.br\/2021\/index.php?rest_route=\/wp\/v2\/posts"}],"about":[{"href":"https:\/\/sefaz.ac.gov.br\/2021\/index.php?rest_route=\/wp\/v2\/types\/post"}],"author":[{"embeddable":true,"href":"https:\/\/sefaz.ac.gov.br\/2021\/index.php?rest_route=\/wp\/v2\/users\/5"}],"replies":[{"embeddable":true,"href":"https:\/\/sefaz.ac.gov.br\/2021\/index.php?rest_route=%2Fwp%2Fv2%2Fcomments&post=3873"}],"version-history":[{"count":0,"href":"https:\/\/sefaz.ac.gov.br\/2021\/index.php?rest_route=\/wp\/v2\/posts\/3873\/revisions"}],"wp:attachment":[{"href":"https:\/\/sefaz.ac.gov.br\/2021\/index.php?rest_route=%2Fwp%2Fv2%2Fmedia&parent=3873"}],"wp:term":[{"taxonomy":"category","embeddable":true,"href":"https:\/\/sefaz.ac.gov.br\/2021\/index.php?rest_route=%2Fwp%2Fv2%2Fcategories&post=3873"},{"taxonomy":"post_tag","embeddable":true,"href":"https:\/\/sefaz.ac.gov.br\/2021\/index.php?rest_route=%2Fwp%2Fv2%2Ftags&post=3873"}],"curies":[{"name":"wp","href":"https:\/\/api.w.org\/{rel}","templated":true}]}}