{"id":3839,"date":"2008-05-14T11:54:14","date_gmt":"2008-05-14T14:54:14","guid":{"rendered":"http:\/\/sefaz.acre.gov.br:80\/2021\/?p=3839"},"modified":"2023-04-27T09:31:13","modified_gmt":"2023-04-27T12:31:13","slug":"instrucao-normativa-no-01-de-14-de-maio-de-2008","status":"publish","type":"post","link":"https:\/\/sefaz.ac.gov.br\/2021\/?p=3839","title":{"rendered":"INSTRU\u00c7\u00c3O NORMATIVA N\u00ba 001, DE 14 DE MAIO DE 2008 (Revogada)"},"content":{"rendered":"\n<p class=\"wp-block-paragraph\"><strong>A DIRETORA DE ADMINISTRA\u00c7\u00c3O TRIBUT\u00c1RIA<\/strong>,<strong> <\/strong>no uso da atribui\u00e7\u00e3o que lhe confere o art. 25, inciso III do Regimento Interno da Secretaria de Estado da Fazenda, aprovado pelo Decreto n\u00ba 183, de 6 de outubro de 1975,<\/p>\n\n\n\n<p class=\"wp-block-paragraph\">Considerando o imperativo constitucional da legalidade, impessoalidade, moralidade e efici\u00eancia, inscritos no <strong>caput<\/strong> do art. 37 da CF\/88;<\/p>\n\n\n\n<p class=\"wp-block-paragraph\">Considerando, ademais, que incumbe \u00e0 administra\u00e7\u00e3o p\u00fablica garantir a seguran\u00e7a jur\u00eddica tanto dos atos que pratica quanto daqueles que exige, perante ela, serem praticados;<\/p>\n\n\n\n<p class=\"wp-block-paragraph\">Considerando, ainda, o disposto no inciso VIII do art. 3\u00ba, da Lei Complementar n\u00ba 87, de 13.09.96; no inciso VIII do art. 3.\u00b0, da Lei Complementar Estadual n\u00ba 55, de 9.07.97; no Conv\u00eanio ICMS n\u00ba 64\/06 e na tabela III, do anexo I, do T\u00edtulo VII do Decreto n\u00ba 008\/98.<\/p>\n\n\n\n<p class=\"wp-block-paragraph\"><strong>RESOLVE<\/strong>:<\/p>\n\n\n\n<p class=\"wp-block-paragraph\"><strong>Art. 1\u00ba\u00a0<\/strong> Nas opera\u00e7\u00f5es de arrendamento mercantil com ve\u00edculos automotores \u00e9 inexig\u00edvel o ICMS da pessoa f\u00edsica, n\u00e3o contribuinte do imposto, quando esta optar pela aquisi\u00e7\u00e3o do bem ao final do contrato.<\/p>\n\n\n\n<p class=\"wp-block-paragraph\">Par\u00e1grafo \u00fanico. O disposto neste artigo n\u00e3o se aplica aos casos de t\u00e9rmino do contrato de arrendamento mercantil de ve\u00edculos automotores antes do prazo previsto, situa\u00e7\u00e3o na qual o \u00f3rg\u00e3o de tr\u00e2nsito, somente proceder\u00e1 a conclus\u00e3o do procedimento de transfer\u00eancia mediante a comprova\u00e7\u00e3o do recolhimento do ICMS devido ao Estado do Acre;<\/p>\n\n\n\n<p class=\"wp-block-paragraph\"><strong>Art. 2\u00ba<\/strong>\u00a0A partir da segunda opera\u00e7\u00e3o de transfer\u00eancia de propriedade do mesmo ve\u00edculo, realizada pela empresa arrendadora, dever\u00e1 ser recolhido o ICMS, sobre o pre\u00e7o de mercado do ve\u00edculo, observada a legisla\u00e7\u00e3o pertinente.<\/p>\n\n\n\n<p class=\"wp-block-paragraph\"><strong>Art. 3\u00ba <\/strong>\u00a0Na opera\u00e7\u00e3o de venda de ve\u00edculo autopropulsado, realizada por pessoa jur\u00eddica que explore a atividade de produtor agropecu\u00e1rio, loca\u00e7\u00e3o de ve\u00edculos e arrendamento mercantil, antes de 12 (doze) meses da data da aquisi\u00e7\u00e3o junto \u00e0 montadora, dever\u00e1 ser efetuado o recolhimento do ICMS em favor do estado do domic\u00edlio do adquirente, nas condi\u00e7\u00f5es estabelecidas pelo Conv\u00eanio ICMS 64\/06.<\/p>\n\n\n\n<p class=\"wp-block-paragraph\"><strong>Art. 4\u00ba<\/strong> Esta Instru\u00e7\u00e3o Normativa entra em vigor na data de sua publica\u00e7\u00e3o.<\/p>\n\n\n\n<p class=\"wp-block-paragraph\">Rio Branco-Acre, 14 de maio de 2008.<\/p>\n","protected":false},"excerpt":{"rendered":"<p>Estabelece a n\u00e3o-exig\u00eancia do ICMS nas opera\u00e7\u00f5es de arrendamento mercantil de ve\u00edculos automotores, quando, ao final do contrato, o adquirente pessoa f\u00edsica, n\u00e3o contribuinte do imposto, optar pela aquisi\u00e7\u00e3o do bem.<\/p>\n","protected":false},"author":5,"featured_media":0,"comment_status":"closed","ping_status":"closed","sticky":false,"template":"","format":"standard","meta":{"_acf_changed":false,"footnotes":""},"categories":[34,3],"tags":[35],"class_list":["post-3839","post","type-post","status-publish","format-standard","hentry","category-instrucoes-normativas","category-legislacao","tag-icms"],"acf":[],"_links":{"self":[{"href":"https:\/\/sefaz.ac.gov.br\/2021\/index.php?rest_route=\/wp\/v2\/posts\/3839","targetHints":{"allow":["GET"]}}],"collection":[{"href":"https:\/\/sefaz.ac.gov.br\/2021\/index.php?rest_route=\/wp\/v2\/posts"}],"about":[{"href":"https:\/\/sefaz.ac.gov.br\/2021\/index.php?rest_route=\/wp\/v2\/types\/post"}],"author":[{"embeddable":true,"href":"https:\/\/sefaz.ac.gov.br\/2021\/index.php?rest_route=\/wp\/v2\/users\/5"}],"replies":[{"embeddable":true,"href":"https:\/\/sefaz.ac.gov.br\/2021\/index.php?rest_route=%2Fwp%2Fv2%2Fcomments&post=3839"}],"version-history":[{"count":0,"href":"https:\/\/sefaz.ac.gov.br\/2021\/index.php?rest_route=\/wp\/v2\/posts\/3839\/revisions"}],"wp:attachment":[{"href":"https:\/\/sefaz.ac.gov.br\/2021\/index.php?rest_route=%2Fwp%2Fv2%2Fmedia&parent=3839"}],"wp:term":[{"taxonomy":"category","embeddable":true,"href":"https:\/\/sefaz.ac.gov.br\/2021\/index.php?rest_route=%2Fwp%2Fv2%2Fcategories&post=3839"},{"taxonomy":"post_tag","embeddable":true,"href":"https:\/\/sefaz.ac.gov.br\/2021\/index.php?rest_route=%2Fwp%2Fv2%2Ftags&post=3839"}],"curies":[{"name":"wp","href":"https:\/\/api.w.org\/{rel}","templated":true}]}}