{"id":3778,"date":"2014-03-20T12:21:47","date_gmt":"2014-03-20T15:21:47","guid":{"rendered":"http:\/\/sefaz.acre.gov.br:80\/2021\/?p=3778"},"modified":"2023-04-27T09:34:25","modified_gmt":"2023-04-27T12:34:25","slug":"instrucao-normativa-diat-n-1-de-20-03-2014","status":"publish","type":"post","link":"https:\/\/sefaz.ac.gov.br\/2021\/?p=3778","title":{"rendered":"INSTRU\u00c7\u00c3O NORMATIVA DIAT N\u00b0 001, DE 20 DE MAR\u00c7O DE 2014"},"content":{"rendered":"\n<p class=\"wp-block-paragraph\"><strong>O DIRETOR DE ADMINISTRA\u00c7\u00c3O TRIBUT\u00c1RIA<\/strong>, no uso da atribui\u00e7\u00e3o que lhe confere o art. 25, III do Regimento Interno da Secretaria de Estado da Fazenda, aprovado pelo Decreto n.\u00ba 183, de 6 de outubro de 1975, <\/p>\n\n\n\n<p class=\"wp-block-paragraph\">Considerando o art. 519 do Regulamento do ICMS do Estado do Acre, aprovado pelo Decreto 008, de 26 de janeiro de 1998,<\/p>\n\n\n\n<p class=\"wp-block-paragraph\">Considerando que a tributa\u00e7\u00e3o de determinada mercadoria deve obedecer, via de regra, a crit\u00e9rios uniformes dentro dos limites do estado,<\/p>\n\n\n\n<p class=\"wp-block-paragraph\">Considerando que o g\u00eanero antecipa\u00e7\u00e3o tribut\u00e1ria compreende as esp\u00e9cies antecipa\u00e7\u00e3o sem substitui\u00e7\u00e3o, caso em que n\u00e3o h\u00e1 o encerramento da tributa\u00e7\u00e3o e antecipa\u00e7\u00e3o com substitui\u00e7\u00e3o, caso em que h\u00e1 o encerramento da tributa\u00e7\u00e3o, e<\/p>\n\n\n\n<p class=\"wp-block-paragraph\">Considerando que o art. 2\u00ba-A do Decreto 4.359, de 7 de novembro de 2001, acrescentado pelo Decreto 6.638, de 14 de novembro de 2013, estabeleceu a n\u00e3o aplicabilidade da antecipa\u00e7\u00e3o tribut\u00e1ria (com ou sem substitui\u00e7\u00e3o) e afastou a cobran\u00e7a do diferencial de al\u00edquotas nas opera\u00e7\u00f5es com farinha de trigo em sacos de 25 ou 50 kg e com pr\u00e9-mistura para p\u00e3o franc\u00eas,<\/p>\n\n\n\n<p class=\"wp-block-paragraph\"><strong>RESOLVE:<\/strong><\/p>\n\n\n\n<p class=\"wp-block-paragraph\">Art. 1\u00ba &nbsp;A partir de 18 de novembro de 2013 n\u00e3o est\u00e3o sujeitas \u00e0 substitui\u00e7\u00e3o tribut\u00e1ria e nem \u00e0 cobran\u00e7a de diferencial de al\u00edquotas, quando da entrada no estado do Acre, as opera\u00e7\u00f5es com farinha de trigo em sacos de 25 ou 50 kg e com pr\u00e9-mistura para p\u00e3o franc\u00eas, destinadas a empresas optantes pelo Simples Nacional ou submetidas ao regime normal de apura\u00e7\u00e3o (inciso I do art. 2\u00ba-A do Decreto 4.359, de 7 de novembro de 2001).<\/p>\n\n\n\n<p class=\"wp-block-paragraph\">Art. 2\u00ba &nbsp;A apura\u00e7\u00e3o do ICMS devido nas opera\u00e7\u00f5es com as mercadorias de que trata esta Instru\u00e7\u00e3o Normativa ser\u00e1 realizada pela sa\u00edda do estabelecimento do contribuinte, observados os incisos II e III do artigo 2\u00ba-A do Decreto 4.359, de 7 de novembro de 2001, em se tratando de empresas submetidas ao regimento normal de apura\u00e7\u00e3o, ou, de acordo com as regras da Lei Complementar 123, de 14 de dezembro de 2006, em se tratando de empresas optantes pelo Simples Nacional<\/p>\n\n\n\n<p class=\"wp-block-paragraph\">Art. 3\u00ba &nbsp;Esta Instru\u00e7\u00e3o Normativa entra em vigor na data de sua publica\u00e7\u00e3o.<\/p>\n\n\n\n<p class=\"wp-block-paragraph\">Rio Branco \u2013 Acre, 20 de mar\u00e7o de 2014.<\/p>\n\n\n\n<p class=\"has-text-align-center wp-block-paragraph\"><\/p>\n","protected":false},"excerpt":{"rendered":"<p>Disciplina a aplica\u00e7\u00e3o do art. 2-A do Decreto 4.359, de 7 de novembro de 2001, acrescentado pelo Decreto 6.638, de 14 de novembro de 2013, acerca da tributa\u00e7\u00e3o das  opera\u00e7\u00f5es com farinha de trigo embalada em sacos de 25 ou 50 kg e com pr\u00e9-mistura para p\u00e3o franc\u00eas.<\/p>\n","protected":false},"author":5,"featured_media":0,"comment_status":"closed","ping_status":"closed","sticky":false,"template":"","format":"standard","meta":{"_acf_changed":false,"footnotes":""},"categories":[34,3],"tags":[35],"class_list":["post-3778","post","type-post","status-publish","format-standard","hentry","category-instrucoes-normativas","category-legislacao","tag-icms"],"acf":[],"_links":{"self":[{"href":"https:\/\/sefaz.ac.gov.br\/2021\/index.php?rest_route=\/wp\/v2\/posts\/3778","targetHints":{"allow":["GET"]}}],"collection":[{"href":"https:\/\/sefaz.ac.gov.br\/2021\/index.php?rest_route=\/wp\/v2\/posts"}],"about":[{"href":"https:\/\/sefaz.ac.gov.br\/2021\/index.php?rest_route=\/wp\/v2\/types\/post"}],"author":[{"embeddable":true,"href":"https:\/\/sefaz.ac.gov.br\/2021\/index.php?rest_route=\/wp\/v2\/users\/5"}],"replies":[{"embeddable":true,"href":"https:\/\/sefaz.ac.gov.br\/2021\/index.php?rest_route=%2Fwp%2Fv2%2Fcomments&post=3778"}],"version-history":[{"count":0,"href":"https:\/\/sefaz.ac.gov.br\/2021\/index.php?rest_route=\/wp\/v2\/posts\/3778\/revisions"}],"wp:attachment":[{"href":"https:\/\/sefaz.ac.gov.br\/2021\/index.php?rest_route=%2Fwp%2Fv2%2Fmedia&parent=3778"}],"wp:term":[{"taxonomy":"category","embeddable":true,"href":"https:\/\/sefaz.ac.gov.br\/2021\/index.php?rest_route=%2Fwp%2Fv2%2Fcategories&post=3778"},{"taxonomy":"post_tag","embeddable":true,"href":"https:\/\/sefaz.ac.gov.br\/2021\/index.php?rest_route=%2Fwp%2Fv2%2Ftags&post=3778"}],"curies":[{"name":"wp","href":"https:\/\/api.w.org\/{rel}","templated":true}]}}