{"id":24427,"date":"2026-08-03T11:55:38","date_gmt":"2026-08-03T14:55:38","guid":{"rendered":"https:\/\/sefaz.ac.gov.br\/2021\/?p=24427"},"modified":"2026-08-18T11:44:10","modified_gmt":"2026-08-18T14:44:10","slug":"lei-no-4-834-de-3-de-agosto-de-2026","status":"publish","type":"post","link":"https:\/\/sefaz.ac.gov.br\/2021\/?p=24427","title":{"rendered":"LEI N\u00ba 4.834, DE 3 DE AGOSTO DE 2026"},"content":{"rendered":"<p><strong>A GOVERNADORA DO ESTADO DO ACRE<\/strong><\/p>\n<p><strong>FA\u00c7O SABER<\/strong> que a Assembleia Legislativa do Estado do Acre decreta e eu sanciono a seguinte Lei:<\/p>\n<p>Art. 1\u00ba Fica reduzida a base de c\u00e1lculo do Imposto sobre Opera\u00e7\u00f5es Relativas \u00e0 Circula\u00e7\u00e3o de Mercadorias e sobre Presta\u00e7\u00f5es de Servi\u00e7os de Transporte Interestadual e Intermunicipal e de Comunica\u00e7\u00e3o &#8211; ICMS incidente sobre as sa\u00eddas interestaduais de caf\u00e9 conilon cru, em coco ou em gr\u00e3o, produzido no Estado do Acre, destinadas a contribuinte do imposto, de forma que a carga tribut\u00e1ria efetiva resulte no percentual de 7% (sete por cento) sobre o valor da opera\u00e7\u00e3o.<\/p>\n<p>\u00a7 1\u00ba O benef\u00edcio de que trata o <strong>caput<\/strong> n\u00e3o alcan\u00e7a as opera\u00e7\u00f5es de sa\u00edda para os Estados de Mato Grosso e Rond\u00f4nia.<\/p>\n<p>\u00a7 2\u00ba O imposto destacado na respectiva nota fiscal dever\u00e1 ser recolhido mediante o respectivo documento de arrecada\u00e7\u00e3o, antes de iniciada a remessa.<\/p>\n<p>\u00a7 3\u00ba O pagamento do imposto devido ser\u00e1 efetuado a cada opera\u00e7\u00e3o, n\u00e3o sendo considerados quaisquer cr\u00e9ditos para a sua quita\u00e7\u00e3o.<\/p>\n<p>Art. 2\u00ba O benef\u00edcio de que trata esta Lei se aplica exclusivamente \u00e0s sa\u00eddas interestaduais promovidas por produtor rural, pessoa f\u00edsica ou jur\u00eddica, localizados no Estado do Acre.<\/p>\n<p>Art. 3\u00ba Fica o Poder Executivo autorizado a regulamentar e estabelecer condi\u00e7\u00f5es adicionais para frui\u00e7\u00e3o do benef\u00edcio de que trata esta Lei.<\/p>\n<p>Art. 4\u00ba Esta Lei entra em vigor na data de sua publica\u00e7\u00e3o, produzindo efeitos enquanto viger o Conv\u00eanio ICMS n\u00ba 17, de 27 de janeiro de 2026, observada suas prorroga\u00e7\u00f5es.<\/p>\n<p>Rio Branco &#8211; Acre, 3 de agosto de 2026, 138\u00ba da Rep\u00fablica, 124\u00ba do Tratado de Petr\u00f3polis e 65\u00ba do Estado do Acre.<\/p>\n","protected":false},"excerpt":{"rendered":"<p>Disp\u00f5e sobre a redu\u00e7\u00e3o da base de c\u00e1lculo do Imposto sobre Opera\u00e7\u00f5es Relativas \u00e0 Circula\u00e7\u00e3o de Mercadorias e sobre Presta\u00e7\u00f5es de Servi\u00e7os de Transporte Interestadual e Intermunicipal e de Comunica\u00e7\u00e3o &#8211; ICMS nas sa\u00eddas interestaduais de caf\u00e9 conilon cru, em coco ou em gr\u00e3o destinadas a contribuinte do imposto. <\/p>\n","protected":false},"author":5,"featured_media":0,"comment_status":"closed","ping_status":"closed","sticky":false,"template":"","format":"standard","meta":{"_acf_changed":false,"footnotes":""},"categories":[3,31],"tags":[35],"class_list":["post-24427","post","type-post","status-publish","format-standard","hentry","category-legislacao","category-leis-ordinarias","tag-icms"],"acf":[],"_links":{"self":[{"href":"https:\/\/sefaz.ac.gov.br\/2021\/index.php?rest_route=\/wp\/v2\/posts\/24427","targetHints":{"allow":["GET"]}}],"collection":[{"href":"https:\/\/sefaz.ac.gov.br\/2021\/index.php?rest_route=\/wp\/v2\/posts"}],"about":[{"href":"https:\/\/sefaz.ac.gov.br\/2021\/index.php?rest_route=\/wp\/v2\/types\/post"}],"author":[{"embeddable":true,"href":"https:\/\/sefaz.ac.gov.br\/2021\/index.php?rest_route=\/wp\/v2\/users\/5"}],"replies":[{"embeddable":true,"href":"https:\/\/sefaz.ac.gov.br\/2021\/index.php?rest_route=%2Fwp%2Fv2%2Fcomments&post=24427"}],"version-history":[{"count":1,"href":"https:\/\/sefaz.ac.gov.br\/2021\/index.php?rest_route=\/wp\/v2\/posts\/24427\/revisions"}],"predecessor-version":[{"id":24428,"href":"https:\/\/sefaz.ac.gov.br\/2021\/index.php?rest_route=\/wp\/v2\/posts\/24427\/revisions\/24428"}],"wp:attachment":[{"href":"https:\/\/sefaz.ac.gov.br\/2021\/index.php?rest_route=%2Fwp%2Fv2%2Fmedia&parent=24427"}],"wp:term":[{"taxonomy":"category","embeddable":true,"href":"https:\/\/sefaz.ac.gov.br\/2021\/index.php?rest_route=%2Fwp%2Fv2%2Fcategories&post=24427"},{"taxonomy":"post_tag","embeddable":true,"href":"https:\/\/sefaz.ac.gov.br\/2021\/index.php?rest_route=%2Fwp%2Fv2%2Ftags&post=24427"}],"curies":[{"name":"wp","href":"https:\/\/api.w.org\/{rel}","templated":true}]}}