{"id":24422,"date":"2026-08-10T09:46:25","date_gmt":"2026-08-10T12:46:25","guid":{"rendered":"https:\/\/sefaz.ac.gov.br\/2021\/?p=24422"},"modified":"2026-08-14T09:46:49","modified_gmt":"2026-08-14T12:46:49","slug":"decreto-no-11-940-de-10-de-agosto-de-2026","status":"publish","type":"post","link":"https:\/\/sefaz.ac.gov.br\/2021\/?p=24422","title":{"rendered":"DECRETO N\u00ba 11.940, DE 10 DE AGOSTO DE 2026"},"content":{"rendered":"<p><strong>A GOVERNADORA DO ESTADO DO ACRE<\/strong>, no uso da atribui\u00e7\u00e3o que lhe confere o art. 78, inciso VI, da Constitui\u00e7\u00e3o do Estado do Acre,<\/p>\n<p><strong>DECRETA: <\/strong><\/p>\n<p>Art. 1\u00ba O Decreto n\u00ba 7.793, de 20 de janeiro de 2021, passa a vigorar com a seguinte reda\u00e7\u00e3o:<\/p>\n<blockquote><p>\u201cArt. 3\u00ba Para usufruir dos benef\u00edcios do Programa, o sujeito passivo dever\u00e1 fazer a ades\u00e3o at\u00e9 30 de outubro de 2026, mediante assinatura e entrega do Termo de Ades\u00e3o ao Parcelamento e demais documentos necess\u00e1rios, segui\u00adda do pagamento da parcela \u00fanica ou da primeira parcela, ap\u00f3s o aceite da Secretaria de Estado da Fazenda &#8211; SEFAZ ou da Procuradoria-Geral do Es\u00adtado &#8211; PGE, caso inscrito em D\u00edvida Ativa, observando-se o disposto no \u00a7 5\u00ba.<\/p>\n<p>&#8230;\u201d (NR)<\/p><\/blockquote>\n<p>Art. 2\u00b0 Este Decreto entra em vigor na data de sua publica\u00e7\u00e3o, com efeitos a contar de 1\u00ba de agosto de 2026.<\/p>\n<p>Rio Branco &#8211; Acre, 10 de agosto de 2026, 138\u00ba da Rep\u00fablica, 124\u00ba do Tratado de Petr\u00f3polis e 65\u00ba do Estado do Acre.<\/p>\n","protected":false},"excerpt":{"rendered":"<p>Altera o Decreto n\u00ba 7.793, de 20 de janeiro de 2021, que regulamenta a Lei n\u00ba 3.673, de 31 de dezembro de 2020, que autorizou a institui\u00e7\u00e3o do Programa de Recupera\u00e7\u00e3o Fiscal 2021 &#8211; Refis 2021, para dispor sobre prazos. <\/p>\n","protected":false},"author":5,"featured_media":0,"comment_status":"closed","ping_status":"closed","sticky":false,"template":"","format":"standard","meta":{"_acf_changed":false,"footnotes":""},"categories":[32,3],"tags":[35,65],"class_list":["post-24422","post","type-post","status-publish","format-standard","hentry","category-decretos","category-legislacao","tag-icms","tag-refis"],"acf":[],"_links":{"self":[{"href":"https:\/\/sefaz.ac.gov.br\/2021\/index.php?rest_route=\/wp\/v2\/posts\/24422","targetHints":{"allow":["GET"]}}],"collection":[{"href":"https:\/\/sefaz.ac.gov.br\/2021\/index.php?rest_route=\/wp\/v2\/posts"}],"about":[{"href":"https:\/\/sefaz.ac.gov.br\/2021\/index.php?rest_route=\/wp\/v2\/types\/post"}],"author":[{"embeddable":true,"href":"https:\/\/sefaz.ac.gov.br\/2021\/index.php?rest_route=\/wp\/v2\/users\/5"}],"replies":[{"embeddable":true,"href":"https:\/\/sefaz.ac.gov.br\/2021\/index.php?rest_route=%2Fwp%2Fv2%2Fcomments&post=24422"}],"version-history":[{"count":2,"href":"https:\/\/sefaz.ac.gov.br\/2021\/index.php?rest_route=\/wp\/v2\/posts\/24422\/revisions"}],"predecessor-version":[{"id":24424,"href":"https:\/\/sefaz.ac.gov.br\/2021\/index.php?rest_route=\/wp\/v2\/posts\/24422\/revisions\/24424"}],"wp:attachment":[{"href":"https:\/\/sefaz.ac.gov.br\/2021\/index.php?rest_route=%2Fwp%2Fv2%2Fmedia&parent=24422"}],"wp:term":[{"taxonomy":"category","embeddable":true,"href":"https:\/\/sefaz.ac.gov.br\/2021\/index.php?rest_route=%2Fwp%2Fv2%2Fcategories&post=24422"},{"taxonomy":"post_tag","embeddable":true,"href":"https:\/\/sefaz.ac.gov.br\/2021\/index.php?rest_route=%2Fwp%2Fv2%2Ftags&post=24422"}],"curies":[{"name":"wp","href":"https:\/\/api.w.org\/{rel}","templated":true}]}}