{"id":23943,"date":"2026-02-25T09:43:18","date_gmt":"2026-02-25T12:43:18","guid":{"rendered":"https:\/\/sefaz.ac.gov.br\/2021\/?p=23943"},"modified":"2026-03-26T09:44:24","modified_gmt":"2026-03-26T12:44:24","slug":"portaria-sefaz-no-78-de-25-de-fevereiro-de-2026-2","status":"publish","type":"post","link":"https:\/\/sefaz.ac.gov.br\/2021\/?p=23943","title":{"rendered":"PORTARIA SEFAZ N\u00ba 78, DE 25 DE FEVEREIRO DE 2026"},"content":{"rendered":"<p><strong>O SECRET\u00c1RIO DE ESTADO DA FAZENDA<\/strong>, no uso de suas atribui\u00e7\u00f5es constitucionais e legais que lhe confere o Decreto n\u00ba 4.059-P, de 5 de junho de 2023, publicado no Di\u00e1rio Oficial n\u00ba 13.550, de 7 de junho de 2023;<\/p>\n<p>CONSIDERANDO o Decreto n\u00ba 11.253, de 5 de junho de 2023; e o art. 4\u00ba, XI e XII, da Portaria n\u00ba 513, de 20 de junho de 2023, que aprovou o Regimento Interno da Secretaria de Estado da Fazenda;<\/p>\n<p>CONSIDERANDO o Decreto n\u00ba 11.531, de 5 de agosto de 2024, que instituiu o Programa Nota Premiada Acreana;<\/p>\n<p>CONSIDERANDO a Portaria SEFAZ n\u00ba 439, de 7 de agosto de 2024, que estabelece normas e procedimentos operacionais do Programa Nota Premiada Acreana e suas altera\u00e7\u00f5es;<\/p>\n<p>CONSIDERANDO a Portaria SEFAZ n\u00ba 440, de 7 de agosto de 2024, que estabelece procedimentos para o cadastramento das Entidades sociais sem fins lucrativos no Programa Nota Premiada Acreana e suas altera\u00e7\u00f5es;<\/p>\n<p>CONSIDE\u00adRANDO o 16\u00ba Sorteio e rateio realizado em 12 de fevereiro de 2026;<\/p>\n<p>CONSIDERANDO o DESPACHO N\u00ba 22\/2026\/SEFAZ &#8211; DIGOVE (SEI 0019532681) exarado pela Diretoria de Governan\u00e7a e Gest\u00e3o Estrat\u00e9gica &#8211; DIGOVE; e<\/p>\n<p>CONSIDERANDO o constante dos autos do processo n\u00ba 0715.012497.00022\/2026-23.<\/p>\n<p><strong>RESOLVE: <\/strong><\/p>\n<p>Art. 1\u00ba Tornar p\u00fablico o resultado do 16\u00ba Sorteio e rateio, compet\u00eancia janeiro de 2026, realizado no dia 12 de fevereiro de 2026, com os ganhadores pessoas f\u00edsicas e entidades sociais (pessoas jur\u00eddicas), do Programa Nota Premiada Acreana, nos termos do \u00a7 2\u00ba do artigo 18 da Portaria SEFAZ n\u00ba 439, de 7 de agosto de 2024, conforme Anexo I desta Portaria.<\/p>\n<p>Art.2\u00ba O valor do rateio do Programa Nota Premiada Acreana, nos termos dos arts. 24 e 25, da Portaria SEFAZ n\u00ba 439, de 7 de agosto de 2024, ser\u00e1 distribu\u00eddo conforme demonstrado no Anexo II desta Portaria.<\/p>\n<p>Art.3\u00ba Os n\u00fameros dos bilhetes sorteados est\u00e3o dispon\u00edveis para consulta no Portal da Nota Premiada Acreana.<\/p>\n<p>Art.4\u00ba Esta Portaria entra em vigor na data de sua publica\u00e7\u00e3o.<\/p>\n<p>Rio Branco &#8211; Acre, 24 de fevereiro de 2026.<\/p>\n","protected":false},"excerpt":{"rendered":"<p>Tornar p\u00fablico o resultado do 16\u00ba Sorteio e rateio, compet\u00eancia janeiro de 2026, realizado no dia 12 de fevereiro de 2026, com os ganhadores pessoas f\u00edsicas e entidades sociais (pessoas jur\u00eddicas), do Programa Nota Premiada Acreana.<\/p>\n","protected":false},"author":5,"featured_media":0,"comment_status":"closed","ping_status":"closed","sticky":false,"template":"","format":"standard","meta":{"_acf_changed":false,"footnotes":""},"categories":[3,33],"tags":[122,70],"class_list":["post-23943","post","type-post","status-publish","format-standard","hentry","category-legislacao","category-portarias","tag-nota-premiada","tag-peef"],"acf":[],"_links":{"self":[{"href":"https:\/\/sefaz.ac.gov.br\/2021\/index.php?rest_route=\/wp\/v2\/posts\/23943","targetHints":{"allow":["GET"]}}],"collection":[{"href":"https:\/\/sefaz.ac.gov.br\/2021\/index.php?rest_route=\/wp\/v2\/posts"}],"about":[{"href":"https:\/\/sefaz.ac.gov.br\/2021\/index.php?rest_route=\/wp\/v2\/types\/post"}],"author":[{"embeddable":true,"href":"https:\/\/sefaz.ac.gov.br\/2021\/index.php?rest_route=\/wp\/v2\/users\/5"}],"replies":[{"embeddable":true,"href":"https:\/\/sefaz.ac.gov.br\/2021\/index.php?rest_route=%2Fwp%2Fv2%2Fcomments&post=23943"}],"version-history":[{"count":1,"href":"https:\/\/sefaz.ac.gov.br\/2021\/index.php?rest_route=\/wp\/v2\/posts\/23943\/revisions"}],"predecessor-version":[{"id":23944,"href":"https:\/\/sefaz.ac.gov.br\/2021\/index.php?rest_route=\/wp\/v2\/posts\/23943\/revisions\/23944"}],"wp:attachment":[{"href":"https:\/\/sefaz.ac.gov.br\/2021\/index.php?rest_route=%2Fwp%2Fv2%2Fmedia&parent=23943"}],"wp:term":[{"taxonomy":"category","embeddable":true,"href":"https:\/\/sefaz.ac.gov.br\/2021\/index.php?rest_route=%2Fwp%2Fv2%2Fcategories&post=23943"},{"taxonomy":"post_tag","embeddable":true,"href":"https:\/\/sefaz.ac.gov.br\/2021\/index.php?rest_route=%2Fwp%2Fv2%2Ftags&post=23943"}],"curies":[{"name":"wp","href":"https:\/\/api.w.org\/{rel}","templated":true}]}}