{"id":23552,"date":"2025-09-18T11:28:41","date_gmt":"2025-09-18T14:28:41","guid":{"rendered":"https:\/\/sefaz.ac.gov.br\/2021\/?p=23552"},"modified":"2026-03-13T11:29:15","modified_gmt":"2026-03-13T14:29:15","slug":"portaria-sefaz-no-534-de-18-de-setembro-de-2025","status":"publish","type":"post","link":"https:\/\/sefaz.ac.gov.br\/2021\/?p=23552","title":{"rendered":"PORTARIA SEFAZ N\u00ba 534, DE 18 DE SETEMBRO DE 2025"},"content":{"rendered":"<p><strong>O SECRET\u00c1RIO DE ESTADO DA FAZENDA<\/strong>, no uso de suas atribui\u00e7\u00f5es constitucionais e legais que lhe confere o Decreto n\u00ba 4.059-P, de 05 de junho de 2023, publicado no Di\u00e1rio Oficial n\u00ba 13.550, de 07 de junho de 2023;<\/p>\n<p>Considerando ao Despacho n\u00ba 142\/2025\/SEFAZ &#8211; DIGOVE (SEI 0017363588) exarado pela Diretoria de Governan\u00e7a e Gest\u00e3o Estrat\u00e9gica &#8211; DIGOVE; e<\/p>\n<p>Considerando o constante dos autos do processo n\u00ba 0715.019023.00049\/ 2025-88.<\/p>\n<p><strong>RESOLVE:<\/strong><\/p>\n<p>Art. 1\u00ba A Portaria n\u00ba 689, de 1\u00ba de novembro 2019, passa a vigorar com as seguintes altera\u00e7\u00f5es:<\/p>\n<blockquote><p>\u201cArt. 3\u00ba &#8230; &#8230;&#8230;&#8230;&#8230;&#8230;&#8230;&#8230;&#8230;&#8230;&#8230;&#8230;&#8230;&#8230;&#8230;&#8230;&#8230;&#8230;&#8230;&#8230;&#8230;&#8230;&#8230;&#8230;&#8230;&#8230;&#8230;&#8230;&#8230;&#8230;..<\/p>\n<p>I &#8211; &#8230;&#8230;&#8230;&#8230;&#8230;&#8230;&#8230;&#8230;&#8230;&#8230;&#8230;&#8230;&#8230;&#8230;&#8230;&#8230;&#8230;&#8230;&#8230;&#8230;&#8230;&#8230;&#8230;&#8230;&#8230;&#8230;&#8230;&#8230;&#8230;&#8230;&#8230;&#8230;&#8230;&#8230;.<\/p>\n<p>&#8230;&#8230;&#8230;&#8230;&#8230;&#8230;&#8230;&#8230;&#8230;&#8230;&#8230;&#8230;&#8230;&#8230;&#8230;&#8230;&#8230;&#8230;&#8230;&#8230;&#8230;&#8230;&#8230;&#8230;&#8230;&#8230;&#8230;&#8230;&#8230;&#8230;&#8230;&#8230;&#8230;&#8230;&#8230;.<\/p>\n<p>b) do Registro 1400, os dados do rateio de que trata o \u00a7 6\u00ba do art. 2\u00ba, no caso de empresas prestadoras de servi\u00e7o de comunica\u00e7\u00e3o ou telecomunica\u00e7\u00e3o;<\/p>\n<p>&#8230;&#8230;&#8230;&#8230;&#8230;&#8230;&#8230;&#8230;&#8230;&#8230;&#8230;&#8230;&#8230;&#8230;&#8230;&#8230;&#8230;&#8230;&#8230;&#8230;&#8230;&#8230;&#8230;&#8230;&#8230;&#8230;&#8230;&#8230;&#8230;&#8230;&#8230;<\/p>\n<p>XI &#8211; do Bilhete de Passagens Eletr\u00f4nica BP-e, modelo 63, os valores dos servi\u00e7os de transportes intermunicipal ou interestadual de passageiros.\u201d (NR)<\/p>\n<p>&#8230;&#8230;&#8230;&#8230;&#8230;&#8230;&#8230;&#8230;&#8230;&#8230;&#8230;&#8230;&#8230;&#8230;&#8230;&#8230;&#8230;&#8230;&#8230;&#8230;&#8230;&#8230;&#8230;&#8230;&#8230;&#8230;&#8230;&#8230;&#8230;&#8230;&#8230;&#8230;&#8230;&#8230;&#8230;.<\/p>\n<p>\u201cArt. 5\u00ba O Valor Adicionado Fiscal (VAF) corresponder\u00e1 ao Valor das Sa\u00eddas (VS) subtra\u00eddo o Valor das Entradas (VE), acrescido do Valor Adicionado de Inscri\u00e7\u00e3o Centralizada (VAIC), do Valor Adicionado dos Autos de Infra\u00e7\u00e3o (VAAI), do Valor Adicionado do Fornecimento de Energia El\u00e9trica (VAFE), do Valor Adicionado do Transporte de Passageiros (VATP), mais 32% da Receita do Simples Nacional (RSN), do valor das Opera\u00e7\u00f5es com Nota Fiscal Avulsa (ONFA), do valor das Entradas de Produtos Extrativistas e Agropecu\u00e1rios (EPEA), do valor das Opera\u00e7\u00f5es Declaradas em Den\u00fancias Espont\u00e2neas (ODDE) e do valor das Presta\u00e7\u00f5es de Transportes Aut\u00f4nomos (PTA), obtido pela seguinte express\u00e3o matem\u00e1tica:<\/p>\n<p>VAF = VS \u2013 VE + VAIC + VAAI + VAFE + VATP+ 32% (RSN + ONFA + EPEA+ ODDE + PTA)<\/p>\n<p>&#8230;&#8230;&#8230;&#8230;&#8230;&#8230;&#8230;&#8230;&#8230;&#8230;&#8230;&#8230;&#8230;&#8230;&#8230;&#8230;&#8230;&#8230;&#8230;&#8230;&#8230;&#8230;&#8230;&#8230;&#8230;&#8230;&#8230;&#8230;&#8230;&#8230;&#8230;<\/p>\n<p>\u00a7 5\u00ba-A A vari\u00e1vel VATP da express\u00e3o matem\u00e1tica definida no caput \u00e9 obtida pelo rateio do faturamento da presta\u00e7\u00e3o de servi\u00e7o de transporte de passageiro para cada munic\u00edpio onde foi iniciada a presta\u00e7\u00e3o, apurado com base nos documentos de BP-e emitidos, deduzido o valor das entradas apuradas na forma do \u00a7 5\u00ba do art. 2\u00ba e rateadas para cada munic\u00edpio na mesma propor\u00e7\u00e3o do faturamento.\u201d (NR)<\/p><\/blockquote>\n<p>Art. 2\u00ba Esta Portaria entra em vigor na data da sua publica\u00e7\u00e3o.<\/p>\n<p>Rio Branco &#8211; Acre, 18 de setembro de 2025.<\/p>\n","protected":false},"excerpt":{"rendered":"<p>Altera a Portaria n\u00ba 689, de 1\u00ba de novembro 2019.<\/p>\n","protected":false},"author":5,"featured_media":0,"comment_status":"closed","ping_status":"closed","sticky":false,"template":"","format":"standard","meta":{"_acf_changed":false,"footnotes":""},"categories":[3,33],"tags":[55,35],"class_list":["post-23552","post","type-post","status-publish","format-standard","hentry","category-legislacao","category-portarias","tag-codip","tag-icms"],"acf":[],"_links":{"self":[{"href":"https:\/\/sefaz.ac.gov.br\/2021\/index.php?rest_route=\/wp\/v2\/posts\/23552","targetHints":{"allow":["GET"]}}],"collection":[{"href":"https:\/\/sefaz.ac.gov.br\/2021\/index.php?rest_route=\/wp\/v2\/posts"}],"about":[{"href":"https:\/\/sefaz.ac.gov.br\/2021\/index.php?rest_route=\/wp\/v2\/types\/post"}],"author":[{"embeddable":true,"href":"https:\/\/sefaz.ac.gov.br\/2021\/index.php?rest_route=\/wp\/v2\/users\/5"}],"replies":[{"embeddable":true,"href":"https:\/\/sefaz.ac.gov.br\/2021\/index.php?rest_route=%2Fwp%2Fv2%2Fcomments&post=23552"}],"version-history":[{"count":2,"href":"https:\/\/sefaz.ac.gov.br\/2021\/index.php?rest_route=\/wp\/v2\/posts\/23552\/revisions"}],"predecessor-version":[{"id":23554,"href":"https:\/\/sefaz.ac.gov.br\/2021\/index.php?rest_route=\/wp\/v2\/posts\/23552\/revisions\/23554"}],"wp:attachment":[{"href":"https:\/\/sefaz.ac.gov.br\/2021\/index.php?rest_route=%2Fwp%2Fv2%2Fmedia&parent=23552"}],"wp:term":[{"taxonomy":"category","embeddable":true,"href":"https:\/\/sefaz.ac.gov.br\/2021\/index.php?rest_route=%2Fwp%2Fv2%2Fcategories&post=23552"},{"taxonomy":"post_tag","embeddable":true,"href":"https:\/\/sefaz.ac.gov.br\/2021\/index.php?rest_route=%2Fwp%2Fv2%2Ftags&post=23552"}],"curies":[{"name":"wp","href":"https:\/\/api.w.org\/{rel}","templated":true}]}}