{"id":23546,"date":"2026-02-06T10:37:39","date_gmt":"2026-02-06T13:37:39","guid":{"rendered":"https:\/\/sefaz.ac.gov.br\/2021\/?p=23546"},"modified":"2026-03-13T10:38:37","modified_gmt":"2026-03-13T13:38:37","slug":"portaria-sefaz-no-49-de-6-de-fevereiro-de-2026","status":"publish","type":"post","link":"https:\/\/sefaz.ac.gov.br\/2021\/?p=23546","title":{"rendered":"PORTARIA SEFAZ N\u00ba 49, DE 6 DE FEVEREIRO DE 2026"},"content":{"rendered":"<p><strong>O SECRET\u00c1RIO DE ESTADO DA FAZENDA<\/strong>, no uso de suas atribui\u00e7\u00f5es constitucionais e legais que lhe confere o Decreto n\u00ba 4.059-P, de 5 de junho de 2023, publicado no Di\u00e1rio Oficial n\u00ba 13.550, de 7 de junho de 2023;<\/p>\n<p>CONSIDERANDO o Decreto n\u00ba 11.253, de 5 de junho de 2023; e o art.4\u00ba, XI e XII, da Portaria n\u00ba 513 de 20 de junho de 2023, que aprovou o Regimento Interno da Secretaria de Estado da Fazenda;<\/p>\n<p>CONSIDERANDO o disposto na Lei n\u00ba 3.783, de 13 de outubro de 2021, que instituiu o Programa Estadual de Cidadania Fiscal &#8211; PECF;<\/p>\n<p>CONSIDERANDO o disposto no Decreto n\u00ba 11.531, de 5 de agosto de 2024, que instituiu a Nota Premiada Acreana;<\/p>\n<p>CONSIDERANDO a Portaria SEFAZ n\u00ba 619, de 5 de novembro de 2024, que designa os impedidos de participar do sorteio do Programa Nota Premiada Acreana;<\/p>\n<p>CONSIDERANDO o Despacho n\u00ba 183\/2025\/SEFAZ &#8211; DIGO\u00adVE (SEI 0018798441) exarado pela Diretoria de Governan\u00e7a e Gest\u00e3o Estra\u00adt\u00e9gica &#8211; DIGOVE; e<\/p>\n<p>CONSIDERANDO o constante dos autos do processo n\u00ba 0715.012497.00276\/ 2025-61.<\/p>\n<p><strong>RESOLVE: <\/strong><\/p>\n<p>Art. 1\u00ba A Portaria SEFAZ n\u00ba 439, de 7 de agosto de 2023, passa a vigorar com as seguintes altera\u00e7\u00f5es:<\/p>\n<blockquote><p>\u201cArt. 5\u00ba &#8230;<\/p>\n<p>&#8230;<\/p>\n<p>IV \u2013 servidores p\u00fablicos vinculados aos quadros efetivo, em comiss\u00e3o, espe\u00adcial e provis\u00f3rio em extin\u00e7\u00e3o, bem como os prestadores de servi\u00e7os terceiriza\u00addos e bolsistas em atividade na SEFAZ; (NR)<\/p>\n<p>V &#8211; os funcion\u00e1rios da empresa prestadora de servi\u00e7o de Tecnologia de Infor\u00adma\u00e7\u00e3o lotados na SEFAZ. (AC)<\/p>\n<p>&#8230;.<\/p>\n<p>Art. 22&#8230;..<\/p>\n<p>&#8230;.<\/p>\n<p>\u00a7 3\u00ba Os pr\u00eamios ser\u00e3o entregues aos participantes pessoas f\u00edsicas contem\u00adplados nos sorteios, mediante dep\u00f3sito em conta banc\u00e1ria de sua titularidade, no prazo de at\u00e9 45 (quarenta e cinco) dias a contar do deferimento da solici\u00adta\u00e7\u00e3o. (NR)<\/p>\n<p>\u00a7 4\u00ba Para efeito do Programa, o nome do participante pessoa f\u00edsica dever\u00e1 es\u00adtar em conformidade com o registro constante no banco de dados da Receita Federal. (AC)<\/p>\n<p>&#8230;.<\/p>\n<p>Art. 26. Os pr\u00eamios ser\u00e3o entregues aos participantes entidades sociais, me\u00addiante dep\u00f3sito em conta banc\u00e1ria de sua titularidade, no prazo de at\u00e9 60 (sessenta) dias a partir do deferimento da solicita\u00e7\u00e3o, em montante corres\u00adpondente ao somat\u00f3rio das premia\u00e7\u00f5es mensais e rateios a que fizer jus. (NR)<\/p>\n<p>Art. 26-A. Para efeito do Programa, o nome do participante entidade social dever\u00e1 estar em conformidade com o nome empresarial constante no banco de dados da Receita Federal. (AC)<\/p>\n<p>&#8230;.<\/p>\n<p>Art. 32-A. A entidade social ter\u00e1 o prazo de 90 (noventa) dias, contados da data de publica\u00e7\u00e3o da Portaria do sorteio com o nome dos contemplados no DOE, para solicitar o pr\u00eamio e comprovar sua regularidade. (NR)<\/p>\n<p>\u00a7 1\u00ba Para a comprova\u00e7\u00e3o de regularidade e recebimento dos pr\u00eamios, os parti\u00adcipantes entidades sociais, contemplados nos sorteios e rateios dever\u00e3o apre\u00adsentar, no momento da solicita\u00e7\u00e3o, os seguintes documentos:<\/p>\n<p>I \u2013 Formul\u00e1rio de Solicita\u00e7\u00e3o do Pr\u00eamio;<\/p>\n<p>II \u2013 Certid\u00e3o Negativa da Fazenda Estadual;<\/p>\n<p>III \u2013 Certid\u00e3o negativa de d\u00e9bitos inscritos na D\u00edvida Ativa;<\/p>\n<p>IV \u2013 Recibo de Pagamento do Pr\u00eamio;<\/p>\n<p>V \u2013 Comprovante de Cadastro de Credor.\u201d (NR)<\/p>\n<p>&#8230;.<\/p>\n<p><strong>\u201cANEXO VIII<\/strong><\/p>\n<p>&#8230;<\/p>\n<table width=\"609\">\n<tbody>\n<tr>\n<td width=\"92\"><strong>Regional <\/strong><\/td>\n<td width=\"104\"><strong>Baixo Acre <\/strong><\/td>\n<td width=\"104\"><strong>Alto Acre <\/strong><\/td>\n<td width=\"104\"><strong>Tarauac\u00e1 &#8211; Envira <\/strong><\/td>\n<td width=\"104\"><strong>Purus <\/strong><\/td>\n<td width=\"101\"><strong>Juru\u00e1 <\/strong><\/td>\n<\/tr>\n<tr>\n<td width=\"92\">1\u00ba Pr\u00eamio<\/td>\n<td width=\"104\">R$ 5.000,00<\/td>\n<td width=\"104\">R$ 5.000,00<\/td>\n<td width=\"104\">R$ 5.000,00<\/td>\n<td width=\"104\">R$ 5.000,00<\/td>\n<td width=\"101\">R$ 5.000,00<\/td>\n<\/tr>\n<tr>\n<td width=\"92\">2\u00ba Pr\u00eamio<\/td>\n<td width=\"104\">R$ 10.000,00<\/td>\n<td width=\"104\">R$ 10.000,00<\/td>\n<td width=\"104\">R$ 10.000,00<\/td>\n<td width=\"104\">R$ 10.000,00<\/td>\n<td width=\"101\">R$ 10.000,00<\/td>\n<\/tr>\n<tr>\n<td width=\"92\">3\u00ba Pr\u00eamio<\/td>\n<td width=\"104\">R$ 20.000,00<\/td>\n<td width=\"104\">R$ 20.000,00<\/td>\n<td width=\"104\">R$ 20.000,00<\/td>\n<td width=\"104\">R$ 20.000,00<\/td>\n<td width=\"101\">R$ 20.000,00<\/td>\n<\/tr>\n<tr>\n<td width=\"92\">Sorteio<\/p>\n<p>Especial<\/td>\n<td width=\"104\">R$ 70.000,00<\/td>\n<td width=\"104\">R$ 70.000,00<\/td>\n<td width=\"104\">R$ 70.000,00<\/td>\n<td width=\"104\">R$ 70.000,00<\/td>\n<td width=\"101\">R$ 70.000,00<\/td>\n<\/tr>\n<tr>\n<td width=\"92\">Valor total l\u00edquido por regional<\/td>\n<td width=\"104\">R$ 105.000,00<\/td>\n<td width=\"104\">R$ 105.000,00<\/td>\n<td width=\"104\">R$ 105.000,00<\/td>\n<td width=\"104\">R$ 105.000,00<\/td>\n<td width=\"101\">R$ 105.000,00<\/td>\n<\/tr>\n<\/tbody>\n<\/table>\n<p>\u201d(NR)<\/p><\/blockquote>\n<p>Art. 2\u00ba Fica revogado o \u00a7 2\u00ba do artigo 32-A, da Portaria SEFAZ n\u00ba 439, de 7 de agosto de 2024.<\/p>\n<p>Art. 3\u00ba Esta Portaria entra em vigor na data de sua publica\u00e7\u00e3o, com efeitos a contar de 1\u00ba de janeiro de 2026.<\/p>\n<p>Rio Branco &#8211; Acre, 6 de fevereiro de 2026.<\/p>\n","protected":false},"excerpt":{"rendered":"<p>Altera a Portaria SEFAZ n\u00ba 439, de 7 de agosto de 2023.<\/p>\n","protected":false},"author":5,"featured_media":0,"comment_status":"closed","ping_status":"closed","sticky":false,"template":"","format":"standard","meta":{"_acf_changed":false,"footnotes":""},"categories":[3,33],"tags":[35,122,70],"class_list":["post-23546","post","type-post","status-publish","format-standard","hentry","category-legislacao","category-portarias","tag-icms","tag-nota-premiada","tag-peef"],"acf":[],"_links":{"self":[{"href":"https:\/\/sefaz.ac.gov.br\/2021\/index.php?rest_route=\/wp\/v2\/posts\/23546","targetHints":{"allow":["GET"]}}],"collection":[{"href":"https:\/\/sefaz.ac.gov.br\/2021\/index.php?rest_route=\/wp\/v2\/posts"}],"about":[{"href":"https:\/\/sefaz.ac.gov.br\/2021\/index.php?rest_route=\/wp\/v2\/types\/post"}],"author":[{"embeddable":true,"href":"https:\/\/sefaz.ac.gov.br\/2021\/index.php?rest_route=\/wp\/v2\/users\/5"}],"replies":[{"embeddable":true,"href":"https:\/\/sefaz.ac.gov.br\/2021\/index.php?rest_route=%2Fwp%2Fv2%2Fcomments&post=23546"}],"version-history":[{"count":1,"href":"https:\/\/sefaz.ac.gov.br\/2021\/index.php?rest_route=\/wp\/v2\/posts\/23546\/revisions"}],"predecessor-version":[{"id":23547,"href":"https:\/\/sefaz.ac.gov.br\/2021\/index.php?rest_route=\/wp\/v2\/posts\/23546\/revisions\/23547"}],"wp:attachment":[{"href":"https:\/\/sefaz.ac.gov.br\/2021\/index.php?rest_route=%2Fwp%2Fv2%2Fmedia&parent=23546"}],"wp:term":[{"taxonomy":"category","embeddable":true,"href":"https:\/\/sefaz.ac.gov.br\/2021\/index.php?rest_route=%2Fwp%2Fv2%2Fcategories&post=23546"},{"taxonomy":"post_tag","embeddable":true,"href":"https:\/\/sefaz.ac.gov.br\/2021\/index.php?rest_route=%2Fwp%2Fv2%2Ftags&post=23546"}],"curies":[{"name":"wp","href":"https:\/\/api.w.org\/{rel}","templated":true}]}}