{"id":23541,"date":"2026-02-06T10:28:41","date_gmt":"2026-02-06T13:28:41","guid":{"rendered":"https:\/\/sefaz.ac.gov.br\/2021\/?p=23541"},"modified":"2026-03-13T10:29:23","modified_gmt":"2026-03-13T13:29:23","slug":"portaria-sefaz-no-51-de-6-de-fevereiro-de-2026","status":"publish","type":"post","link":"https:\/\/sefaz.ac.gov.br\/2021\/?p=23541","title":{"rendered":"PORTARIA SEFAZ N\u00ba 51, DE 6 DE FEVEREIRO DE 2026"},"content":{"rendered":"<p><strong>O SECRET\u00c1RIO DE ESTADO DA FAZENDA<\/strong>, no uso de suas atribui\u00e7\u00f5es constitucionais e legais que lhe confere o Decreto n\u00ba 4.059-P, de 5 de junho de 2023, publicado no Di\u00e1rio Oficial n\u00ba 13.550, de 7 de junho de 2023;<\/p>\n<p>CONSIDERANDO o Decreto n\u00ba 11.253, de 5 de junho de 2023; e o art.4\u00ba, XI e XII, da Portaria n\u00ba 513 de 20 de junho de 2023, que aprovou o Regimento Interno da Secretaria de Estado da Fazenda;<\/p>\n<p>CONSIDERANDO a Comunica\u00e7\u00e3o Interna n\u00ba 19\/2026\/SEFAZ &#8211; DIGO\u00adVE (SEI 0019327971) exarada pela Diretoria de Governan\u00e7a e Gest\u00e3o Estra\u00adt\u00e9gica &#8211; DIGOVE; e<\/p>\n<p>Considerando o constante dos autos do Processo n\u00ba 0715.019023.00015\/ \u00a0\u00a02026-74.<\/p>\n<p><strong>RESOLVE:<\/strong><\/p>\n<p>Art.1\u00ba A Portaria SEFAZ n\u00ba 962, de 12 de dezembro de 2023, passa a vigorar com a seguinte altera\u00e7\u00e3o:<\/p>\n<blockquote><p>\u201cArt. 2\u00ba &#8230;<\/p>\n<p>XIV &#8211; Titular da Diretoria de Governan\u00e7a e Gest\u00e3o Estrat\u00e9gica &#8211; membro.<\/p>\n<p>\u00a7 2\u00ba A secretaria geral do Comit\u00ea Gestor ser\u00e1 exercida pelo titular da Diretoria de Governan\u00e7a e Gest\u00e3o Estrat\u00e9gica.\u201d (NR)<\/p><\/blockquote>\n<p>Art.2\u00ba Esta Portaria entra em vigor na data de sua publica\u00e7\u00e3o.<\/p>\n<p>Rio Branco &#8211; Acre, 6 de fevereiro de 2026.<\/p>\n","protected":false},"excerpt":{"rendered":"<p>Altera a Portaria SEFAZ n\u00ba 962, de 12 de dezembro de 2023.<\/p>\n","protected":false},"author":5,"featured_media":0,"comment_status":"closed","ping_status":"closed","sticky":false,"template":"","format":"standard","meta":{"_acf_changed":false,"footnotes":""},"categories":[3,33],"tags":[73,98],"class_list":["post-23541","post","type-post","status-publish","format-standard","hentry","category-legislacao","category-portarias","tag-legislacao-institucional-e-funcional","tag-planejamento-estrategico"],"acf":[],"_links":{"self":[{"href":"https:\/\/sefaz.ac.gov.br\/2021\/index.php?rest_route=\/wp\/v2\/posts\/23541","targetHints":{"allow":["GET"]}}],"collection":[{"href":"https:\/\/sefaz.ac.gov.br\/2021\/index.php?rest_route=\/wp\/v2\/posts"}],"about":[{"href":"https:\/\/sefaz.ac.gov.br\/2021\/index.php?rest_route=\/wp\/v2\/types\/post"}],"author":[{"embeddable":true,"href":"https:\/\/sefaz.ac.gov.br\/2021\/index.php?rest_route=\/wp\/v2\/users\/5"}],"replies":[{"embeddable":true,"href":"https:\/\/sefaz.ac.gov.br\/2021\/index.php?rest_route=%2Fwp%2Fv2%2Fcomments&post=23541"}],"version-history":[{"count":2,"href":"https:\/\/sefaz.ac.gov.br\/2021\/index.php?rest_route=\/wp\/v2\/posts\/23541\/revisions"}],"predecessor-version":[{"id":23543,"href":"https:\/\/sefaz.ac.gov.br\/2021\/index.php?rest_route=\/wp\/v2\/posts\/23541\/revisions\/23543"}],"wp:attachment":[{"href":"https:\/\/sefaz.ac.gov.br\/2021\/index.php?rest_route=%2Fwp%2Fv2%2Fmedia&parent=23541"}],"wp:term":[{"taxonomy":"category","embeddable":true,"href":"https:\/\/sefaz.ac.gov.br\/2021\/index.php?rest_route=%2Fwp%2Fv2%2Fcategories&post=23541"},{"taxonomy":"post_tag","embeddable":true,"href":"https:\/\/sefaz.ac.gov.br\/2021\/index.php?rest_route=%2Fwp%2Fv2%2Ftags&post=23541"}],"curies":[{"name":"wp","href":"https:\/\/api.w.org\/{rel}","templated":true}]}}