{"id":23535,"date":"2026-02-19T10:23:07","date_gmt":"2026-02-19T13:23:07","guid":{"rendered":"https:\/\/sefaz.ac.gov.br\/2021\/?p=23535"},"modified":"2026-03-13T10:25:47","modified_gmt":"2026-03-13T13:25:47","slug":"portaria-sefaz-no-63-de-19-de-fevereiro-de-2026","status":"publish","type":"post","link":"https:\/\/sefaz.ac.gov.br\/2021\/?p=23535","title":{"rendered":"PORTARIA SEFAZ N\u00ba 63, DE 19 DE FEVEREIRO DE 2026"},"content":{"rendered":"<p><strong>O SECRET\u00c1RIO DE ESTADO DA FAZENDA<\/strong>, no uso de suas atribui\u00e7\u00f5es constitucionais e legais que lhe confere o Decreto n\u00ba 4.059-P, de 5 de junho de 2023, publi\u00adcado no Di\u00e1rio Oficial n\u00ba 13.550, de 7 de junho de 2023;<\/p>\n<p>CONSIDERANDO o disposto no inciso XI do art. 4\u00ba do Regimento Interno da Secretaria de Estado da Fazen\u00adda, aprovado pela Portaria SEFAZ n\u00ba 513, de 20 de junho de 2023;<\/p>\n<p>CONSIDERANDO a necessidade de aprimorar a sustentabilidade fiscal por meio da moderniza\u00e7\u00e3o da gest\u00e3o fazend\u00e1ria, da organiza\u00e7\u00e3o da administra\u00e7\u00e3o tribut\u00e1ria e da gest\u00e3o eficiente das despesas p\u00fablicas;<\/p>\n<p>CONSIDERANDO a implementa\u00e7\u00e3o do Projeto de Moderniza\u00e7\u00e3o da Gest\u00e3o Fiscal do Estado do Acre (PROFISCO\/AC III);<\/p>\n<p>CONSIDERANDO \u00e0 Comunica\u00e7\u00e3o Interna n\u00ba 22\/2026\/SEFAZ &#8211; DIGOVE (SEI 0019395472) exarada pela Diretoria de Governan\u00e7a e Gest\u00e3o Estrat\u00e9gica &#8211; DIGOVE; e<\/p>\n<p>CONSIDERANDO o constante dos autos do processo SEI n\u00ba 0715.019023.000 18\/2026-16,<\/p>\n<p><strong>RESOLVE:<\/strong><\/p>\n<p>Art. 1\u00ba A Unidade de Coordena\u00e7\u00e3o de Programas \u2013 UCP do Projeto de Moderniza\u00e7\u00e3o da Gest\u00e3o Fiscal do Estado do Acre ser\u00e1 gerenciada pela Secretaria de Estado da Fazenda \u2013 SEFAZ, sob supervis\u00e3o direta do(a) Secret\u00e1rio(a) de Estado da Fazenda e da Diretoria de Governan\u00e7a e Gest\u00e3o Estrat\u00e9gica \u2013 DIGOVE.<\/p>\n<p>Art. 2\u00ba A UCP\/SEFAZ, respons\u00e1vel pela coordena\u00e7\u00e3o e execu\u00e7\u00e3o do Projeto de Moderniza\u00e7\u00e3o da Gest\u00e3o Fiscal do Estado do Acre, tem por objetivo promover a automa\u00e7\u00e3o e a moderniza\u00e7\u00e3o da gest\u00e3o fiscal do Estado, em parceria com organismos de financiamento internos e externos.<\/p>\n<p>Art. 3\u00ba A estrutura b\u00e1sica da UCP\/SEFAZ ser\u00e1 composta pelos seguintes membros, sem preju\u00edzo de outras atribui\u00e7\u00f5es a serem definidas posteriormente:<\/p>\n<p>I \u2013 Adriano Magalh\u00e3es da Silva, Auditor Fiscal da Receita Estadual, Matr\u00edcula n\u00ba 9137025-5, como Coordenador-Geral da UCP;<\/p>\n<p>II \u2013 Gerliano Mouzinho Nunes, Gestor de Pol\u00edticas P\u00fablicas, Matr\u00edcula n\u00ba 9129421-2, como Coordenador Administrativo-Financeiro;<\/p>\n<p>III \u2013 Itamar Magalh\u00e3es da Silva, Auditor Fiscal da Receita Estadual, Matr\u00edcula n\u00ba 9119426-1, como Coordenador T\u00e9cnico;<\/p>\n<p>IV \u2013 Lonm\u00e1rio Moraes do Valle, Diretor de Planejamento e Execu\u00e7\u00e3o Or\u00e7ament\u00e1ria, Matr\u00edcula n\u00ba 907140-7, como Assessor de Planejamento e Monitoramento;<\/p>\n<p>V \u2013 Jos\u00e9 Eloy da Costa J\u00fanior, Auditor Fiscal da Receita Estadual, Matr\u00edcula n\u00ba 211508-3, como Assessor de Tecnologia da Informa\u00e7\u00e3o;<\/p>\n<p>VI \u2013 Wiulien dos Santos Ara\u00fajo, cargo em comiss\u00e3o do Grupo de Chefia, Assist\u00eancia e Assessoramento, refer\u00eancia CAS-8, Matr\u00edcula n\u00ba 9683901-1, como Assessor de Aquisi\u00e7\u00f5es.<\/p>\n<p>Art. 4\u00ba Compete \u00e0 UCP\/SEFAZ, na qualidade de unidade subordinada diretamente ao Departamento de Planejamento Estrat\u00e9gico e Capta\u00e7\u00e3o de Recursos \u2013 DEPEC:<\/p>\n<p>I \u2013 Coordenar e acompanhar a execu\u00e7\u00e3o dos projetos de moderniza\u00e7\u00e3o da gest\u00e3o fiscal do Estado do Acre;<\/p>\n<p>II \u2013 Coordenar e promover a moderniza\u00e7\u00e3o da gest\u00e3o fiscal do Estado do Acre, em parceria com organismos de financiamento internos e externos;<\/p>\n<p>III \u2013 assessorar a administra\u00e7\u00e3o fazend\u00e1ria e desenvolver atividades de planejamento, bem como coordenar, supervisionar e monitorar as a\u00e7\u00f5es referentes ao financiamento dos projetos;<\/p>\n<p>IV \u2013 Viabilizar o atendimento de demandas e requisitos dos projetos estrat\u00e9gicos da administra\u00e7\u00e3o fazend\u00e1ria;<\/p>\n<p>V \u2013 Apoiar e incentivar a capacita\u00e7\u00e3o de gestores com as melhores pr\u00e1ticas em gest\u00e3o de projetos, planejamento estrat\u00e9gico e melhoria de processos;<\/p>\n<p>VI \u2013 Contribuir para a gest\u00e3o do conhecimento, promovendo o interc\u00e2mbio de experi\u00eancias e ideias internamente, com outros \u00f3rg\u00e3os da administra\u00e7\u00e3o estadual e com administra\u00e7\u00f5es fazend\u00e1rias de outras unidades e esferas da administra\u00e7\u00e3o p\u00fablica;<\/p>\n<p>VII \u2013 coordenar as a\u00e7\u00f5es inerentes \u00e0 execu\u00e7\u00e3o administrativa, operacional, financeira e or\u00e7ament\u00e1ria relacionadas a programas e projetos de moderniza\u00e7\u00e3o fazend\u00e1ria;<\/p>\n<p>VIII \u2013 supervisionar e monitorar as atividades referentes aos estudos para a fundamenta\u00e7\u00e3o e prepara\u00e7\u00e3o das a\u00e7\u00f5es dos programas e projetos;<\/p>\n<p>IX \u2013 Acompanhar a implementa\u00e7\u00e3o, monitorar indicadores e mensurar oa lcance de metas e resultados relacionados a programas e projetos de moderniza\u00e7\u00e3o fazend\u00e1ria;<\/p>\n<p>X \u2013 Acompanhar as licita\u00e7\u00f5es referentes a aquisi\u00e7\u00f5es de bens e execu\u00e7\u00e3o de obras e servi\u00e7os, monitorar o processo de contrata\u00e7\u00e3o junto aos \u00f3rg\u00e3os compe\u00adtentes e os correspondentes contratos no \u00e2mbito dos projetos;<\/p>\n<p>XI \u2013 mobilizar, junto \u00e0s unidades administrativas da SEFAZ, o apoio log\u00edstico relacionado a suprimentos, transportes, viagens e materiais permanentes neces\u00ads\u00e1rios \u00e0s diversas atividades ou subprojetos; e<\/p>\n<p>XII \u2013 representar a SEFAZ na Comiss\u00e3o de Gest\u00e3o Fazend\u00e1ria \u2013 COGEF.<\/p>\n<p>Par\u00e1grafo \u00fanico. As fun\u00e7\u00f5es desempenhadas pelos membros da UCP\/SEFAZ s\u00e3o cumulativas e sem percep\u00e7\u00e3o de gratifica\u00e7\u00e3o, n\u00e3o havendo preju\u00edzo das atribui\u00e7\u00f5es de seus cargos de lota\u00e7\u00e3o de origem.<\/p>\n<p>Art. 5\u00ba Os atos oficiais da UCP\/SEFAZ encaminhados aos organismos internos e externos dever\u00e3o contar com o aval do(a) Secret\u00e1rio(a) de Estado da Fazenda.<\/p>\n<p>Art. 6\u00ba No exerc\u00edcio das atribui\u00e7\u00f5es necess\u00e1rias \u00e0 consecu\u00e7\u00e3o das finalidades elencadas no Projeto de Moderniza\u00e7\u00e3o da Gest\u00e3o Fiscal do Estado do Acre, a SEFAZ poder\u00e1 requisitar o apoio t\u00e9cnico e operacional de outras institui\u00e7\u00f5es do Poder Executivo.<\/p>\n<p>Art. 7\u00ba Ficam revogadas as Portarias n\u00ba 662 e 663, de 9 de outubro de 2019.<\/p>\n<p>Art. 8\u00ba Esta Portaria entra em vigor na data de sua publica\u00e7\u00e3o.<\/p>\n<p>Rio Branco &#8211; Acre, 19 de fevereiro de 2026.<\/p>\n","protected":false},"excerpt":{"rendered":"<p>Disp\u00f5e sobre a Unidade de Coordena\u00e7\u00e3o de Programas \u2013 UCP do Projeto de Moderniza\u00e7\u00e3o da Gest\u00e3o Fiscal do Estado do Acre.<\/p>\n","protected":false},"author":5,"featured_media":0,"comment_status":"closed","ping_status":"closed","sticky":false,"template":"","format":"standard","meta":{"_acf_changed":false,"footnotes":""},"categories":[3,33],"tags":[73],"class_list":["post-23535","post","type-post","status-publish","format-standard","hentry","category-legislacao","category-portarias","tag-legislacao-institucional-e-funcional"],"acf":[],"_links":{"self":[{"href":"https:\/\/sefaz.ac.gov.br\/2021\/index.php?rest_route=\/wp\/v2\/posts\/23535","targetHints":{"allow":["GET"]}}],"collection":[{"href":"https:\/\/sefaz.ac.gov.br\/2021\/index.php?rest_route=\/wp\/v2\/posts"}],"about":[{"href":"https:\/\/sefaz.ac.gov.br\/2021\/index.php?rest_route=\/wp\/v2\/types\/post"}],"author":[{"embeddable":true,"href":"https:\/\/sefaz.ac.gov.br\/2021\/index.php?rest_route=\/wp\/v2\/users\/5"}],"replies":[{"embeddable":true,"href":"https:\/\/sefaz.ac.gov.br\/2021\/index.php?rest_route=%2Fwp%2Fv2%2Fcomments&post=23535"}],"version-history":[{"count":2,"href":"https:\/\/sefaz.ac.gov.br\/2021\/index.php?rest_route=\/wp\/v2\/posts\/23535\/revisions"}],"predecessor-version":[{"id":23540,"href":"https:\/\/sefaz.ac.gov.br\/2021\/index.php?rest_route=\/wp\/v2\/posts\/23535\/revisions\/23540"}],"wp:attachment":[{"href":"https:\/\/sefaz.ac.gov.br\/2021\/index.php?rest_route=%2Fwp%2Fv2%2Fmedia&parent=23535"}],"wp:term":[{"taxonomy":"category","embeddable":true,"href":"https:\/\/sefaz.ac.gov.br\/2021\/index.php?rest_route=%2Fwp%2Fv2%2Fcategories&post=23535"},{"taxonomy":"post_tag","embeddable":true,"href":"https:\/\/sefaz.ac.gov.br\/2021\/index.php?rest_route=%2Fwp%2Fv2%2Ftags&post=23535"}],"curies":[{"name":"wp","href":"https:\/\/api.w.org\/{rel}","templated":true}]}}