{"id":23532,"date":"2026-03-10T10:19:03","date_gmt":"2026-03-10T13:19:03","guid":{"rendered":"https:\/\/sefaz.ac.gov.br\/2021\/?p=23532"},"modified":"2026-03-13T10:19:34","modified_gmt":"2026-03-13T13:19:34","slug":"portaria-sefaz-no-123-de-10-de-marco-de-2026","status":"publish","type":"post","link":"https:\/\/sefaz.ac.gov.br\/2021\/?p=23532","title":{"rendered":"PORTARIA SEFAZ N\u00ba 123, DE 10 DE MAR\u00c7O DE 2026"},"content":{"rendered":"<p><strong>O SECRET\u00c1RIO DE ESTADO DA FAZENDA<\/strong>, no uso de suas atribui\u00e7\u00f5es constitucionais e legais que lhe confere o Decreto n\u00ba 4.059-P, de 05 de junho de 2023, publicado no Di\u00e1rio Oficial n\u00ba 13.550, de 07 de junho de 2023;<\/p>\n<p>CONSIDERANDO o Decreto n\u00ba 11.253, de 05 de junho de 2023; e o art. 4\u00ba, XI e XII, da Portaria n\u00ba 513 de 20 de junho de 2023, que aprovou o Regimento Interno da Secretaria de Estado da Fazenda;<\/p>\n<p>CONSIDERANDO o teor do art. 34 da Lei n\u00ba 2.265, de 31 de mar\u00e7o de 2010, com as altera\u00e7\u00f5es introduzidas pela Lei n\u00ba 2.730, de 22 de agosto de 2013, e as disposi\u00e7\u00f5es contidas no Decreto n\u00ba 5.587, de 12 de agosto de 2010, e suas altera\u00e7\u00f5es;<\/p>\n<p>CONSIDERANDO a aprova\u00e7\u00e3o do Relat\u00f3rio de Estabelecimento da Meta de Arrecada\u00e7\u00e3o e Resultado Global da Secretaria de Estado da Fazenda elaborado pelo Comit\u00ea de Estabelecimento da Meta e submetas para o exerc\u00edcio de 2026, nomeado atrav\u00e9s da Portaria SEFAZ n\u00ba 7, de 13 de janeiro de 2026, publicada no Di\u00e1rio Oficial do Estado n\u00ba 14.187 de 15 de janeiro de 2026;<\/p>\n<p>CONSIDERANDO o Despacho n\u00ba 305\/2026\/SEFAZ \u2013 CGSARE (SEI 0019783600) exarado pela Secretaria Adjunta da Receita Estadual \u2013 SARE; e<\/p>\n<p>CONSIDERANDO o constante dos autos do processo n\u00ba 0715.019023.00022\/ 2026-76.<\/p>\n<p><strong>RESOLVE:<\/strong><\/p>\n<p>Art. 1\u00ba Fica estabelecida a meta de arrecada\u00e7\u00e3o do Imposto Sobre Opera\u00e7\u00f5es Relativas \u00e0 Circula\u00e7\u00e3o de Mercadorias e Presta\u00e7\u00f5es de Servi\u00e7os de Transporte Interestadual e Intermunicipal e de Comunica\u00e7\u00e3o \u2013 ICMS e resultado global da Secretaria de Estado do Fazenda \u2013 SEFAZ para o exerc\u00edcio de 2026 no valor de R$ 2.238.464.858,62 (dois bilh\u00f5es, duzentos e trinta e oito milh\u00f5es, quatrocentos e sessenta e quatro mil, oitocentos e cinquenta e oito reais e sessenta e dois centavos).<\/p>\n<p>\u00a7 1\u00ba Para o exerc\u00edcio de 2026 o resultado global da SEFAZ ser\u00e1 aferido unicamente pela arrecada\u00e7\u00e3o do ICMS, inclu\u00eddos os juros e multas decorrentes do imposto e exclu\u00eddos os valores arrecadados na rubrica D\u00edvida Ativa.<\/p>\n<p>\u00a7 2\u00ba A meta de arrecada\u00e7\u00e3o estabelecida no <strong>caput<\/strong> ser\u00e1 dividida em duas submetas semestrais correspondentes a:<\/p>\n<p>I \u2013 47,97% (quarenta e sete inteiros e noventa e sete cent\u00e9simos por cento) da meta de arrecada\u00e7\u00e3o no primeiro semestre; e<\/p>\n<p>II \u2013 52,03% (cinquenta e dois inteiros e tr\u00eas cent\u00e9simos por cento) da meta de arrecada\u00e7\u00e3o no segundo semestre.<\/p>\n<p>\u00a7 3\u00ba A arrecada\u00e7\u00e3o do ICMS, para efeito de aferi\u00e7\u00e3o do cumprimento da meta estabelecida no <strong>caput<\/strong>, ser\u00e1 verificada pelo relat\u00f3rio \u201cArrecada\u00e7\u00e3o Mensal do ICMS Modelo I \u2013 Pagamento\u201d do M\u00f3dulo Arrecada\u00e7\u00e3o do Sistema Integrado de Administra\u00e7\u00e3o Tribut\u00e1ria \u2013 SIAT.<\/p>\n<p>Art. 2\u00ba A meta de arrecada\u00e7\u00e3o de 2026 poder\u00e1, atrav\u00e9s de ato do Secret\u00e1rio de Estado da Fazenda, ser revisada ap\u00f3s o encerramento do primeiro semestre e\/ou ao final do exerc\u00edcio, incluindo nessa revis\u00e3o a an\u00e1lise da varia\u00e7\u00e3o das previs\u00f5es dos \u00edndices de infla\u00e7\u00e3o e PIB para o exerc\u00edcio de 2026, a possibilidade de inclus\u00e3o da receita da D\u00edvida Ativa do ICMS na base de apura\u00e7\u00e3o do resultado global e outras ocorr\u00eancias que possam interferir positiva ou negativamente no atingimento do resultado.<\/p>\n<p>Art. 3\u00ba O pagamento do Pr\u00eamio Anual de Valoriza\u00e7\u00e3o da Atividade Fazend\u00e1ria por cumprimento da meta ser\u00e1 efetuado em duas parcelas, sendo o pagamento da primeira, a t\u00edtulo de adiantamento, efetuado ap\u00f3s a apura\u00e7\u00e3o e verifica\u00e7\u00e3o do cumprimento do resultado previsto no \u00a7 2\u00ba, inciso I, do art. 1\u00ba.<\/p>\n<p>Par\u00e1grafo \u00fanico. O pagamento da primeira parcela ser\u00e1 compensado por ocasi\u00e3o do pagamento do pr\u00eamio total, ap\u00f3s apura\u00e7\u00e3o do resultado anual.<\/p>\n<p>Art. 4\u00ba Esta Portaria entra em vigor na data da sua publica\u00e7\u00e3o.<\/p>\n<p>Rio Branco \u2013 Acre, 10 de mar\u00e7o de 2026.<\/p>\n","protected":false},"excerpt":{"rendered":"<p>Estabelece a meta de ICMS e resultado global da Secretaria de Estado do Fazenda \u2013 SEFAZ para o exerc\u00edcio de 2026<\/p>\n","protected":false},"author":5,"featured_media":0,"comment_status":"closed","ping_status":"closed","sticky":false,"template":"","format":"standard","meta":{"_acf_changed":false,"footnotes":""},"categories":[3,33],"tags":[35,98],"class_list":["post-23532","post","type-post","status-publish","format-standard","hentry","category-legislacao","category-portarias","tag-icms","tag-planejamento-estrategico"],"acf":[],"_links":{"self":[{"href":"https:\/\/sefaz.ac.gov.br\/2021\/index.php?rest_route=\/wp\/v2\/posts\/23532","targetHints":{"allow":["GET"]}}],"collection":[{"href":"https:\/\/sefaz.ac.gov.br\/2021\/index.php?rest_route=\/wp\/v2\/posts"}],"about":[{"href":"https:\/\/sefaz.ac.gov.br\/2021\/index.php?rest_route=\/wp\/v2\/types\/post"}],"author":[{"embeddable":true,"href":"https:\/\/sefaz.ac.gov.br\/2021\/index.php?rest_route=\/wp\/v2\/users\/5"}],"replies":[{"embeddable":true,"href":"https:\/\/sefaz.ac.gov.br\/2021\/index.php?rest_route=%2Fwp%2Fv2%2Fcomments&post=23532"}],"version-history":[{"count":2,"href":"https:\/\/sefaz.ac.gov.br\/2021\/index.php?rest_route=\/wp\/v2\/posts\/23532\/revisions"}],"predecessor-version":[{"id":23534,"href":"https:\/\/sefaz.ac.gov.br\/2021\/index.php?rest_route=\/wp\/v2\/posts\/23532\/revisions\/23534"}],"wp:attachment":[{"href":"https:\/\/sefaz.ac.gov.br\/2021\/index.php?rest_route=%2Fwp%2Fv2%2Fmedia&parent=23532"}],"wp:term":[{"taxonomy":"category","embeddable":true,"href":"https:\/\/sefaz.ac.gov.br\/2021\/index.php?rest_route=%2Fwp%2Fv2%2Fcategories&post=23532"},{"taxonomy":"post_tag","embeddable":true,"href":"https:\/\/sefaz.ac.gov.br\/2021\/index.php?rest_route=%2Fwp%2Fv2%2Ftags&post=23532"}],"curies":[{"name":"wp","href":"https:\/\/api.w.org\/{rel}","templated":true}]}}