{"id":23419,"date":"2026-02-02T16:05:08","date_gmt":"2026-02-02T19:05:08","guid":{"rendered":"https:\/\/sefaz.ac.gov.br\/2021\/?p=23419"},"modified":"2026-02-06T16:06:17","modified_gmt":"2026-02-06T19:06:17","slug":"portaria-sefaz-no-37-de-2-de-fevereiro-de-2026","status":"publish","type":"post","link":"https:\/\/sefaz.ac.gov.br\/2021\/?p=23419","title":{"rendered":"PORTARIA SEFAZ N\u00ba 37, DE 2 DE FEVEREIRO DE 2026"},"content":{"rendered":"<p><strong>O SECRET\u00c1RIO DE ESTADO DA FAZENDA<\/strong>, no uso de suas atribui\u00e7\u00f5es constitucionais e legais que lhe confere o Decreto n\u00ba 4.059-P, de 5 de junho de 2023, publicado no Di\u00e1rio Oficial n\u00ba 13.550, de 7 de junho de 2023;<\/p>\n<p>CONSIDERANDO o Decreto n\u00ba 11.253, de 5 de junho de 2023; e o art. 4\u00ba, XI e XII, da Portaria n\u00ba 513, de 20 de junho de 2023, que aprovou o Regimento Interno da Secretaria de Estado da Fazenda;<\/p>\n<p>CONSIDERANDO o Decreto n\u00ba 11.531, de 5 de agosto de 2024, que instituiu o Programa Nota Premiada Acreana;<\/p>\n<p>CONSIDERANDO a Portaria SEFAZ n\u00ba 439, de 7 de agosto de 2024, que estabelece normas e procedimentos operacionais do Programa Nota Premiada Acreana e suas altera\u00e7\u00f5es;<\/p>\n<p>CONSIDERANDO a Portaria SEFAZ n\u00ba 440, de 7 de agosto de 2024, que estabelece procedimentos para o cadastramento das Entidades sociais sem fins lucrativos no Programa Nota Premiada Acreana e suas altera\u00e7\u00f5es;<\/p>\n<p>CONSIDERANDO o 15\u00ba Sorteio e rateio realizado em 21 de janeiro de 2026;<\/p>\n<p>CONSIDERANDO a Comunica\u00e7\u00e3o Interna n\u00ba 14\/2026\/SEFAZ \u2013 DIGO\u00adVE (SEI 0019226411) exarada pela Diretoria de Governan\u00e7a e Gest\u00e3o Estrat\u00e9gica \u2013 DIGOVE; e<\/p>\n<p>CONSIDERANDO o constante dos autos do processo n\u00ba 0715.012497.00008\/ 2026-20.<\/p>\n<p><strong>RESOLVE: <\/strong><\/p>\n<p>Art. 1\u00ba Tornar p\u00fablico o resultado do 15\u00ba Sorteio e rateio, compet\u00eancia dezembro de 2025, realizado no dia 21 de janeiro de 2026, com os ganhadores pessoas f\u00edsicas e entidades sociais (pessoas jur\u00eddicas), do Programa Nota Premiada Acreana, nos termos do \u00a7 2\u00ba do artigo 18 da Portaria SEFAZ n\u00ba 439, de 7 de agosto de 2024, conforme Anexo I desta Portaria.<\/p>\n<p>Art. 2\u00ba O valor do rateio do Programa Nota Premiada Acreana, nos termos dos arts. 24 e 25, da Portaria SEFAZ n\u00ba 439, de 7 de agosto de 2024, ser\u00e1 distribu\u00eddo conforme demonstrado no Anexo II desta Portaria.<\/p>\n<p>Art. 3\u00ba Os n\u00fameros dos bilhetes sorteados est\u00e3o dispon\u00edveis para consulta no Portal da Nota Premiada Acreana.<\/p>\n<p>Art. 4\u00ba Esta Portaria entra em vigor na data de sua publica\u00e7\u00e3o.<\/p>\n<p>Rio Branco \u2013 Acre, 2 de fevereiro de 2026.<\/p>\n","protected":false},"excerpt":{"rendered":"<p>Tornar p\u00fablico o resultado do 15\u00ba Sorteio e rateio, compet\u00eancia dezembro de 2025, realizado no dia 21 de janeiro de 2026.<\/p>\n","protected":false},"author":5,"featured_media":0,"comment_status":"closed","ping_status":"closed","sticky":false,"template":"","format":"standard","meta":{"_acf_changed":false,"footnotes":""},"categories":[3,33],"tags":[122],"class_list":["post-23419","post","type-post","status-publish","format-standard","hentry","category-legislacao","category-portarias","tag-nota-premiada"],"acf":[],"_links":{"self":[{"href":"https:\/\/sefaz.ac.gov.br\/2021\/index.php?rest_route=\/wp\/v2\/posts\/23419","targetHints":{"allow":["GET"]}}],"collection":[{"href":"https:\/\/sefaz.ac.gov.br\/2021\/index.php?rest_route=\/wp\/v2\/posts"}],"about":[{"href":"https:\/\/sefaz.ac.gov.br\/2021\/index.php?rest_route=\/wp\/v2\/types\/post"}],"author":[{"embeddable":true,"href":"https:\/\/sefaz.ac.gov.br\/2021\/index.php?rest_route=\/wp\/v2\/users\/5"}],"replies":[{"embeddable":true,"href":"https:\/\/sefaz.ac.gov.br\/2021\/index.php?rest_route=%2Fwp%2Fv2%2Fcomments&post=23419"}],"version-history":[{"count":3,"href":"https:\/\/sefaz.ac.gov.br\/2021\/index.php?rest_route=\/wp\/v2\/posts\/23419\/revisions"}],"predecessor-version":[{"id":23422,"href":"https:\/\/sefaz.ac.gov.br\/2021\/index.php?rest_route=\/wp\/v2\/posts\/23419\/revisions\/23422"}],"wp:attachment":[{"href":"https:\/\/sefaz.ac.gov.br\/2021\/index.php?rest_route=%2Fwp%2Fv2%2Fmedia&parent=23419"}],"wp:term":[{"taxonomy":"category","embeddable":true,"href":"https:\/\/sefaz.ac.gov.br\/2021\/index.php?rest_route=%2Fwp%2Fv2%2Fcategories&post=23419"},{"taxonomy":"post_tag","embeddable":true,"href":"https:\/\/sefaz.ac.gov.br\/2021\/index.php?rest_route=%2Fwp%2Fv2%2Ftags&post=23419"}],"curies":[{"name":"wp","href":"https:\/\/api.w.org\/{rel}","templated":true}]}}