{"id":23413,"date":"2026-02-02T15:57:50","date_gmt":"2026-02-02T18:57:50","guid":{"rendered":"https:\/\/sefaz.ac.gov.br\/2021\/?p=23413"},"modified":"2026-02-06T16:00:29","modified_gmt":"2026-02-06T19:00:29","slug":"portaria-sefaz-no-40-de-2-fevereiro-de-2026","status":"publish","type":"post","link":"https:\/\/sefaz.ac.gov.br\/2021\/?p=23413","title":{"rendered":"PORTARIA SEFAZ N\u00ba 40, DE 2 FEVEREIRO DE 2026"},"content":{"rendered":"<p><strong>O SECRET\u00c1RIO DE ESTADO DA FAZENDA<\/strong>, no uso de suas atribui\u00e7\u00f5es constitucionais e legais que lhe confere o Decreto n\u00ba 4.059-P, de 5 de junho de 2023, publicado no Di\u00e1rio Oficial n\u00ba 13.550, de 7 de junho de 2023;<\/p>\n<p>CONSIDERANDO o disposto no inciso XI do art. 4\u00ba do Regimento Interno da Secretaria de Estado da Fazenda, aprovado pela Portaria SEFAZ n\u00ba 513, de 20 de junho de 2023;<\/p>\n<p>CONSIDERANDO o disposto no art. 8\u00ba, da Lei n\u00ba 3.532, de 30 de outubro de 2019, que institui o Conselho Deliberativo do \u00cdndice de Participa\u00e7\u00e3o dos Munic\u00edpios no Imposto sobre Opera\u00e7\u00f5es relativas \u00e0 Circula\u00e7\u00e3o de Mercadorias e sobre Presta\u00e7\u00f5es de Servi\u00e7os de Transporte Interestadual e Intermunicipal e de Comunica\u00e7\u00e3o \u2013 CODIP\/ICMS;<\/p>\n<p>CONSIDERANDO as indica\u00e7\u00f5es para membro do CODIP\/ICMS apresentadas pela Associa\u00e7\u00e3o dos Munic\u00edpios do Acre \u2013 AMAC atrav\u00e9s do E-mail \u2013 AMAC (SEI 0019254448);<\/p>\n<p>CONSIDERANDO COMUNI\u00adCA\u00c7\u00c3O INTERNA N\u00ba 1\/2026\/SEFAZ \u2013 CODIP\/ICMS (SEI 0019191615);<\/p>\n<p>CONSIDERANDO o constante dos autos do processo n\u00ba 0715.014078.00001\/ 2026-47.<\/p>\n<p><strong>RESOLVE:<\/strong><\/p>\n<p>Art. 1\u00ba Nomear os Membros do Conselho Deliberativo do \u00cdndice de Participa\u00e7\u00e3o dos Munic\u00edpios no Imposto sobre Opera\u00e7\u00f5es relativas \u00e0 Circula\u00e7\u00e3o de Mercado\u00adrias e sobre Presta\u00e7\u00f5es de Servi\u00e7os de Transporte Interestadual e Intermunicipal e de Comunica\u00e7\u00e3o (CODIP\/ICMS) para o exerc\u00edcio de 2026, conforme abaixo:<\/p>\n<p>I \u2013 Representantes da Secretaria de Estado da Fazenda:<\/p>\n<p>a) Cl\u00f3vis Monteiro Gomes, titular, que presidir\u00e1 o conselho; e<\/p>\n<p>b) Camila Fontinele da Silva Caruta, sua suplente;<\/p>\n<p>c) Rodrigo Alexandre Santos de Souza, titular; e<\/p>\n<p>d) Andr\u00e9 Hendler Mota, seu suplente;<\/p>\n<p>e) Itamar Magalh\u00e3es da Silva, titular; e<\/p>\n<p>f) Adriano Magalh\u00e3es da Silva, seu suplente;<\/p>\n<p>g) Hilton de Ara\u00fajo Santos, titular; e<\/p>\n<p>h) Breno Geovane Azevedo Caetano, seu suplente.<\/p>\n<p>II \u2013 Representantes das Prefeituras Municipais indicados pela AMAC:<\/p>\n<p>a) Camilo da Silva, titular; e<\/p>\n<p>b) Wilson Jos\u00e9 das Chagas Sena Leite, seu suplente;<\/p>\n<p>c) Sergio Lopes, titular, e<\/p>\n<p>d) Bruno Noberto, seu suplente;<\/p>\n<p>e) M\u00e1ximo Ant\u00f4nio de Souza Costa, titular; e<\/p>\n<p>f) V\u00e2nia Cl\u00e1udia Alves de Souza, sua suplente.<\/p>\n<p>Art. 2\u00ba Esta Portaria entra em vigor na data de sua publica\u00e7\u00e3o.<\/p>\n<p>Rio Branco \u2013 Acre, 2 de fevereiro de 2026.<\/p>\n","protected":false},"excerpt":{"rendered":"<p>Nomeia os Membros do Conselho Deliberativo do \u00cdndice de Participa\u00e7\u00e3o dos Munic\u00edpios no Imposto sobre Opera\u00e7\u00f5es relativas \u00e0 Circula\u00e7\u00e3o de Mercado\u00acrias e sobre Presta\u00e7\u00f5es de Servi\u00e7os de Transporte Interestadual e Intermunicipal e de Comunica\u00e7\u00e3o (CODIP\/ICMS) para o exerc\u00edcio de 2026.<\/p>\n","protected":false},"author":5,"featured_media":0,"comment_status":"closed","ping_status":"closed","sticky":false,"template":"","format":"standard","meta":{"_acf_changed":false,"footnotes":""},"categories":[3,33],"tags":[55,73],"class_list":["post-23413","post","type-post","status-publish","format-standard","hentry","category-legislacao","category-portarias","tag-codip","tag-legislacao-institucional-e-funcional"],"acf":[],"_links":{"self":[{"href":"https:\/\/sefaz.ac.gov.br\/2021\/index.php?rest_route=\/wp\/v2\/posts\/23413","targetHints":{"allow":["GET"]}}],"collection":[{"href":"https:\/\/sefaz.ac.gov.br\/2021\/index.php?rest_route=\/wp\/v2\/posts"}],"about":[{"href":"https:\/\/sefaz.ac.gov.br\/2021\/index.php?rest_route=\/wp\/v2\/types\/post"}],"author":[{"embeddable":true,"href":"https:\/\/sefaz.ac.gov.br\/2021\/index.php?rest_route=\/wp\/v2\/users\/5"}],"replies":[{"embeddable":true,"href":"https:\/\/sefaz.ac.gov.br\/2021\/index.php?rest_route=%2Fwp%2Fv2%2Fcomments&post=23413"}],"version-history":[{"count":2,"href":"https:\/\/sefaz.ac.gov.br\/2021\/index.php?rest_route=\/wp\/v2\/posts\/23413\/revisions"}],"predecessor-version":[{"id":23415,"href":"https:\/\/sefaz.ac.gov.br\/2021\/index.php?rest_route=\/wp\/v2\/posts\/23413\/revisions\/23415"}],"wp:attachment":[{"href":"https:\/\/sefaz.ac.gov.br\/2021\/index.php?rest_route=%2Fwp%2Fv2%2Fmedia&parent=23413"}],"wp:term":[{"taxonomy":"category","embeddable":true,"href":"https:\/\/sefaz.ac.gov.br\/2021\/index.php?rest_route=%2Fwp%2Fv2%2Fcategories&post=23413"},{"taxonomy":"post_tag","embeddable":true,"href":"https:\/\/sefaz.ac.gov.br\/2021\/index.php?rest_route=%2Fwp%2Fv2%2Ftags&post=23413"}],"curies":[{"name":"wp","href":"https:\/\/api.w.org\/{rel}","templated":true}]}}