{"id":23349,"date":"2026-01-16T14:27:03","date_gmt":"2026-01-16T17:27:03","guid":{"rendered":"https:\/\/sefaz.ac.gov.br\/2021\/?p=23349"},"modified":"2026-01-29T14:32:53","modified_gmt":"2026-01-29T17:32:53","slug":"portaria-sefaz-no-8-de-16-janeiro-de-2026","status":"publish","type":"post","link":"https:\/\/sefaz.ac.gov.br\/2021\/?p=23349","title":{"rendered":"PORTARIA SEFAZ N\u00ba 8, DE 16 JANEIRO DE 2026"},"content":{"rendered":"<p><strong>O SECRET\u00c1RIO DE ESTADO DA FAZENDA<\/strong>, no uso de suas atribui\u00e7\u00f5es constitucionais e legais que lhe confere o Decreto n\u00ba 4.059-P, de 05 de junho de 2023, publicado no Di\u00e1rio Oficial n\u00ba 13.550, de 07 de junho de 2023;<\/p>\n<p>CONSIDERANDO o disposto no inciso XI do art. 4\u00ba do Regimento Interno da Secretaria de Estado da Fazenda, aprovado pela Portaria SEFAZ n\u00ba 513, de 20 de junho de 2023;<\/p>\n<p>CONSIDERANDO o disposto no Decreto n\u00ba 11.253, de 05 de junho de 2023, que estabelece a Estrutura Organizacional B\u00e1sica da Secretaria de Estado da Fazenda \u2013 SEFAZ;<\/p>\n<p>CONSIDERANDO a necessidade de defini\u00e7\u00e3o das compet\u00eancias das unidades administrativas que comp\u00f5em a Estrutura Organizacional da SEFAZ na forma de seu Regimento Interno;<\/p>\n<p>CONSIDERANDO o DESPACHO N\u00ba 8\/2026\/SEFAZ \u2013 DIGOVE (SEI 0019057177) exarada pela Diretoria de Governan\u00e7a e Gest\u00e3o Estrat\u00e9gica \u2013 DIGOVE; e<\/p>\n<p>CONSIDERANDO o constante dos autos do processo n\u00ba 0715.019023.00008\/ 2026-72.<\/p>\n<p><strong>RESOLVE:<\/strong><\/p>\n<p>Art. 1\u00ba A Portaria n\u00ba 513, de 20 de junho de 2023, passa a vigorar com a seguinte altera\u00e7\u00e3o:<\/p>\n<blockquote><p>\u201c<strong>ANEXO I<\/strong><\/p>\n<p>&#8230;<\/p>\n<p>T\u00cdTULO III<\/p>\n<p>&#8230;<\/p>\n<p>Cap\u00edtulo III<\/p>\n<p>&#8230;<\/p>\n<p><strong>Se\u00e7\u00e3o IV<\/strong><\/p>\n<p>&#8230;<\/p>\n<p>Art. 8\u00ba &#8230;&#8230;&#8230;&#8230;&#8230;&#8230;&#8230;&#8230;&#8230;&#8230;&#8230;&#8230;&#8230;&#8230;&#8230;&#8230;&#8230;&#8230;&#8230;&#8230;&#8230;&#8230;&#8230;&#8230;&#8230;&#8230;&#8230;&#8230;&#8230;&#8230;.<\/p>\n<p>&#8230;&#8230;&#8230;&#8230;&#8230;&#8230;&#8230;&#8230;&#8230;&#8230;&#8230;&#8230;&#8230;&#8230;&#8230;&#8230;&#8230;&#8230;&#8230;&#8230;&#8230;&#8230;&#8230;&#8230;&#8230;&#8230;&#8230;&#8230;&#8230;&#8230;&#8230;&#8230;&#8230;&#8230;<\/p>\n<p>Par\u00e1grafo \u00fanico. Outras compet\u00eancias da Corregedoria Fazend\u00e1ria \u2013 CORFAZ est\u00e3o disciplinadas na Portaria SEFAZ n\u00ba 929, de 28 de novembro de 2023. (AC)<\/p>\n<p>&nbsp;<\/p>\n<p><strong>Se\u00e7\u00e3o V<\/strong><\/p>\n<p>&#8230;<\/p>\n<p>Art. 9\u00ba &#8230;&#8230;&#8230;&#8230;&#8230;&#8230;&#8230;&#8230;&#8230;&#8230;&#8230;&#8230;&#8230;&#8230;&#8230;&#8230;&#8230;&#8230;&#8230;&#8230;&#8230;&#8230;&#8230;&#8230;&#8230;&#8230;&#8230;&#8230;&#8230;&#8230;.<\/p>\n<p>&#8230;&#8230;&#8230;&#8230;&#8230;&#8230;&#8230;&#8230;&#8230;&#8230;&#8230;&#8230;&#8230;&#8230;&#8230;&#8230;&#8230;&#8230;&#8230;&#8230;&#8230;&#8230;&#8230;&#8230;&#8230;&#8230;&#8230;&#8230;&#8230;&#8230;&#8230;&#8230;&#8230;&#8230;<\/p>\n<p>Par\u00e1grafo \u00fanico. Outras compet\u00eancias da Ouvidoria \u2013 OUVID est\u00e3o disciplinadas na Portaria SEFAZ n\u00ba 12, de 13 de janeiro de 2025. (AC)<\/p><\/blockquote>\n<p>Art. 2\u00ba Esta Portaria entra em vigor na data da sua publica\u00e7\u00e3o.<\/p>\n<p>Rio Branco \u2013 Acre, 16 de janeiro de 2026.<\/p>\n","protected":false},"excerpt":{"rendered":"<p>Altera a PORTARIA SEFAZ N\u00ba 513, DE 20 DE JUNHO DE 2023, para incluir refer\u00eancia \u00e0s compet\u00eancias espec\u00edficas da Corregedoria Fazend\u00e1ria \u2013 CORFAZ e da Ouvidoria \u2013 OUVID, conforme disciplinado nas PORTARIAS SEFAZ N\u00ba 929, de 28 de novembro de 2023, e n\u00ba 12, de 13 de janeiro de 2025.<\/p>\n","protected":false},"author":5,"featured_media":0,"comment_status":"closed","ping_status":"closed","sticky":false,"template":"","format":"standard","meta":{"_acf_changed":false,"footnotes":""},"categories":[3,33],"tags":[97,73,131],"class_list":["post-23349","post","type-post","status-publish","format-standard","hentry","category-legislacao","category-portarias","tag-corfaz","tag-legislacao-institucional-e-funcional","tag-ouvidoria"],"acf":[],"_links":{"self":[{"href":"https:\/\/sefaz.ac.gov.br\/2021\/index.php?rest_route=\/wp\/v2\/posts\/23349","targetHints":{"allow":["GET"]}}],"collection":[{"href":"https:\/\/sefaz.ac.gov.br\/2021\/index.php?rest_route=\/wp\/v2\/posts"}],"about":[{"href":"https:\/\/sefaz.ac.gov.br\/2021\/index.php?rest_route=\/wp\/v2\/types\/post"}],"author":[{"embeddable":true,"href":"https:\/\/sefaz.ac.gov.br\/2021\/index.php?rest_route=\/wp\/v2\/users\/5"}],"replies":[{"embeddable":true,"href":"https:\/\/sefaz.ac.gov.br\/2021\/index.php?rest_route=%2Fwp%2Fv2%2Fcomments&post=23349"}],"version-history":[{"count":2,"href":"https:\/\/sefaz.ac.gov.br\/2021\/index.php?rest_route=\/wp\/v2\/posts\/23349\/revisions"}],"predecessor-version":[{"id":23352,"href":"https:\/\/sefaz.ac.gov.br\/2021\/index.php?rest_route=\/wp\/v2\/posts\/23349\/revisions\/23352"}],"wp:attachment":[{"href":"https:\/\/sefaz.ac.gov.br\/2021\/index.php?rest_route=%2Fwp%2Fv2%2Fmedia&parent=23349"}],"wp:term":[{"taxonomy":"category","embeddable":true,"href":"https:\/\/sefaz.ac.gov.br\/2021\/index.php?rest_route=%2Fwp%2Fv2%2Fcategories&post=23349"},{"taxonomy":"post_tag","embeddable":true,"href":"https:\/\/sefaz.ac.gov.br\/2021\/index.php?rest_route=%2Fwp%2Fv2%2Ftags&post=23349"}],"curies":[{"name":"wp","href":"https:\/\/api.w.org\/{rel}","templated":true}]}}