{"id":23300,"date":"2026-01-19T08:43:16","date_gmt":"2026-01-19T11:43:16","guid":{"rendered":"https:\/\/sefaz.ac.gov.br\/2021\/?p=23300"},"modified":"2026-01-19T08:47:14","modified_gmt":"2026-01-19T11:47:14","slug":"23300","status":"publish","type":"post","link":"https:\/\/sefaz.ac.gov.br\/2021\/?p=23300","title":{"rendered":"PORTARIA SEFAZ N\u00ba 7, DE 13 DE JANEIRO DE 2026"},"content":{"rendered":"<p>O SECRET\u00c1RIO DE ESTADO DA FAZENDA, em exerc\u00edcio, no uso de suas atribui\u00e7\u00f5es constitucionais e legais que lhe confere o Decreto n\u00ba 6.816, de 16 de setembro de 2020, publicado no Di\u00e1rio Oficial n\u00ba 12.882, de 17 de setembro de 2020;<\/p>\n<p>Considerando o Decreto n\u00ba 11.253, de 05 de junho de 2023; e o art. 4\u00ba, XI e XII, da Portaria n\u00ba 513 de 20 de junho de 2023, que aprovou o Regimento Interno da Secretaria de Estado da Fazenda;<\/p>\n<p>Considerando as disposi\u00e7\u00f5es contidas no art. 5\u00ba do Decreto Estadual n\u00ba 5.587, de 12 de agosto de 2010;<\/p>\n<p>Considerando, ainda, a necessidade de estabelecer as metas da Secretaria de Estado da Fazenda &#8211; SEFAZ para o exerc\u00edcio de 2026, para efeitos de apura\u00e7\u00e3o e avalia\u00e7\u00e3o do resultado do exerc\u00edcio;<\/p>\n<p>Considerando o Despacho n\u00ba 62\/2026\/SEFAZ &#8211; CGSARE (SEI 0019016256) exarado pela Secretaria Adjunta da Receita Estadual &#8211; SARE; e<\/p>\n<p>Considerando o constante dos autos do processo n\u00ba 0715.019023.00006\/2026-83.<\/p>\n<p>RESOLVE:<\/p>\n<p>Art. 1\u00ba \u00a0Esta Portaria nomeia o Comit\u00ea para estabelecer as metas da Secretaria de Estado da Fazenda &#8211; SEFAZ para o exerc\u00edcio de 2026.<\/p>\n<p>Art. 2\u00ba \u00a0O comit\u00ea ser\u00e1 composto pelos seguintes membros:<\/p>\n<p>I &#8211; Cl\u00f3vis Monteiro Gomes, Secret\u00e1rio Adjunto da Receita Estadual;<\/p>\n<p>II &#8211; Israel Monteiro de Souza, Diretor de Administra\u00e7\u00e3o Tribut\u00e1ria;<\/p>\n<p>III &#8211; Eduardo Alves Maia Neto, Diretor de Contabilidade Geral do Estado;<\/p>\n<p>IV &#8211; Elizi\u00e1rio Barboza Campos Filho, Diretor do Tesouro Estadual;<\/p>\n<p>V &#8211; Micheline Neves Pereira, representante do Sindicato do Fisco Estadual do Acre &#8211; SINDIFISCO\/AC;<\/p>\n<p>VI &#8211; Maria Janete Maia Diniz, representante da Associa\u00e7\u00e3o dos Servidores Fazend\u00e1rios do Estado do Acre &#8211; ASFAC.<\/p>\n<p>\u00a7 1\u00ba \u00a0A presid\u00eancia do Comit\u00ea caber\u00e1 ao membro a que se refere o inciso I deste artigo.<\/p>\n<p>\u00a7 2\u00ba \u00a0Para a consecu\u00e7\u00e3o de seus trabalhos, o Comit\u00ea poder\u00e1 convocar t\u00e9cnicos com conhecimentos especializados.<\/p>\n<p>\u00a7 3\u00ba\u00a0 O Comit\u00ea ser\u00e1 respons\u00e1vel pela apura\u00e7\u00e3o dos resultados da arrecada\u00e7\u00e3o do Imposto sobre Opera\u00e7\u00f5es Relativas \u00e0 Circula\u00e7\u00e3o de Mercadorias e sobre Presta\u00e7\u00f5es de Servi\u00e7os de Transporte Interestadual e Intermunicipal e de Comunica\u00e7\u00e3o &#8211; ICMS, e verificar\u00e1 o cumprimento da meta estabelecida e das submetas semestrais.<\/p>\n<p>\u00a7 4\u00ba \u00a0Cumprida a an\u00e1lise estabelecida no \u00a7 3\u00ba, o Comit\u00ea dever\u00e1 elaborar um relat\u00f3rio e submet\u00ea-lo ao Secret\u00e1rio de Estado da Fazenda para as devidas provid\u00eancias.<\/p>\n<p>Art. 3\u00ba \u00a0As metas estabelecidas pelo Comit\u00ea servir\u00e3o de par\u00e2metro para atribui\u00e7\u00e3o do Pr\u00eamio Anual de Valoriza\u00e7\u00e3o da Atividade Fazend\u00e1ria &#8211; PAVAF.<\/p>\n<p>Art. 4\u00ba \u00a0Esta Portaria entra em vigor na data de sua publica\u00e7\u00e3o.<\/p>\n<p>Rio Branco &#8211; Acre, 13 de janeiro de 2026.<\/p>\n","protected":false},"excerpt":{"rendered":"<p>Nomeia o Comit\u00ea para estabelecer as metas da Secretaria de Estado da Fazenda &#8211; SEFAZ para o exerc\u00edcio de 2026.<\/p>\n","protected":false},"author":5,"featured_media":0,"comment_status":"closed","ping_status":"closed","sticky":false,"template":"","format":"standard","meta":{"_acf_changed":false,"footnotes":""},"categories":[3,33],"tags":[73],"class_list":["post-23300","post","type-post","status-publish","format-standard","hentry","category-legislacao","category-portarias","tag-legislacao-institucional-e-funcional"],"acf":[],"_links":{"self":[{"href":"https:\/\/sefaz.ac.gov.br\/2021\/index.php?rest_route=\/wp\/v2\/posts\/23300","targetHints":{"allow":["GET"]}}],"collection":[{"href":"https:\/\/sefaz.ac.gov.br\/2021\/index.php?rest_route=\/wp\/v2\/posts"}],"about":[{"href":"https:\/\/sefaz.ac.gov.br\/2021\/index.php?rest_route=\/wp\/v2\/types\/post"}],"author":[{"embeddable":true,"href":"https:\/\/sefaz.ac.gov.br\/2021\/index.php?rest_route=\/wp\/v2\/users\/5"}],"replies":[{"embeddable":true,"href":"https:\/\/sefaz.ac.gov.br\/2021\/index.php?rest_route=%2Fwp%2Fv2%2Fcomments&post=23300"}],"version-history":[{"count":5,"href":"https:\/\/sefaz.ac.gov.br\/2021\/index.php?rest_route=\/wp\/v2\/posts\/23300\/revisions"}],"predecessor-version":[{"id":23306,"href":"https:\/\/sefaz.ac.gov.br\/2021\/index.php?rest_route=\/wp\/v2\/posts\/23300\/revisions\/23306"}],"wp:attachment":[{"href":"https:\/\/sefaz.ac.gov.br\/2021\/index.php?rest_route=%2Fwp%2Fv2%2Fmedia&parent=23300"}],"wp:term":[{"taxonomy":"category","embeddable":true,"href":"https:\/\/sefaz.ac.gov.br\/2021\/index.php?rest_route=%2Fwp%2Fv2%2Fcategories&post=23300"},{"taxonomy":"post_tag","embeddable":true,"href":"https:\/\/sefaz.ac.gov.br\/2021\/index.php?rest_route=%2Fwp%2Fv2%2Ftags&post=23300"}],"curies":[{"name":"wp","href":"https:\/\/api.w.org\/{rel}","templated":true}]}}