{"id":23040,"date":"2023-10-04T11:51:48","date_gmt":"2023-10-04T14:51:48","guid":{"rendered":"https:\/\/sefaz.ac.gov.br\/2021\/?p=23040"},"modified":"2025-11-11T11:52:28","modified_gmt":"2025-11-11T14:52:28","slug":"portaria-sefaz-no-822-de-04-de-outubro-de-2023","status":"publish","type":"post","link":"https:\/\/sefaz.ac.gov.br\/2021\/?p=23040","title":{"rendered":"PORTARIA SEFAZ N\u00ba 822, DE 04 DE OUTUBRO DE 2023"},"content":{"rendered":"\n<p class=\"wp-block-paragraph\"><strong>O SECRET\u00c1RIO DE ESTADO DA FAZENDA,<\/strong> no uso de suas atribui\u00e7\u00f5es constitucionais e legais que lhe confere o Decreto n\u00ba 4.059-P, de 05 de junho de 2023, publicado no Di\u00e1rio Oficial n\u00ba 13.550, de 07 de junho de 2023;<\/p>\n\n\n\n<p class=\"wp-block-paragraph\">Considerando o disposto no inciso XI do art. 4\u00ba do Regimento Interno da Secretaria de Estado da Fazenda, aprovado pela Portaria SEFAZ n\u00ba 513, de 20 de junho de 2023;<\/p>\n\n\n\n<p class=\"wp-block-paragraph\">Considerando o disposto na Portaria SEFAZ n\u00ba 662, de 09 de outubro de 2019, que disp\u00f5e sobre a cria\u00e7\u00e3o da Unidade de Coordena\u00e7\u00e3o de Programas \u2013 UCP\/SEFAZ do Projeto de Moderniza\u00e7\u00e3o da Gest\u00e3o Fiscal do Estado do Acre, a ser gerenciada pela Secretaria de Estado da Fazenda;<\/p>\n\n\n\n<p class=\"wp-block-paragraph\">Considerando a COMUNICA\u00c7\u00c3O INTERNA N\u00ba 10\/2023\/SEFAZ &#8211; UCP (SEI 8594774) exarada pela Unidade de Coordena\u00e7\u00e3o de Programas &#8211; UCP; e<\/p>\n\n\n\n<p class=\"wp-block-paragraph\">Considerando o constante dos autos do processo n\u00ba 0715.013690.00009\/2023-61.<\/p>\n\n\n\n<p class=\"wp-block-paragraph\"><strong>RESOLVE:<\/strong><\/p>\n\n\n\n<p class=\"wp-block-paragraph\">Art. 1\u00ba &nbsp;A Portaria n\u00ba 663, de 09 de outubro de 2019, a passa a vigorar com a seguinte reda\u00e7\u00e3o:<\/p>\n\n\n\n<blockquote class=\"wp-block-quote is-layout-flow wp-block-quote-is-layout-flow\">\n<p class=\"wp-block-paragraph\">\u201cArt. 1\u00ba &#8230;<\/p>\n<\/blockquote>\n\n\n\n<blockquote class=\"wp-block-quote is-layout-flow wp-block-quote-is-layout-flow\">\n<p class=\"wp-block-paragraph\">&#8230;<\/p>\n\n\n\n<p class=\"wp-block-paragraph\">V &#8211; Andrey Macedo de Ara\u00fajo, cargo em comiss\u00e3o do Grupo de Chefia, Assist\u00eancia e Assessoramento, refer\u00eancia CAS-6, Matr\u00edcula n\u00ba 9614834-1, como Assessor de Aquisi\u00e7\u00f5es. (AC)<\/p>\n\n\n\n<p class=\"wp-block-paragraph\">Par\u00e1grafo \u00fanico. &nbsp;As fun\u00e7\u00f5es desempenhadas pelos membros da UCP\/SEFAZ s\u00e3o cumulativas e sem percep\u00e7\u00e3o de gratifica\u00e7\u00e3o, sem preju\u00edzo das atribui\u00e7\u00f5es dos seus cargos de lota\u00e7\u00e3o de origem.\u201d (AC)<\/p>\n<\/blockquote>\n\n\n\n<p class=\"wp-block-paragraph\">Art. 2\u00ba Esta Portaria entra em vigor na data da sua publica\u00e7\u00e3o. Rio Branco\/AC, de 05 de outubro de 2023.<\/p>\n","protected":false},"excerpt":{"rendered":"<p>Altera a Portaria n\u00ba 663, de 09 de outubro de 2019, que nomeia os membros para compor a UCP\/SEFAZ.<\/p>\n","protected":false},"author":5,"featured_media":0,"comment_status":"closed","ping_status":"closed","sticky":false,"template":"","format":"standard","meta":{"_acf_changed":false,"footnotes":""},"categories":[3,33],"tags":[73],"class_list":["post-23040","post","type-post","status-publish","format-standard","hentry","category-legislacao","category-portarias","tag-legislacao-institucional-e-funcional"],"acf":[],"_links":{"self":[{"href":"https:\/\/sefaz.ac.gov.br\/2021\/index.php?rest_route=\/wp\/v2\/posts\/23040","targetHints":{"allow":["GET"]}}],"collection":[{"href":"https:\/\/sefaz.ac.gov.br\/2021\/index.php?rest_route=\/wp\/v2\/posts"}],"about":[{"href":"https:\/\/sefaz.ac.gov.br\/2021\/index.php?rest_route=\/wp\/v2\/types\/post"}],"author":[{"embeddable":true,"href":"https:\/\/sefaz.ac.gov.br\/2021\/index.php?rest_route=\/wp\/v2\/users\/5"}],"replies":[{"embeddable":true,"href":"https:\/\/sefaz.ac.gov.br\/2021\/index.php?rest_route=%2Fwp%2Fv2%2Fcomments&post=23040"}],"version-history":[{"count":1,"href":"https:\/\/sefaz.ac.gov.br\/2021\/index.php?rest_route=\/wp\/v2\/posts\/23040\/revisions"}],"predecessor-version":[{"id":23041,"href":"https:\/\/sefaz.ac.gov.br\/2021\/index.php?rest_route=\/wp\/v2\/posts\/23040\/revisions\/23041"}],"wp:attachment":[{"href":"https:\/\/sefaz.ac.gov.br\/2021\/index.php?rest_route=%2Fwp%2Fv2%2Fmedia&parent=23040"}],"wp:term":[{"taxonomy":"category","embeddable":true,"href":"https:\/\/sefaz.ac.gov.br\/2021\/index.php?rest_route=%2Fwp%2Fv2%2Fcategories&post=23040"},{"taxonomy":"post_tag","embeddable":true,"href":"https:\/\/sefaz.ac.gov.br\/2021\/index.php?rest_route=%2Fwp%2Fv2%2Ftags&post=23040"}],"curies":[{"name":"wp","href":"https:\/\/api.w.org\/{rel}","templated":true}]}}