{"id":22986,"date":"2025-10-15T15:01:24","date_gmt":"2025-10-15T18:01:24","guid":{"rendered":"https:\/\/sefaz.ac.gov.br\/2021\/?p=22986"},"modified":"2025-11-07T11:02:20","modified_gmt":"2025-11-07T14:02:20","slug":"portaria-sefaz-no-595-de-15-de-outubro-de-2025","status":"publish","type":"post","link":"https:\/\/sefaz.ac.gov.br\/2021\/?p=22986","title":{"rendered":"PORTARIA SEFAZ N\u00ba 595, DE 15 DE OUTUBRO DE 2025"},"content":{"rendered":"\n<p class=\"wp-block-paragraph\"><strong>O SECRET\u00c1RIO DE ESTADO DA FAZENDA<\/strong>, no uso de suas atribui\u00e7\u00f5es constitucionais e legais que lhe confere o Decreto n\u00ba 4.059-P, de 05 de ju\u00adnho de 2023, publicado no Di\u00e1rio Oficial n\u00ba 13.550, de 07 de junho de 2023;<\/p>\n\n\n\n<p class=\"wp-block-paragraph\">Considerando o disposto no inciso XII do art. 4\u00ba do Regimento Inter\u00adno da Secretaria de Estado da Fazenda, aprovado pela Portaria SEFAZ n\u00ba 513, de 20 de junho de 2023;<\/p>\n\n\n\n<p class=\"wp-block-paragraph\">Considerando o Despacho n\u00ba 1980\/2025\/ SEFAZ &#8211; DIAT (SEI 0017795177) exarado pela Diretoria de Administra\u00e7\u00e3o Tribut\u00e1ria &#8211; DIAT; e,<\/p>\n\n\n\n<p class=\"wp-block-paragraph\">Considerando o constante dos autos do processo n\u00ba 0715.004312.00153\/2025-02.<\/p>\n\n\n\n<p class=\"wp-block-paragraph\"><strong>RESOLVE:<\/strong><\/p>\n\n\n\n<p class=\"wp-block-paragraph\">Art. 1\u00ba &nbsp;Fica prorrogado o prazo de pagamento do Imposto sobre Opera\u00e7\u00f5es Relativas \u00e0 Circula\u00e7\u00e3o de Mercadorias e sobre Presta\u00e7\u00f5es de Servi\u00e7os de Transporte Interestadual e Intermunicipal e de Comunica\u00e7\u00e3o &#8211; ICMS, com vencimento no dia 15 de outubro de 2025, para o dia 17 de outubro de 2025.<\/p>\n\n\n\n<p class=\"wp-block-paragraph\">Par\u00e1grafo \u00fanico. &nbsp;A prorroga\u00e7\u00e3o prevista no <strong>caput<\/strong> se aplica a:<\/p>\n\n\n\n<p class=\"wp-block-paragraph\">I &#8211; D\u00e9bitos do Demonstrativo de Apura\u00e7\u00e3o Mensal &#8211; DAM;<\/p>\n\n\n\n<p class=\"wp-block-paragraph\">II &#8211; D\u00e9bitos de Notifica\u00e7\u00e3o de Lan\u00e7amento do ICMS; e<\/p>\n\n\n\n<p class=\"wp-block-paragraph\">III &#8211; D\u00e9bitos com vencimentos no d\u00e9cimo quinto dia do m\u00eas, na forma do art. 93, VI, do Regulamento do ICMS do Estado do Acre &#8211; Decreto 008\/98.<\/p>\n\n\n\n<p class=\"wp-block-paragraph\">Art. 2\u00ba &nbsp;Fica prorrogada a entrega do DAM e demais declara\u00e7\u00f5es com prazo de en\u00adtrega previsto para o dia 15 de outubro de 2025, para o dia 17 de outubro de 2025.<\/p>\n\n\n\n<p class=\"wp-block-paragraph\">Art. 3\u00ba &nbsp;A prorroga\u00e7\u00e3o de que trata esta Portaria n\u00e3o autoriza:<\/p>\n\n\n\n<p class=\"wp-block-paragraph\">I &#8211; a restitui\u00e7\u00e3o ou compensa\u00e7\u00e3o de quantias pagas;<\/p>\n\n\n\n<p class=\"wp-block-paragraph\">II &#8211; o levantamento, pelo contribuinte ou pelo interessado, de import\u00e2ncia deposi\u00adtada em ju\u00edzo, quando houver decis\u00e3o transitada em julgado em favor do Estado<\/p>\n\n\n\n<p class=\"wp-block-paragraph\">Art. 4\u00ba &nbsp;A prorroga\u00e7\u00e3o de que trata o art. 1\u00ba, n\u00e3o abrange:<\/p>\n\n\n\n<p class=\"wp-block-paragraph\">I &#8211; cr\u00e9ditos tribut\u00e1rios decorrentes de lan\u00e7amento em que seja exigido concomi\u00adtantemente Imposto e multa punitiva por descumprimento da legisla\u00e7\u00e3o tribut\u00e1ria;<\/p>\n\n\n\n<p class=\"wp-block-paragraph\">II &#8211; hip\u00f3teses em que o Regulamento do ICMS preveja o pagamento do Im\u00adposto no momento da apresenta\u00e7\u00e3o da documenta\u00e7\u00e3o \u00e0 reparti\u00e7\u00e3o fiscal para desembara\u00e7o;<\/p>\n\n\n\n<p class=\"wp-block-paragraph\">III &#8211; cr\u00e9ditos tribut\u00e1rios decorrentes de opera\u00e7\u00f5es e presta\u00e7\u00f5es que destinem bens e servi\u00e7os a consumidor final n\u00e3o contribuinte do ICMS localizado neste Estado;<\/p>\n\n\n\n<p class=\"wp-block-paragraph\">IV &#8211; ICMS de substitui\u00e7\u00e3o tribut\u00e1ria retido pelo substituto tribut\u00e1rio ou que a legisla\u00e7\u00e3o imponha ao substituto o dever de reten\u00e7\u00e3o;<\/p>\n\n\n\n<p class=\"wp-block-paragraph\">V &#8211; cr\u00e9ditos tribut\u00e1rios inscritos em d\u00edvida ativa, parcelados ou n\u00e3o.<\/p>\n\n\n\n<p class=\"wp-block-paragraph\">Art. 5\u00ba &nbsp;Esta Portaria entra em vigor na data da sua publica\u00e7\u00e3o.<\/p>\n\n\n\n<p class=\"wp-block-paragraph\">Rio Branco &#8211; Acre, 15 de outubro de 2025.<\/p>\n","protected":false},"excerpt":{"rendered":"<p>Prorroga o prazo de pagamento do Imposto sobre Opera\u00e7\u00f5es Relativas \u00e0 Circula\u00e7\u00e3o de Mercadorias e sobre Presta\u00e7\u00f5es de Servi\u00e7os de Transporte Interestadual e Intermunicipal e de Comunica\u00e7\u00e3o &#8211; ICMS, com vencimento no dia 15 de outubro de 2025, para o dia 17 de outubro de 2025. <\/p>\n","protected":false},"author":5,"featured_media":0,"comment_status":"closed","ping_status":"closed","sticky":false,"template":"","format":"standard","meta":{"_acf_changed":false,"footnotes":""},"categories":[3,33],"tags":[35],"class_list":["post-22986","post","type-post","status-publish","format-standard","hentry","category-legislacao","category-portarias","tag-icms"],"acf":[],"_links":{"self":[{"href":"https:\/\/sefaz.ac.gov.br\/2021\/index.php?rest_route=\/wp\/v2\/posts\/22986","targetHints":{"allow":["GET"]}}],"collection":[{"href":"https:\/\/sefaz.ac.gov.br\/2021\/index.php?rest_route=\/wp\/v2\/posts"}],"about":[{"href":"https:\/\/sefaz.ac.gov.br\/2021\/index.php?rest_route=\/wp\/v2\/types\/post"}],"author":[{"embeddable":true,"href":"https:\/\/sefaz.ac.gov.br\/2021\/index.php?rest_route=\/wp\/v2\/users\/5"}],"replies":[{"embeddable":true,"href":"https:\/\/sefaz.ac.gov.br\/2021\/index.php?rest_route=%2Fwp%2Fv2%2Fcomments&post=22986"}],"version-history":[{"count":1,"href":"https:\/\/sefaz.ac.gov.br\/2021\/index.php?rest_route=\/wp\/v2\/posts\/22986\/revisions"}],"predecessor-version":[{"id":22987,"href":"https:\/\/sefaz.ac.gov.br\/2021\/index.php?rest_route=\/wp\/v2\/posts\/22986\/revisions\/22987"}],"wp:attachment":[{"href":"https:\/\/sefaz.ac.gov.br\/2021\/index.php?rest_route=%2Fwp%2Fv2%2Fmedia&parent=22986"}],"wp:term":[{"taxonomy":"category","embeddable":true,"href":"https:\/\/sefaz.ac.gov.br\/2021\/index.php?rest_route=%2Fwp%2Fv2%2Fcategories&post=22986"},{"taxonomy":"post_tag","embeddable":true,"href":"https:\/\/sefaz.ac.gov.br\/2021\/index.php?rest_route=%2Fwp%2Fv2%2Ftags&post=22986"}],"curies":[{"name":"wp","href":"https:\/\/api.w.org\/{rel}","templated":true}]}}