{"id":22974,"date":"2025-10-06T09:48:09","date_gmt":"2025-10-06T12:48:09","guid":{"rendered":"https:\/\/sefaz.ac.gov.br\/2021\/?p=22974"},"modified":"2025-10-13T09:50:00","modified_gmt":"2025-10-13T12:50:00","slug":"portaria-sefaz-no-573-de-06-de-outubro-de-2025","status":"publish","type":"post","link":"https:\/\/sefaz.ac.gov.br\/2021\/?p=22974","title":{"rendered":"PORTARIA SEFAZ N\u00ba 573, DE 06 DE OUTUBRO DE 2025"},"content":{"rendered":"\n<p class=\"wp-block-paragraph\"><strong>O SECRET\u00c1RIO DE ESTADO DA FAZENDA,<\/strong> no uso de suas atribui\u00e7\u00f5es constitucionais e legais que lhe confere o Decreto n\u00ba 4.059-P, de 05 de ju\u00adnho de 2023, publicado no Di\u00e1rio Oficial n\u00ba 13.550, de 07 de junho de 2023;<\/p>\n\n\n\n<p class=\"wp-block-paragraph\">Considerando o disposto no inciso XI do art. 4\u00ba do Regimento Interno da Secretaria de Estado da Fazenda, aprovado pela Portaria SEFAZ n\u00ba 513, de 20 de junho de 2023;<\/p>\n\n\n\n<p class=\"wp-block-paragraph\">Considerando o disposto no Decreto n\u00ba 11.253, de 05 de junho de 2023, que estabelece a Estrutura Organizacional B\u00e1sica da Secretaria de Estado da Fazenda \u2013 SEFAZ;<\/p>\n\n\n\n<p class=\"wp-block-paragraph\">Considerando a Lei n\u00ba 2.265, de 31 de mar\u00e7o de 2010, que estabelece nova estrutura de carreira para os servidores p\u00fablicos estaduais da Secretaria de Estado da Fazenda &#8211; SEFAZ;<\/p>\n\n\n\n<p class=\"wp-block-paragraph\">Considerando a Lei n\u00ba 4.654, de 3 de outubro de 2025, que altera a Lei n\u00ba 2.265, de 31 de mar\u00e7o de 2010, que estabelece nova estrutura de carreira para os servidores p\u00fablicos estaduais da Secretaria de Estado da Fazenda &#8211; SEFAZ, para dispor sobre a indeniza\u00e7\u00e3o por ac\u00famulo de acervo fiscal e a indeniza\u00e7\u00e3o pelo exerc\u00edcio de plant\u00e3o em posto fiscal localizado em divisa ou fronteira interestadual ou internacional, aos Auditores Fiscais da Receita Estadual e aos Auditores Fiscais da Receita Estadual II;<\/p>\n\n\n\n<p class=\"wp-block-paragraph\">Considerando o Despacho n\u00ba 152\/2025\/SEFAZ &#8211; DIGO\u00adVE (SEI 0017621029) exarada pela Diretoria de Governan\u00e7a e Gest\u00e3o Estra\u00adt\u00e9gica &#8211; DIGOVE; e<\/p>\n\n\n\n<p class=\"wp-block-paragraph\">Considerando o constante dos autos do processo n\u00ba 0715.004312.00038\/2025-20.<\/p>\n\n\n\n<p class=\"wp-block-paragraph\"><strong>RESOLVE:<\/strong><\/p>\n\n\n\n<p class=\"wp-block-paragraph\">Art. 1\u00ba &nbsp;A Portaria n\u00ba 513, de 20 de junho de 2023, passa a vigorar com as seguintes altera\u00e7\u00f5es:<\/p>\n\n\n\n<blockquote class=\"wp-block-quote is-layout-flow wp-block-quote-is-layout-flow\">\n<p class=\"wp-block-paragraph\">&#8230;<\/p>\n\n\n\n<p class=\"wp-block-paragraph\">\u201cT\u00cdTULO IV<\/p>\n\n\n\n<p class=\"wp-block-paragraph\">&#8230;<\/p>\n\n\n\n<p class=\"wp-block-paragraph\">Art. 126-A. &nbsp;Aos Auditores Fiscais da Receita Estadual &#8211; AFRE e aos Auditores Fiscais da Receita Estadual II &#8211; AFRE II, em efetivo exerc\u00edcio, ser\u00e1 devida indeniza\u00e7\u00e3o por ac\u00famulo de acervo fiscal, nos termos do artigo 23, inciso XII, da Lei n\u00ba 2.265, de 31 de mar\u00e7o de 2010, sempre que configurada a situa\u00e7\u00e3o prevista neste artigo.<\/p>\n<\/blockquote>\n\n\n\n<blockquote class=\"wp-block-quote is-layout-flow wp-block-quote-is-layout-flow\">\n<p class=\"wp-block-paragraph\">\u00a7 1\u00ba &nbsp;Considera-se configurado o ac\u00famulo de acervo fiscal quando:<\/p>\n\n\n\n<p class=\"wp-block-paragraph\">I &#8211; houver cargo vago na carreira de Auditor Fiscal da Receita Estadual;<\/p>\n\n\n\n<p class=\"wp-block-paragraph\">II &#8211; ocorrer afastamento de Auditor Fiscal da Receita Estadual ou de Auditor Fiscal da Receita Estadual II, em raz\u00e3o de:<\/p>\n<\/blockquote>\n\n\n\n<blockquote class=\"wp-block-quote is-layout-flow wp-block-quote-is-layout-flow\">\n<p class=\"wp-block-paragraph\">a) licen\u00e7a ou afastamento n\u00e3o remunerado;<\/p>\n\n\n\n<p class=\"wp-block-paragraph\">b) cess\u00e3o para outros \u00f3rg\u00e3os ou entidades;<\/p>\n\n\n\n<p class=\"wp-block-paragraph\">c) decis\u00e3o, cautelar ou definitiva, proferida em processo administrativo disci\u00adplinar ou judicial.<\/p>\n<\/blockquote>\n\n\n\n<blockquote class=\"wp-block-quote is-layout-flow wp-block-quote-is-layout-flow\">\n<p class=\"wp-block-paragraph\">\u00a7 2\u00ba &nbsp;O valor mensal da indeniza\u00e7\u00e3o corresponder\u00e1 a um cent\u00e9simo do ven\u00adcimento b\u00e1sico do Auditor Fiscal da Receita Estadual, Classe Especial, Refe\u00adr\u00eancia 3, por cada cargo vago ou afastamento existente.<\/p>\n\n\n\n<p class=\"wp-block-paragraph\">\u00a7 3\u00ba &nbsp;O montante devido \u00e0 t\u00edtulo de indeniza\u00e7\u00e3o n\u00e3o poder\u00e1 exceder a trinta por cento do vencimento b\u00e1sico referido no \u00a7 2\u00ba.<\/p>\n\n\n\n<p class=\"wp-block-paragraph\">\u00a7 4\u00ba &nbsp;Para fins de c\u00e1lculo, ser\u00e1 considerada como data-base o dia de fechamento da folha de pagamento dos servidores da Secretaria de Estado da Fazenda.<\/p>\n\n\n\n<p class=\"wp-block-paragraph\">\u00a7 5\u00ba A indeniza\u00e7\u00e3o de que trata o <strong>caput<\/strong> ser\u00e1 paga mensalmente em pec\u00fania na conta-sal\u00e1rio do Auditor Fiscal da Receita Estadual e do Auditor Fiscal da Receita Estadual II em conjunto com a sua remunera\u00e7\u00e3o.<\/p>\n\n\n\n<p class=\"wp-block-paragraph\">Art. 126-B. &nbsp;N\u00e3o far\u00e1 jus \u00e0 indeniza\u00e7\u00e3o de que trata o art. 126-A o Auditor Fiscal da Receita Estadual ou o Auditor Fiscal da Receita Estadual II que estiver:<\/p>\n\n\n\n<p class=\"wp-block-paragraph\">I &#8211; cedido a outros \u00f3rg\u00e3os ou entidades;<\/p>\n\n\n\n<p class=\"wp-block-paragraph\">II &#8211; em afastamento n\u00e3o remunerado;<\/p>\n\n\n\n<p class=\"wp-block-paragraph\">III &#8211; afastado do exerc\u00edcio de suas fun\u00e7\u00f5es por decis\u00e3o cautelar ou definitiva em processo administrativo disciplinar ou judicial; e<\/p>\n\n\n\n<p class=\"wp-block-paragraph\">IV &#8211; designado para comiss\u00e3o de sindic\u00e2ncia, comiss\u00e3o de processo admi\u00adnistrativo disciplinar, grupo de trabalho, atividade ou projeto, comit\u00ea, for\u00e7a\u00ad-tarefa ou quaisquer outras inst\u00e2ncias colegiadas ou similares institu\u00eddas pela SEFAZ, e que se recusar a participar ou renunciar sem justificativa aceita pela Administra\u00e7\u00e3o.<\/p>\n\n\n\n<p class=\"wp-block-paragraph\">\u00a7 1\u00ba &nbsp;Nas hip\u00f3teses dos incisos I a III, o pagamento da indeniza\u00e7\u00e3o ser\u00e1 pro\u00adporcional aos dias de efetivo exerc\u00edcio.<\/p>\n\n\n\n<p class=\"wp-block-paragraph\">\u00a7 2\u00ba &nbsp;Na hip\u00f3tese do inciso IV, o Auditor Fiscal da Receita Estadual ou o Auditor Fiscal da Receita Estadual II deixar\u00e1 de receber a indeniza\u00e7\u00e3o pelo per\u00edodo de dura\u00e7\u00e3o da comiss\u00e3o ou grupo de trabalho, observado o limite m\u00e1ximo de vinte e quatro meses.<\/p>\n\n\n\n<p class=\"wp-block-paragraph\">Art. 126-C. &nbsp;A indeniza\u00e7\u00e3o por ac\u00famulo de acervo fiscal tem natureza indeni\u00adzat\u00f3ria e n\u00e3o ser\u00e1:<\/p>\n\n\n\n<p class=\"wp-block-paragraph\">I &#8211; incorporada \u00e0 remunera\u00e7\u00e3o, aos proventos de aposentadoria, \u00e0s pens\u00f5es ou a quaisquer outras vantagens, nem servir\u00e1 de base de c\u00e1lculo para a gratifi\u00adca\u00e7\u00e3o natalina;<\/p>\n\n\n\n<p class=\"wp-block-paragraph\">II &#8211; considerada como base de c\u00e1lculo da contribui\u00e7\u00e3o previdenci\u00e1ria;<\/p>\n\n\n\n<p class=\"wp-block-paragraph\">III &#8211; considerada rendimento tribut\u00e1vel;<\/p>\n\n\n\n<p class=\"wp-block-paragraph\">IV &#8211; objeto de descontos n\u00e3o previstos em lei.\u201d (AC)<\/p>\n<\/blockquote>\n\n\n\n<p class=\"wp-block-paragraph\">Art. 2\u00ba &nbsp;Esta Portaria entra em vigor na data de sua publica\u00e7\u00e3o, produzindo efeitos a contar de 1\u00ba de setembro de 2025.<\/p>\n\n\n\n<p class=\"wp-block-paragraph\">Rio Branco &#8211; Acre, 06 de outubro de 2025.<\/p>\n","protected":false},"excerpt":{"rendered":"<p>Altera a Portaria n\u00ba 513, de 20 de junho de 2023, que estabelece a estrutura organizacional e aprova o Regimento Interno da Secretaria de Estado da Fa\u00aczenda &#8211; SEFAZ.<\/p>\n","protected":false},"author":5,"featured_media":0,"comment_status":"closed","ping_status":"closed","sticky":false,"template":"","format":"standard","meta":{"_acf_changed":false,"footnotes":""},"categories":[3,33],"tags":[73],"class_list":["post-22974","post","type-post","status-publish","format-standard","hentry","category-legislacao","category-portarias","tag-legislacao-institucional-e-funcional"],"acf":[],"_links":{"self":[{"href":"https:\/\/sefaz.ac.gov.br\/2021\/index.php?rest_route=\/wp\/v2\/posts\/22974","targetHints":{"allow":["GET"]}}],"collection":[{"href":"https:\/\/sefaz.ac.gov.br\/2021\/index.php?rest_route=\/wp\/v2\/posts"}],"about":[{"href":"https:\/\/sefaz.ac.gov.br\/2021\/index.php?rest_route=\/wp\/v2\/types\/post"}],"author":[{"embeddable":true,"href":"https:\/\/sefaz.ac.gov.br\/2021\/index.php?rest_route=\/wp\/v2\/users\/5"}],"replies":[{"embeddable":true,"href":"https:\/\/sefaz.ac.gov.br\/2021\/index.php?rest_route=%2Fwp%2Fv2%2Fcomments&post=22974"}],"version-history":[{"count":2,"href":"https:\/\/sefaz.ac.gov.br\/2021\/index.php?rest_route=\/wp\/v2\/posts\/22974\/revisions"}],"predecessor-version":[{"id":22977,"href":"https:\/\/sefaz.ac.gov.br\/2021\/index.php?rest_route=\/wp\/v2\/posts\/22974\/revisions\/22977"}],"wp:attachment":[{"href":"https:\/\/sefaz.ac.gov.br\/2021\/index.php?rest_route=%2Fwp%2Fv2%2Fmedia&parent=22974"}],"wp:term":[{"taxonomy":"category","embeddable":true,"href":"https:\/\/sefaz.ac.gov.br\/2021\/index.php?rest_route=%2Fwp%2Fv2%2Fcategories&post=22974"},{"taxonomy":"post_tag","embeddable":true,"href":"https:\/\/sefaz.ac.gov.br\/2021\/index.php?rest_route=%2Fwp%2Fv2%2Ftags&post=22974"}],"curies":[{"name":"wp","href":"https:\/\/api.w.org\/{rel}","templated":true}]}}