{"id":22917,"date":"2025-08-20T09:48:09","date_gmt":"2025-08-20T12:48:09","guid":{"rendered":"https:\/\/sefaz.ac.gov.br\/2021\/?p=22917"},"modified":"2025-09-08T09:49:54","modified_gmt":"2025-09-08T12:49:54","slug":"lei-no-4-643-de-20-de-agosto-de-2025","status":"publish","type":"post","link":"https:\/\/sefaz.ac.gov.br\/2021\/?p=22917","title":{"rendered":"LEI N\u00ba 4.643, DE 20 DE AGOSTO DE 2025"},"content":{"rendered":"\n<p class=\"wp-block-paragraph\"><strong>A GOVERNADORA DO ESTADO DO ACRE<\/strong><\/p>\n\n\n\n<p class=\"wp-block-paragraph\"><strong>FA\u00c7O SABER<\/strong> que a Assembleia Legislativa do Estado do Acre decreta e eu sanciono a seguinte Lei:<\/p>\n\n\n\n<p class=\"wp-block-paragraph\">Art. 1\u00ba A Lei n\u00ba 4.503, de 17 de dezembro de 2024, passa a vigorar com a seguinte reda\u00e7\u00e3o:<\/p>\n\n\n\n<blockquote class=\"wp-block-quote is-layout-flow wp-block-quote-is-layout-flow\">\n<p class=\"wp-block-paragraph\">\u201cArt. 4\u00ba Fica o Poder Executivo autorizado a dispensar, mediante requerimento do contribuinte, o ICMS, constitu\u00eddo ou n\u00e3o, inscrito em d\u00edvida ativa ou n\u00e3o, relativo \u00e0 diferen\u00e7a entre a al\u00edquota interna e a carga tribut\u00e1ria de 3,5% (tr\u00eas inteiros e cinco d\u00e9cimos por cento), relativo aos cr\u00e9ditos tribut\u00e1rios do per\u00edodo de 1\u00ba de janeiro de 2013 a 31 de julho de 2024, n\u00e3o se aplicando neste caso a veda\u00e7\u00e3o constante do art. 3\u00ba.<\/p>\n<\/blockquote>\n\n\n\n<blockquote class=\"wp-block-quote is-layout-flow wp-block-quote-is-layout-flow\">\n<p class=\"wp-block-paragraph\">&#8230;\u201d (NR)<\/p>\n<\/blockquote>\n\n\n\n<blockquote class=\"wp-block-quote is-layout-flow wp-block-quote-is-layout-flow\">\n<p class=\"wp-block-paragraph\">Art. 5\u00ba Os d\u00e9bitos que tenham sido constitu\u00eddos com a aplica\u00e7\u00e3o da al\u00edquota interna e que tenham sido parcelados, relativos \u00e0s opera\u00e7\u00f5es de que trata o art. 4\u00ba, receber\u00e3o o tratamento disposto no art. 4\u00ba quanto ao saldo remanescente do parcelamento.\u201d (NR)<\/p>\n<\/blockquote>\n\n\n\n<blockquote class=\"wp-block-quote is-layout-flow wp-block-quote-is-layout-flow\">\n<p class=\"wp-block-paragraph\">\u201cArt. 6\u00ba O disposto no art. 4\u00ba n\u00e3o autoriza:<\/p>\n<\/blockquote>\n\n\n\n<blockquote class=\"wp-block-quote is-layout-flow wp-block-quote-is-layout-flow\">\n<p class=\"wp-block-paragraph\">&#8230;\u201d (NR)<\/p>\n<\/blockquote>\n\n\n\n<blockquote class=\"wp-block-quote is-layout-flow wp-block-quote-is-layout-flow\">\n<p class=\"wp-block-paragraph\">Art. 2\u00ba O art. 3\u00ba da Lei n\u00ba 4.503, de 17 de dezembro de 2024, passa a vigorar com a seguinte reda\u00e7\u00e3o:<\/p>\n<\/blockquote>\n\n\n\n<blockquote class=\"wp-block-quote is-layout-flow wp-block-quote-is-layout-flow\">\n<p class=\"wp-block-paragraph\">\u201cArt. 3\u00ba O benef\u00edcio previsto nesta Lei n\u00e3o se aplica aos contribuintes optantes do Simples Nacional, exceto na hip\u00f3tese do \u00a7 1\u00ba do art. 20 da Lei Complementar Federal n\u00ba 123, de 14 de dezembro de 2006.\u201d<\/p>\n<\/blockquote>\n\n\n\n<blockquote class=\"wp-block-quote is-layout-flow wp-block-quote-is-layout-flow\">\n<p class=\"wp-block-paragraph\">&#8230;\u201d (NR)<\/p>\n<\/blockquote>\n\n\n\n<p class=\"wp-block-paragraph\">Art. 3\u00ba Esta Lei entra em vigor na data de sua publica\u00e7\u00e3o.<\/p>\n\n\n\n<p class=\"wp-block-paragraph\">Rio Branco &#8211; Acre, 20 de agosto de 2025, 137\u00ba da Rep\u00fablica, 123\u00ba do Tratado de Petr\u00f3polis e 64\u00ba do Estado do Acre.<\/p>\n","protected":false},"excerpt":{"rendered":"<p>A GOVERNADORA DO ESTADO DO ACRE FA\u00c7O SABER que a Assembleia Legislativa do Estado do Acre decreta e eu sanciono a seguinte Lei: Art. 1\u00ba A Lei n\u00ba 4.503, de 17 de dezembro de 2024, passa a vigorar com a seguinte reda\u00e7\u00e3o: \u201cArt. 4\u00ba Fica o Poder Executivo autorizado a dispensar, mediante requerimento do contribuinte, [&hellip;]<\/p>\n","protected":false},"author":5,"featured_media":0,"comment_status":"closed","ping_status":"closed","sticky":false,"template":"","format":"standard","meta":{"_acf_changed":false,"footnotes":""},"categories":[3,31],"tags":[35],"class_list":["post-22917","post","type-post","status-publish","format-standard","hentry","category-legislacao","category-leis-ordinarias","tag-icms"],"acf":[],"_links":{"self":[{"href":"https:\/\/sefaz.ac.gov.br\/2021\/index.php?rest_route=\/wp\/v2\/posts\/22917","targetHints":{"allow":["GET"]}}],"collection":[{"href":"https:\/\/sefaz.ac.gov.br\/2021\/index.php?rest_route=\/wp\/v2\/posts"}],"about":[{"href":"https:\/\/sefaz.ac.gov.br\/2021\/index.php?rest_route=\/wp\/v2\/types\/post"}],"author":[{"embeddable":true,"href":"https:\/\/sefaz.ac.gov.br\/2021\/index.php?rest_route=\/wp\/v2\/users\/5"}],"replies":[{"embeddable":true,"href":"https:\/\/sefaz.ac.gov.br\/2021\/index.php?rest_route=%2Fwp%2Fv2%2Fcomments&post=22917"}],"version-history":[{"count":2,"href":"https:\/\/sefaz.ac.gov.br\/2021\/index.php?rest_route=\/wp\/v2\/posts\/22917\/revisions"}],"predecessor-version":[{"id":22919,"href":"https:\/\/sefaz.ac.gov.br\/2021\/index.php?rest_route=\/wp\/v2\/posts\/22917\/revisions\/22919"}],"wp:attachment":[{"href":"https:\/\/sefaz.ac.gov.br\/2021\/index.php?rest_route=%2Fwp%2Fv2%2Fmedia&parent=22917"}],"wp:term":[{"taxonomy":"category","embeddable":true,"href":"https:\/\/sefaz.ac.gov.br\/2021\/index.php?rest_route=%2Fwp%2Fv2%2Fcategories&post=22917"},{"taxonomy":"post_tag","embeddable":true,"href":"https:\/\/sefaz.ac.gov.br\/2021\/index.php?rest_route=%2Fwp%2Fv2%2Ftags&post=22917"}],"curies":[{"name":"wp","href":"https:\/\/api.w.org\/{rel}","templated":true}]}}