{"id":22790,"date":"2025-07-31T10:47:20","date_gmt":"2025-07-31T13:47:20","guid":{"rendered":"https:\/\/sefaz.ac.gov.br\/2021\/?p=22790"},"modified":"2025-08-08T10:50:56","modified_gmt":"2025-08-08T13:50:56","slug":"portaria-sefaz-no-433-de-31-de-julho-de-2025","status":"publish","type":"post","link":"https:\/\/sefaz.ac.gov.br\/2021\/?p=22790","title":{"rendered":"PORTARIA SEFAZ N\u00ba 433, DE 31 DE JULHO DE 2025"},"content":{"rendered":"\n<p class=\"wp-block-paragraph\"><strong>O SECRET\u00c1RIO DE ESTADO DA FAZENDA<\/strong>, no uso de suas atribui\u00e7\u00f5es constitucionais e legais que lhe confere o Decreto n\u00ba 4.059-P, de 05 de junho de 2023, publicado no Di\u00e1rio Oficial n\u00ba 13.550, de 07 de junho de 2023;<\/p>\n\n\n\n<p class=\"wp-block-paragraph\">CONSIDERANDO o disposto no inciso XII do art. 4\u00ba do Regimento Interno da Secretaria de Estado da Fazenda, aprovado pela Portaria SEFAZ n\u00ba 513, de 20 de junho de 2023;<\/p>\n\n\n\n<p class=\"wp-block-paragraph\">CONSIDERANDO o disposto no art. 519, do Regulamento do ICMS do Estado do Acre, aprovado pelo Decreto n\u00ba 008, de 26 de janeiro de 1998;<\/p>\n\n\n\n<p class=\"wp-block-paragraph\"><strong>RESOLVE:<\/strong><\/p>\n\n\n\n<p class=\"wp-block-paragraph\">Art. 1\u00ba&nbsp; O &nbsp;item II &#8211; SA\u00cdDAS, do Anexo \u00danico da Pauta de Pre\u00e7os estabelecida pela Portaria n\u00ba 333, de 11 de novembro de 2021, que fixa os valores m\u00ednimos da base de c\u00e1lculo do ICMS incidente sobre as opera\u00e7\u00f5es e presta\u00e7\u00f5es com mercadorias nela relacionadas, fica alterado conforme Anexo \u00danico desta Portaria.<\/p>\n\n\n\n<p class=\"wp-block-paragraph\">Art. 2\u00ba&nbsp; Fica revogado:<\/p>\n\n\n\n<p class=\"wp-block-paragraph\">I &#8211; o par\u00e1grafo \u00fanico do art. 1\u00ba;<\/p>\n\n\n\n<p class=\"wp-block-paragraph\">II &#8211; o subitem 8 (guaran\u00e1), o produto polpa de buriti do subitem 10 (polpas) e o produto sebo bovino em rama do item 11 (sebo de gado vacum), todos do Anexo \u00danico \u00e0 Portaria n\u00ba 333, de 11 de novembro de 2021.<\/p>\n\n\n\n<p class=\"wp-block-paragraph\">Art. &nbsp;3\u00ba Esta Portaria entra em vigor na data da sua publica\u00e7\u00e3o, produzindo efeitos a partir de 4 de agosto de 2025. Rio Branco-Acre, 31 de julho de 2025.<\/p>\n","protected":false},"excerpt":{"rendered":"<p>Altera a PORTARIA N\u00ba 433, DE 31 DE JULHO DE 2025 &#8211; PAUTA DE PRE\u00c7OS M\u00cdNIMOS.<\/p>\n","protected":false},"author":5,"featured_media":0,"comment_status":"closed","ping_status":"closed","sticky":false,"template":"","format":"standard","meta":{"_acf_changed":false,"footnotes":""},"categories":[3,33],"tags":[35],"class_list":["post-22790","post","type-post","status-publish","format-standard","hentry","category-legislacao","category-portarias","tag-icms"],"acf":[],"_links":{"self":[{"href":"https:\/\/sefaz.ac.gov.br\/2021\/index.php?rest_route=\/wp\/v2\/posts\/22790","targetHints":{"allow":["GET"]}}],"collection":[{"href":"https:\/\/sefaz.ac.gov.br\/2021\/index.php?rest_route=\/wp\/v2\/posts"}],"about":[{"href":"https:\/\/sefaz.ac.gov.br\/2021\/index.php?rest_route=\/wp\/v2\/types\/post"}],"author":[{"embeddable":true,"href":"https:\/\/sefaz.ac.gov.br\/2021\/index.php?rest_route=\/wp\/v2\/users\/5"}],"replies":[{"embeddable":true,"href":"https:\/\/sefaz.ac.gov.br\/2021\/index.php?rest_route=%2Fwp%2Fv2%2Fcomments&post=22790"}],"version-history":[{"count":3,"href":"https:\/\/sefaz.ac.gov.br\/2021\/index.php?rest_route=\/wp\/v2\/posts\/22790\/revisions"}],"predecessor-version":[{"id":22793,"href":"https:\/\/sefaz.ac.gov.br\/2021\/index.php?rest_route=\/wp\/v2\/posts\/22790\/revisions\/22793"}],"wp:attachment":[{"href":"https:\/\/sefaz.ac.gov.br\/2021\/index.php?rest_route=%2Fwp%2Fv2%2Fmedia&parent=22790"}],"wp:term":[{"taxonomy":"category","embeddable":true,"href":"https:\/\/sefaz.ac.gov.br\/2021\/index.php?rest_route=%2Fwp%2Fv2%2Fcategories&post=22790"},{"taxonomy":"post_tag","embeddable":true,"href":"https:\/\/sefaz.ac.gov.br\/2021\/index.php?rest_route=%2Fwp%2Fv2%2Ftags&post=22790"}],"curies":[{"name":"wp","href":"https:\/\/api.w.org\/{rel}","templated":true}]}}