{"id":22762,"date":"2025-07-31T11:33:08","date_gmt":"2025-07-31T14:33:08","guid":{"rendered":"https:\/\/sefaz.ac.gov.br\/2021\/?p=22762"},"modified":"2025-07-31T11:34:21","modified_gmt":"2025-07-31T14:34:21","slug":"pauta-de-julgamentos-para-o-mes-de-agosto-2025","status":"publish","type":"post","link":"https:\/\/sefaz.ac.gov.br\/2021\/?p=22762","title":{"rendered":"PAUTA DE JULGAMENTOS PARA O M\u00caS DE AGOSTO 2025"},"content":{"rendered":"\n<p class=\"wp-block-paragraph\">O Presidente do Tribunal Administrativo de Tributos Estaduais, no uso de suas atribui\u00e7\u00f5es legais e na forma dos artigos 6\u00ba, VI e 47, ambos do Decreto Estadual n\u00ba 11.502\/2024, torna p\u00fablica a <strong>Pauta de Julgamentos <\/strong>das Sess\u00f5es Ordin\u00e1rias, presencial e por videoconfer\u00eancia, a serem realizadas no m\u00eas de <strong>agosto<\/strong> de 2025, \u00e0s 14h30, na sala de reuni\u00f5es da Secretaria Adjunta da Receita Estadual, situada na Av. Get\u00falio Vargas 1.215, Bosque, Rio Branco \u2013 Acre (depend\u00eancias da Secretaria de Estado da Fazenda). Para a sustenta\u00e7\u00e3o oral por videoconfer\u00eancia, o sujeito passivo dever\u00e1 requerer a sua participa\u00e7\u00e3o at\u00e9 as dezessete horas do dia \u00fatil imediatamente anterior ao da realiza\u00e7\u00e3o da sess\u00e3o, atrav\u00e9s do e-mail: tribunal.administrativo@sefaz.ac.gov.br<\/p>\n\n\n\n<p class=\"has-text-align-center wp-block-paragraph\"><strong>Sess\u00e3o dia 07\/08\/25<\/strong><\/p>\n\n\n\n<figure class=\"wp-block-table\"><table class=\"has-fixed-layout\"><tbody><tr><td>1<\/td><td>Processo:<\/td><td>2017\/10\/04044<\/td><\/tr><tr><td><\/td><td>Recorrente<\/td><td>P C S DE HOLANDA<\/td><\/tr><tr><td><\/td><td>Advogado:<\/td><td>Marcos Antonio Carneiro Lameira OAB\/AC 3.265<\/td><\/tr><tr><td><\/td><td>Recorrido:<\/td><td>Diretor de Administra\u00e7\u00e3o Tribut\u00e1ria<\/td><\/tr><tr><td><\/td><td>Recurso:<\/td><td>Recurso Volunt\u00e1rio<\/td><\/tr><tr><td><\/td><td>Relator:<\/td><td>Julgador Jo\u00e3o Tadeu de Moura<\/td><\/tr><\/tbody><\/table><\/figure>\n\n\n\n<figure class=\"wp-block-table\"><table class=\"has-fixed-layout\"><tbody><tr><td>2<\/td><td>Processo:<\/td><td>2016\/10\/35882<\/td><\/tr><tr><td><\/td><td>Recorrente<\/td><td>P C S DE HOLANDA<\/td><\/tr><tr><td><\/td><td>Advogado:<\/td><td>Marcos Antonio Carneiro Lameira OAB\/AC 3.265&nbsp;<\/td><\/tr><tr><td><\/td><td>Recorrido:<\/td><td>Diretor de Administra\u00e7\u00e3o Tribut\u00e1ria<\/td><\/tr><tr><td><\/td><td>Recurso:<\/td><td>Recurso Volunt\u00e1rio<\/td><\/tr><tr><td><\/td><td>Relator:<\/td><td>Julgador Jo\u00e3o Tadeu de Moura<\/td><\/tr><\/tbody><\/table><\/figure>\n\n\n\n<figure class=\"wp-block-table\"><table class=\"has-fixed-layout\"><tbody><tr><td>3<\/td><td>Processo:<\/td><td>2016\/10\/35883<\/td><\/tr><tr><td><\/td><td>Recorrente<\/td><td>P C S DE HOLANDA<\/td><\/tr><tr><td><\/td><td>Advogado:<\/td><td>Marcos Antonio Carneiro Lameira OAB\/AC 3.265&nbsp;<\/td><\/tr><tr><td><\/td><td>Recorrido:<\/td><td>Diretor de Administra\u00e7\u00e3o Tribut\u00e1ria<\/td><\/tr><tr><td><\/td><td>Recurso:<\/td><td>Recurso Volunt\u00e1rio<\/td><\/tr><tr><td><\/td><td>Relator:<\/td><td>Julgador Jo\u00e3o Tadeu de Moura<\/td><\/tr><\/tbody><\/table><\/figure>\n\n\n\n<figure class=\"wp-block-table\"><table class=\"has-fixed-layout\"><tbody><tr><td>4<\/td><td>Processo:<\/td><td>2016\/10\/37046<\/td><\/tr><tr><td><\/td><td>Recorrente<\/td><td>P C S DE HOLANDA<\/td><\/tr><tr><td><\/td><td>Advogado:<\/td><td>Marcos Antonio Carneiro Lameira OAB\/AC 3.265<\/td><\/tr><tr><td><\/td><td>Recorrido:<\/td><td>Diretor de Administra\u00e7\u00e3o Tribut\u00e1ria<\/td><\/tr><tr><td><\/td><td>Recurso:<\/td><td>Recurso Volunt\u00e1rio<\/td><\/tr><tr><td><\/td><td>Relator:<\/td><td>Julgador Jo\u00e3o Tadeu de Moura<\/td><\/tr><\/tbody><\/table><\/figure>\n\n\n\n<figure class=\"wp-block-table\"><table class=\"has-fixed-layout\"><tbody><tr><td>5<\/td><td>Processo:<\/td><td>2017\/81\/27355<\/td><\/tr><tr><td><\/td><td>Recorrente<\/td><td>ANTONIO WALDEMAR CARNEIRO MACHADO<\/td><\/tr><tr><td><\/td><td>Advogado:<\/td><td>N\u00e3o consta<\/td><\/tr><tr><td><\/td><td>Recorrido:<\/td><td>Diretor de Administra\u00e7\u00e3o Tribut\u00e1ria<\/td><\/tr><tr><td><\/td><td>Recurso:<\/td><td>Recurso Volunt\u00e1rio<\/td><\/tr><tr><td><\/td><td>Relator:<\/td><td>Julgador Carlos Holberque Uchoa Sena<\/td><\/tr><\/tbody><\/table><\/figure>\n\n\n\n<figure class=\"wp-block-table\"><table class=\"has-fixed-layout\"><tbody><tr><td>6<\/td><td>Processo:<\/td><td>2017\/81\/27352<\/td><\/tr><tr><td><\/td><td>Recorrente<\/td><td>ANTONIO WALDEMAR CARNEIRO MACHADO<\/td><\/tr><tr><td><\/td><td>Advogado:<\/td><td>N\u00e3o consta<\/td><\/tr><tr><td><\/td><td>Recorrido:<\/td><td>Diretor de Administra\u00e7\u00e3o Tribut\u00e1ria<\/td><\/tr><tr><td><\/td><td>Recurso:<\/td><td>Recurso Volunt\u00e1rio<\/td><\/tr><tr><td><\/td><td>Relator:<\/td><td>Julgador Carlos Holberque Uchoa Sena<\/td><\/tr><\/tbody><\/table><\/figure>\n\n\n\n<figure class=\"wp-block-table\"><table class=\"has-fixed-layout\"><tbody><tr><td>7<\/td><td>Processo:<\/td><td>2017\/81\/27357<\/td><\/tr><tr><td><\/td><td>Recorrente<\/td><td>ANTONIO WALDEMAR CARNEIRO MACHADO<\/td><\/tr><tr><td><\/td><td>Advogado:<\/td><td>N\u00e3o consta<\/td><\/tr><tr><td><\/td><td>Recorrido:<\/td><td>Diretor de Administra\u00e7\u00e3o Tribut\u00e1ria<\/td><\/tr><tr><td><\/td><td>Recurso:<\/td><td>Recurso Volunt\u00e1rio<\/td><\/tr><tr><td><\/td><td>Relator:<\/td><td>Julgador Carlos Holberque Uchoa Sena<\/td><\/tr><\/tbody><\/table><\/figure>\n\n\n\n<figure class=\"wp-block-table\"><table class=\"has-fixed-layout\"><tbody><tr><td>8<\/td><td>Processo:<\/td><td>2013\/10\/50355<\/td><\/tr><tr><td><\/td><td>Recorrente<\/td><td>JULIO CESAR DA COSTA SILVA &amp; CIA LTDA<\/td><\/tr><tr><td><\/td><td>Advogado:<\/td><td>N\u00e3o consta<\/td><\/tr><tr><td><\/td><td>Recorrido:<\/td><td>Diretor de Administra\u00e7\u00e3o Tribut\u00e1ria<\/td><\/tr><tr><td><\/td><td>Recurso:<\/td><td>Recurso Volunt\u00e1rio<\/td><\/tr><tr><td><\/td><td>Relatora:<\/td><td>Julgadora Camila Fontinele da Silva Caruta&nbsp;<\/td><\/tr><\/tbody><\/table><\/figure>\n\n\n\n<figure class=\"wp-block-table\"><table class=\"has-fixed-layout\"><tbody><tr><td>9<\/td><td>Processo:<\/td><td>2019\/90\/11639<\/td><\/tr><tr><td><\/td><td>Recorrente<\/td><td>BRASIL NORTE BEBIDAS S.A.<\/td><\/tr><tr><td><\/td><td>Advogados:<\/td><td>Luiz Fernando Sachet OAB\/SC 18.429, P\u00e2mela Ferreira da Silva OAB\/AC 5.369 e Layana Cabral M. Moreira OAB\/AM 7.838<\/td><\/tr><tr><td><\/td><td>Recorrido:<\/td><td>Diretor de Administra\u00e7\u00e3o Tribut\u00e1ria<\/td><\/tr><tr><td><\/td><td>Recurso:<\/td><td>Recurso Volunt\u00e1rio<\/td><\/tr><tr><td><\/td><td>Relator:<\/td><td>Julgador Marcos Ant\u00f4nio Maciel Rufino<\/td><\/tr><\/tbody><\/table><\/figure>\n\n\n\n<figure class=\"wp-block-table\"><table class=\"has-fixed-layout\"><tbody><tr><td>10<\/td><td>Processo:<\/td><td>2019\/90\/11640<\/td><\/tr><tr><td><\/td><td>Recorrente<\/td><td>BRASIL NORTE BEBIDAS S.A.<\/td><\/tr><tr><td><\/td><td>Advogados:<\/td><td>Luiz Fernando Sachet OAB\/SC 18.429, P\u00e2mela Ferreira da Silva OAB\/AC 5.369 e Layana Cabral M. Moreira OAB\/AM 7.838<\/td><\/tr><tr><td><\/td><td>Recorrido:<\/td><td>Diretor de Administra\u00e7\u00e3o Tribut\u00e1ria<\/td><\/tr><tr><td><\/td><td>Recurso:<\/td><td>Recurso Volunt\u00e1rio<\/td><\/tr><tr><td><\/td><td>Relator:<\/td><td>Julgador Marcos Ant\u00f4nio Maciel Rufino<\/td><\/tr><\/tbody><\/table><\/figure>\n\n\n\n<figure class=\"wp-block-table\"><table class=\"has-fixed-layout\"><tbody><tr><td>11<\/td><td>Processo:<\/td><td>2019\/90\/11641<\/td><\/tr><tr><td><\/td><td>Recorrente<\/td><td>BRASIL NORTE BEBIDAS S.A.<\/td><\/tr><tr><td><\/td><td>Advogados:<\/td><td>Luiz Fernando Sachet OAB\/SC 18.429, P\u00e2mela Ferreira da Silva OAB\/AC 5.369 e Layana Cabral M. Moreira OAB\/AM 7.838<\/td><\/tr><tr><td><\/td><td>Recorrido:<\/td><td>Diretor de Administra\u00e7\u00e3o Tribut\u00e1ria<\/td><\/tr><tr><td><\/td><td>Recurso:<\/td><td>Recurso Volunt\u00e1rio<\/td><\/tr><tr><td><\/td><td>Relator:<\/td><td>Julgador Marcos Ant\u00f4nio Maciel Rufino<\/td><\/tr><\/tbody><\/table><\/figure>\n\n\n\n<p class=\"has-text-align-center wp-block-paragraph\"><strong>Sess\u00e3o dia 14\/08\/25<\/strong><\/p>\n\n\n\n<figure class=\"wp-block-table\"><table class=\"has-fixed-layout\"><tbody><tr><td>1<\/td><td>Processo:<\/td><td>2019\/10\/22558<\/td><\/tr><tr><td><\/td><td>Recorrente<\/td><td>DISACRE COM\u00c9RCIO E REPRESENTA\u00c7\u00d5ES IMP E EXP LTDA<\/td><\/tr><tr><td><\/td><td>Advogado:<\/td><td>N\u00e3o consta<\/td><\/tr><tr><td><\/td><td>Recorrido:<\/td><td>Diretor de Administra\u00e7\u00e3o Tribut\u00e1ria<\/td><\/tr><tr><td><\/td><td>Recurso:<\/td><td>Recurso Volunt\u00e1rio<\/td><\/tr><tr><td><\/td><td>Relator:<\/td><td>Julgador Hilton de Ara\u00fajo Santos<\/td><\/tr><\/tbody><\/table><\/figure>\n\n\n\n<figure class=\"wp-block-table\"><table class=\"has-fixed-layout\"><tbody><tr><td>2<\/td><td>Processo:<\/td><td>2019\/10\/24382<\/td><\/tr><tr><td><\/td><td>Recorrente<\/td><td>DISACRE COM\u00c9RCIO E REPRESENTA\u00c7\u00d5ES IMP E EXP LTDA<\/td><\/tr><tr><td><\/td><td>Advogado:<\/td><td>N\u00e3o consta<\/td><\/tr><tr><td><\/td><td>Recorrido:<\/td><td>Diretor de Administra\u00e7\u00e3o Tribut\u00e1ria<\/td><\/tr><tr><td><\/td><td>Recurso:<\/td><td>Recurso Volunt\u00e1rio<\/td><\/tr><tr><td><\/td><td>Relator:<\/td><td>Julgador Hilton de Ara\u00fajo Santos<\/td><\/tr><\/tbody><\/table><\/figure>\n\n\n\n<figure class=\"wp-block-table\"><table class=\"has-fixed-layout\"><tbody><tr><td>3<\/td><td>Processo:<\/td><td>2015\/10\/27558<\/td><\/tr><tr><td><\/td><td>Recorrente<\/td><td>POSTO FLORESTA E AGROPECU\u00c1RIA LTDA<\/td><\/tr><tr><td><\/td><td>Advogado:<\/td><td>N\u00e3o consta<\/td><\/tr><tr><td><\/td><td>Recorrido:<\/td><td>Diretor de Administra\u00e7\u00e3o Tribut\u00e1ria<\/td><\/tr><tr><td><\/td><td>Recurso:<\/td><td>Recurso Volunt\u00e1rio<\/td><\/tr><tr><td><\/td><td>Relator:<\/td><td>Julgador Hilton de Ara\u00fajo Santos<\/td><\/tr><\/tbody><\/table><\/figure>\n\n\n\n<figure class=\"wp-block-table\"><table class=\"has-fixed-layout\"><tbody><tr><td>4<\/td><td>Processo:<\/td><td>2017\/10\/14560<\/td><\/tr><tr><td><\/td><td>Recorrente<\/td><td>MERCETOYA PE\u00c7AS E ACESS\u00d3RIOS IMP E EXP LTDA<\/td><\/tr><tr><td><\/td><td>Advogada:<\/td><td>Luiza Mariana Giordani OAB\/AC 4.209<\/td><\/tr><tr><td><\/td><td>Recorrido:<\/td><td>Diretor de Administra\u00e7\u00e3o Tribut\u00e1ria<\/td><\/tr><tr><td><\/td><td>Recurso:<\/td><td>Recurso Volunt\u00e1rio<\/td><\/tr><tr><td><\/td><td>Relator:<\/td><td>Julgador Ant\u00f4nio Raimundo Silva de Almeida<\/td><\/tr><\/tbody><\/table><\/figure>\n\n\n\n<figure class=\"wp-block-table\"><table class=\"has-fixed-layout\"><tbody><tr><td>5<\/td><td>Processo:<\/td><td>2017\/10\/01589<\/td><\/tr><tr><td><\/td><td>Recorrente<\/td><td>MERCETOYA PE\u00c7AS E ACESS\u00d3RIOS IMP E EXP LTDA<\/td><\/tr><tr><td><\/td><td>Advogada:<\/td><td>Luiza Mariana Giordani OAB\/AC 4.209<\/td><\/tr><tr><td><\/td><td>Recorrido:<\/td><td>Diretor de Administra\u00e7\u00e3o Tribut\u00e1ria<\/td><\/tr><tr><td><\/td><td>Recurso:<\/td><td>Recurso Volunt\u00e1rio<\/td><\/tr><tr><td><\/td><td>Relator:<\/td><td>Julgador Ant\u00f4nio Raimundo Silva de Almeida<\/td><\/tr><\/tbody><\/table><\/figure>\n\n\n\n<figure class=\"wp-block-table\"><table class=\"has-fixed-layout\"><tbody><tr><td>6<\/td><td>Processo:<\/td><td>2017\/10\/09152<\/td><\/tr><tr><td><\/td><td>Recorrente<\/td><td>MERCETOYA PE\u00c7AS E ACESS\u00d3RIOS IMP E EXP LTDA<\/td><\/tr><tr><td><\/td><td>Advogada:<\/td><td>Luiza Mariana Giordani OAB\/AC 4.209<\/td><\/tr><tr><td><\/td><td>Recorrido:<\/td><td>Diretor de Administra\u00e7\u00e3o Tribut\u00e1ria<\/td><\/tr><tr><td><\/td><td>Recurso:<\/td><td>Recurso Volunt\u00e1rio<\/td><\/tr><tr><td><\/td><td>Relator:<\/td><td>Julgador Ant\u00f4nio Raimundo Silva de Almeida<\/td><\/tr><\/tbody><\/table><\/figure>\n\n\n\n<figure class=\"wp-block-table\"><table class=\"has-fixed-layout\"><tbody><tr><td>7<\/td><td>Processo:<\/td><td>2016\/10\/14159<\/td><\/tr><tr><td><\/td><td>Recorrente<\/td><td>MERCETOYA PE\u00c7AS E ACESS\u00d3RIOS IMP E EXP LTDA<\/td><\/tr><tr><td><\/td><td>Advogada:<\/td><td>Luiza Mariana Giordani OAB\/AC 4.209<\/td><\/tr><tr><td><\/td><td>Recorrido:<\/td><td>Diretor de Administra\u00e7\u00e3o Tribut\u00e1ria<\/td><\/tr><tr><td><\/td><td>Recurso:<\/td><td>Recurso Volunt\u00e1rio<\/td><\/tr><tr><td><\/td><td>Relator:<\/td><td>Julgador Ant\u00f4nio Raimundo Silva de Almeida<\/td><\/tr><\/tbody><\/table><\/figure>\n\n\n\n<figure class=\"wp-block-table\"><table class=\"has-fixed-layout\"><tbody><tr><td>8<\/td><td>Processo:<\/td><td>2016\/10\/14157<\/td><\/tr><tr><td><\/td><td>Recorrente<\/td><td>MERCETOYA PE\u00c7AS E ACESS\u00d3RIOS IMP E EXP LTDA<\/td><\/tr><tr><td><\/td><td>Advogada:<\/td><td>Luiza Mariana Giordani OAB\/AC 4.209<\/td><\/tr><tr><td><\/td><td>Recorrido:<\/td><td>Diretor de Administra\u00e7\u00e3o Tribut\u00e1ria<\/td><\/tr><tr><td><\/td><td>Recurso:<\/td><td>Recurso Volunt\u00e1rio<\/td><\/tr><tr><td><\/td><td>Relator:<\/td><td>Julgador Ant\u00f4nio Raimundo Silva de Almeida<\/td><\/tr><\/tbody><\/table><\/figure>\n\n\n\n<figure class=\"wp-block-table\"><table class=\"has-fixed-layout\"><tbody><tr><td>9<\/td><td>Processo:<\/td><td>2016\/10\/23683<\/td><\/tr><tr><td><\/td><td>Recorrente<\/td><td>MERCETOYA PE\u00c7AS E ACESS\u00d3RIOS IMP E EXP LTDA<\/td><\/tr><tr><td><\/td><td>Advogada:<\/td><td>Luiza Mariana Giordani OAB\/AC 4.209<\/td><\/tr><tr><td><\/td><td>Recorrido:<\/td><td>Diretor de Administra\u00e7\u00e3o Tribut\u00e1ria<\/td><\/tr><tr><td><\/td><td>Recurso:<\/td><td>Recurso Volunt\u00e1rio<\/td><\/tr><tr><td><\/td><td>Relator:<\/td><td>Julgador Ant\u00f4nio Raimundo Silva de Almeida<\/td><\/tr><\/tbody><\/table><\/figure>\n\n\n\n<figure class=\"wp-block-table\"><table class=\"has-fixed-layout\"><tbody><tr><td>10<\/td><td>Processo:<\/td><td>2018\/10\/16992<\/td><\/tr><tr><td><\/td><td>Recorrente<\/td><td>MERCETOYA PE\u00c7AS E ACESS\u00d3RIOS IMP E EXP LTDA<\/td><\/tr><tr><td><\/td><td>Advogada:<\/td><td>Luiza Mariana Giordani OAB\/AC 4.209<\/td><\/tr><tr><td><\/td><td>Recorrido:<\/td><td>Diretor de Administra\u00e7\u00e3o Tribut\u00e1ria<\/td><\/tr><tr><td><\/td><td>Recurso:<\/td><td>Recurso Volunt\u00e1rio<\/td><\/tr><tr><td><\/td><td>Relator:<\/td><td>Julgador Ant\u00f4nio Raimundo Silva de Almeida<\/td><\/tr><\/tbody><\/table><\/figure>\n\n\n\n<figure class=\"wp-block-table\"><table class=\"has-fixed-layout\"><tbody><tr><td>11<\/td><td>Processo:<\/td><td>2018\/10\/22437<\/td><\/tr><tr><td><\/td><td>Recorrente<\/td><td>MERCETOYA PE\u00c7AS E ACESS\u00d3RIOS IMP E EXP LTDA<\/td><\/tr><tr><td><\/td><td>Advogada:<\/td><td>Luiza Mariana Giordani OAB\/AC 4.209<\/td><\/tr><tr><td><\/td><td>Recorrido:<\/td><td>Diretor de Administra\u00e7\u00e3o Tribut\u00e1ria<\/td><\/tr><tr><td><\/td><td>Recurso:<\/td><td>Recurso Volunt\u00e1rio<\/td><\/tr><tr><td><\/td><td>Relator:<\/td><td>Julgador Ant\u00f4nio Raimundo Silva de Almeida<\/td><\/tr><\/tbody><\/table><\/figure>\n\n\n\n<figure class=\"wp-block-table\"><table class=\"has-fixed-layout\"><tbody><tr><td>12<\/td><td>Processo:<\/td><td>2019\/10\/09046<\/td><\/tr><tr><td><\/td><td>Recorrente<\/td><td>MERCETOYA PE\u00c7AS E ACESS\u00d3RIOS IMP E EXP LTDA<\/td><\/tr><tr><td><\/td><td>Advogada:<\/td><td>Luiza Mariana Giordani OAB\/AC 4.209<\/td><\/tr><tr><td><\/td><td>Recorrido:<\/td><td>Diretor de Administra\u00e7\u00e3o Tribut\u00e1ria<\/td><\/tr><tr><td><\/td><td>Recurso:<\/td><td>Recurso Volunt\u00e1rio<\/td><\/tr><tr><td><\/td><td>Relator:<\/td><td>Julgador Ant\u00f4nio Raimundo Silva de Almeida<\/td><\/tr><\/tbody><\/table><\/figure>\n\n\n\n<figure class=\"wp-block-table\"><table class=\"has-fixed-layout\"><tbody><tr><td>13<\/td><td>Processo:<\/td><td>2017\/10\/03192<\/td><\/tr><tr><td><\/td><td>Recorrente<\/td><td>MERCETOYA PE\u00c7AS E ACESS\u00d3RIOS IMP E EXP LTDA<\/td><\/tr><tr><td><\/td><td>Advogada:<\/td><td>Luiza Mariana Giordani OAB\/AC 4.209<\/td><\/tr><tr><td><\/td><td>Recorrido:<\/td><td>Diretor de Administra\u00e7\u00e3o Tribut\u00e1ria<\/td><\/tr><tr><td><\/td><td>Recurso:<\/td><td>Recurso Volunt\u00e1rio<\/td><\/tr><tr><td><\/td><td>Relator:<\/td><td>Julgador Ant\u00f4nio Raimundo Silva de Almeida<\/td><\/tr><\/tbody><\/table><\/figure>\n\n\n\n<p class=\"has-text-align-center wp-block-paragraph\"><strong>Sess\u00e3o dia 21\/08\/25<\/strong><\/p>\n\n\n\n<figure class=\"wp-block-table\"><table class=\"has-fixed-layout\"><tbody><tr><td>1<\/td><td>Processo:<\/td><td>2011\/81\/27902<\/td><\/tr><tr><td><\/td><td>Recorrente<\/td><td>LGR RIO BRANCO EMPREENDIMENTOS LTDA<\/td><\/tr><tr><td><\/td><td>Advogado:<\/td><td>N\u00e3o consta<\/td><\/tr><tr><td><\/td><td>Recorrido:<\/td><td>Diretor de Administra\u00e7\u00e3o Tribut\u00e1ria<\/td><\/tr><tr><td><\/td><td>Recurso:<\/td><td>Recurso Volunt\u00e1rio<\/td><\/tr><tr><td><\/td><td>Relator:<\/td><td>Julgador Ant\u00f4nio Carlos de Ara\u00fajo Pereira<\/td><\/tr><\/tbody><\/table><\/figure>\n\n\n\n<figure class=\"wp-block-table\"><table class=\"has-fixed-layout\"><tbody><tr><td>2<\/td><td>Processo:<\/td><td>2013\/10\/50384<\/td><\/tr><tr><td><\/td><td>Recorrente<\/td><td>LGR RIO BRANCO EMPREENDIMENTOS LTDA<\/td><\/tr><tr><td><\/td><td>Advogados:<\/td><td>Thiago Vin\u00edcius Gwozdz Poersh&nbsp; OAB\/ MG 3.172, Jo\u00e3o Gilberto Freire Goulart OAB\/MG 73.169<\/td><\/tr><tr><td><\/td><td>Recorrido:<\/td><td>Diretor de Administra\u00e7\u00e3o Tribut\u00e1ria<\/td><\/tr><tr><td><\/td><td>Recurso:<\/td><td>Recurso Volunt\u00e1rio<\/td><\/tr><tr><td><\/td><td>Relator:<\/td><td>Julgador Ant\u00f4nio Carlos de Ara\u00fajo Pereira<\/td><\/tr><\/tbody><\/table><\/figure>\n\n\n\n<figure class=\"wp-block-table\"><table class=\"has-fixed-layout\"><tbody><tr><td>3<\/td><td>Processo:<\/td><td>2016\/10\/23108<\/td><\/tr><tr><td><\/td><td>Recorrente<\/td><td>LGR RIO BRANCO EMPREENDIMENTOS LTDA<\/td><\/tr><tr><td><\/td><td>Advogados:<\/td><td>Thiago Vin\u00edcius Gwozdz Poersh&nbsp; OAB\/ MG 3.172, Jo\u00e3o Gilberto Freire Goulart OAB\/MG 73.169, Cristiano Silva Colepicolo OAB\/MG 81.376 e Guilherme Costa Val OAB\/MG 98.609<\/td><\/tr><tr><td><\/td><td>Recorrido:<\/td><td>Diretor de Administra\u00e7\u00e3o Tribut\u00e1ria&nbsp;<\/td><\/tr><tr><td><\/td><td>Recurso:<\/td><td>Recurso Volunt\u00e1rio<\/td><\/tr><tr><td><\/td><td>Relator:<\/td><td>Julgador Ant\u00f4nio Carlos de Ara\u00fajo Pereira<\/td><\/tr><\/tbody><\/table><\/figure>\n\n\n\n<figure class=\"wp-block-table\"><table class=\"has-fixed-layout\"><tbody><tr><td>4<\/td><td>Processo:<\/td><td>2017\/81\/19483<\/td><\/tr><tr><td><\/td><td>Recorrente<\/td><td>M L R ALBUQUERQUE<\/td><\/tr><tr><td><\/td><td>Advogado:<\/td><td>N\u00e3o consta<\/td><\/tr><tr><td><\/td><td>Recorrido:<\/td><td>Diretor de Administra\u00e7\u00e3o Tribut\u00e1ria&nbsp;<\/td><\/tr><tr><td><\/td><td>Recurso:<\/td><td>Recurso Volunt\u00e1rio<\/td><\/tr><tr><td><\/td><td>Relator:<\/td><td>Julgador Marcos Ant\u00f4nio Maciel Rufino<\/td><\/tr><\/tbody><\/table><\/figure>\n\n\n\n<figure class=\"wp-block-table\"><table class=\"has-fixed-layout\"><tbody><tr><td>5<\/td><td>Processo:<\/td><td>2017\/81\/19511<\/td><\/tr><tr><td><\/td><td>Recorrente<\/td><td>M L R ALBUQUERQUE<\/td><\/tr><tr><td><\/td><td>Advogado:<\/td><td>N\u00e3o consta<\/td><\/tr><tr><td><\/td><td>Recorrido:<\/td><td>Diretor de Administra\u00e7\u00e3o Tribut\u00e1ria&nbsp;<\/td><\/tr><tr><td><\/td><td>Recurso:<\/td><td>Recurso Volunt\u00e1rio<\/td><\/tr><tr><td><\/td><td>Relator:<\/td><td>Julgador Marcos Ant\u00f4nio Maciel Rufino<\/td><\/tr><\/tbody><\/table><\/figure>\n\n\n\n<figure class=\"wp-block-table\"><table class=\"has-fixed-layout\"><tbody><tr><td>6<\/td><td>Processo:<\/td><td>2017\/81\/19518<\/td><\/tr><tr><td><\/td><td>Recorrente<\/td><td>M L R ALBUQUERQUE<\/td><\/tr><tr><td><\/td><td>Advogado:<\/td><td>N\u00e3o consta<\/td><\/tr><tr><td><\/td><td>Recorrido:<\/td><td>Diretor de Administra\u00e7\u00e3o Tribut\u00e1ria&nbsp;<\/td><\/tr><tr><td><\/td><td>Recurso:<\/td><td>Recurso Volunt\u00e1rio<\/td><\/tr><tr><td><\/td><td>Relator:<\/td><td>Julgador Marcos Ant\u00f4nio Maciel Rufino<\/td><\/tr><\/tbody><\/table><\/figure>\n\n\n\n<p class=\"has-text-align-center wp-block-paragraph\"><strong>Sess\u00e3o 28\/08\/25<\/strong><\/p>\n\n\n\n<figure class=\"wp-block-table\"><table class=\"has-fixed-layout\"><tbody><tr><td>1<\/td><td>Processo:<\/td><td>2019\/90\/34121<\/td><\/tr><tr><td><\/td><td>Recorrente<\/td><td>DISTRIBUIDORA EQUADOR DE PRODUTOS DE PETR\u00d3LEO LTDA<\/td><\/tr><tr><td><\/td><td>Advogados:<\/td><td>Lib\u00f3rio Gon\u00e7alo Vieira de S\u00e1 OAB\/PE 670-B,&nbsp; Brivaldo Gon\u00e7alves Teixeira Neto OAB\/PE 37.915<\/td><\/tr><tr><td><\/td><td>Recorrido:<\/td><td>Diretor de Administra\u00e7\u00e3o Tribut\u00e1ria<\/td><\/tr><tr><td><\/td><td>Recurso:<\/td><td>Recurso Volunt\u00e1rio<\/td><\/tr><tr><td><\/td><td>Relatora:<\/td><td>Julgadora Ma\u00edra Vasconcelos da Silva<\/td><\/tr><\/tbody><\/table><\/figure>\n\n\n\n<figure class=\"wp-block-table\"><table class=\"has-fixed-layout\"><tbody><tr><td>2<\/td><td>Processo:<\/td><td>2019\/90\/34137<\/td><\/tr><tr><td><\/td><td>Recorrente<\/td><td>DISTRIBUIDORA EQUADOR DE PRODUTOS DE PETR\u00d3LEO LTDA<\/td><\/tr><tr><td><\/td><td>Advogados:<\/td><td>Lib\u00f3rio Gon\u00e7alo Vieira de S\u00e1 OAB\/PE 670-B,&nbsp; Brivaldo Gon\u00e7alves Teixeira Neto OAB\/PE 37.915<\/td><\/tr><tr><td><\/td><td>Recorrido:<\/td><td>Diretor de Administra\u00e7\u00e3o Tribut\u00e1ria<\/td><\/tr><tr><td><\/td><td>Recurso:<\/td><td>Recurso Volunt\u00e1rio<\/td><\/tr><tr><td><\/td><td>Relatora:<\/td><td>Julgadora Ma\u00edra Vasconcelos da Silva<\/td><\/tr><\/tbody><\/table><\/figure>\n\n\n\n<figure class=\"wp-block-table\"><table class=\"has-fixed-layout\"><tbody><tr><td>3<\/td><td>Processo:<\/td><td>2019\/90\/34148<\/td><\/tr><tr><td><\/td><td>Recorrente<\/td><td>DISTRIBUIDORA EQUADOR DE PRODUTOS DE PETR\u00d3LEO LTDA<\/td><\/tr><tr><td><\/td><td>Advogados:<\/td><td>Lib\u00f3rio Gon\u00e7alo Vieira de S\u00e1 OAB\/PE 670-B,&nbsp; Brivaldo Gon\u00e7alves Teixeira Neto OAB\/PE 37.915<\/td><\/tr><tr><td><\/td><td>Recorrido:<\/td><td>Diretor de Administra\u00e7\u00e3o Tribut\u00e1ria<\/td><\/tr><tr><td><\/td><td>Recurso:<\/td><td>Recurso Volunt\u00e1rio<\/td><\/tr><tr><td><\/td><td>Relatora:<\/td><td>Julgadora Ma\u00edra Vasconcelos da Silva<\/td><\/tr><\/tbody><\/table><\/figure>\n\n\n\n<figure class=\"wp-block-table\"><table class=\"has-fixed-layout\"><tbody><tr><td>4<\/td><td>Processo:<\/td><td>2019\/90\/34168<\/td><\/tr><tr><td><\/td><td>Recorrente<\/td><td>DISTRIBUIDORA EQUADOR DE PRODUTOS DE PETR\u00d3LEO LTDA<\/td><\/tr><tr><td><\/td><td>Advogados:<\/td><td>Lib\u00f3rio Gon\u00e7alo Vieira de S\u00e1 OAB\/PE 670-B,&nbsp; Brivaldo Gon\u00e7alves Teixeira Neto OAB\/PE 37.915<\/td><\/tr><tr><td><\/td><td>Recorrido:<\/td><td>Diretor de Administra\u00e7\u00e3o Tribut\u00e1ria<\/td><\/tr><tr><td><\/td><td>Recurso:<\/td><td>Recurso Volunt\u00e1rio<\/td><\/tr><tr><td><\/td><td>Relatora:<\/td><td>Julgadora Ma\u00edra Vasconcelos da Silva<\/td><\/tr><\/tbody><\/table><\/figure>\n\n\n\n<figure class=\"wp-block-table\"><table class=\"has-fixed-layout\"><tbody><tr><td>5<\/td><td>Processo:<\/td><td>2019\/90\/34175<\/td><\/tr><tr><td><\/td><td>Recorrente<\/td><td>DISTRIBUIDORA EQUADOR DE PRODUTOS DE PETR\u00d3LEO LTDA<\/td><\/tr><tr><td><\/td><td>Advogados:<\/td><td>Lib\u00f3rio Gon\u00e7alo Vieira de S\u00e1 OAB\/PE 670-B &nbsp; Brivaldo Gon\u00e7alves Teixeira Neto OAB\/PE 37.915<\/td><\/tr><tr><td><\/td><td>Recorrido:<\/td><td>Diretor de Administra\u00e7\u00e3o Tribut\u00e1ria<\/td><\/tr><tr><td><\/td><td>Recurso:<\/td><td>Recurso Volunt\u00e1rio<\/td><\/tr><tr><td><\/td><td>Relatora:<\/td><td>Julgadora Ma\u00edra Vasconcelos da Silva<\/td><\/tr><\/tbody><\/table><\/figure>\n\n\n\n<figure class=\"wp-block-table\"><table class=\"has-fixed-layout\"><tbody><tr><td>6<\/td><td>Processo:<\/td><td>2020\/145\/23109<\/td><\/tr><tr><td><\/td><td>Recorrente<\/td><td>EDILEUDO ROCHA DA SILVA<\/td><\/tr><tr><td><\/td><td>Advogado:<\/td><td>N\u00e3o consta<\/td><\/tr><tr><td><\/td><td>Recorrido:<\/td><td>Diretor de Administra\u00e7\u00e3o Tribut\u00e1ria<\/td><\/tr><tr><td><\/td><td>Recurso:<\/td><td>Recurso Volunt\u00e1rio<\/td><\/tr><tr><td><\/td><td>Relator:<\/td><td>Julgador Hilton de Ara\u00fajo Santos<\/td><\/tr><\/tbody><\/table><\/figure>\n\n\n\n<figure class=\"wp-block-table\"><table class=\"has-fixed-layout\"><tbody><tr><td>7<\/td><td>Processo:<\/td><td>2019\/145\/51315<\/td><\/tr><tr><td><\/td><td>Recorrente<\/td><td>JO\u00c3O MACIEL DE ARA\u00daJO<\/td><\/tr><tr><td><\/td><td>Advogado:<\/td><td>N\u00e3o consta<\/td><\/tr><tr><td><\/td><td>Recorrido:<\/td><td>Diretor de Administra\u00e7\u00e3o Tribut\u00e1ria<\/td><\/tr><tr><td><\/td><td>Recurso:<\/td><td>Recurso Volunt\u00e1rio<\/td><\/tr><tr><td><\/td><td>Relator:<\/td><td>Julgador Hilton de Ara\u00fajo Santos<\/td><\/tr><\/tbody><\/table><\/figure>\n\n\n\n<figure class=\"wp-block-table\"><table class=\"has-fixed-layout\"><tbody><tr><td>8<\/td><td>Processo:<\/td><td>2017\/90\/19458<\/td><\/tr><tr><td><\/td><td>Recorrente<\/td><td>M L R ALBUQUERQUE<\/td><\/tr><tr><td><\/td><td>Advogado:<\/td><td>N\u00e3o consta<\/td><\/tr><tr><td><\/td><td>Recorrido:<\/td><td>Diretor de Administra\u00e7\u00e3o Tribut\u00e1ria&nbsp;<\/td><\/tr><tr><td><\/td><td>Recurso:<\/td><td>Recurso Volunt\u00e1rio<\/td><\/tr><tr><td><\/td><td>Relator:<\/td><td>Julgador Marcos Ant\u00f4nio Maciel Rufino<\/td><\/tr><\/tbody><\/table><\/figure>\n\n\n\n<figure class=\"wp-block-table\"><table class=\"has-fixed-layout\"><tbody><tr><td>9<\/td><td>Processo:<\/td><td>2017\/81\/19521<\/td><\/tr><tr><td><\/td><td>Recorrente<\/td><td>M L R ALBUQUERQUE<\/td><\/tr><tr><td><\/td><td>Advogado:<\/td><td>N\u00e3o consta<\/td><\/tr><tr><td><\/td><td>Recorrido:<\/td><td>Diretor de Administra\u00e7\u00e3o Tribut\u00e1ria&nbsp;<\/td><\/tr><tr><td><\/td><td>Recurso:<\/td><td>Recurso Volunt\u00e1rio<\/td><\/tr><tr><td><\/td><td>Relator:<\/td><td>Julgador Marcos Ant\u00f4nio Maciel Rufino<\/td><\/tr><\/tbody><\/table><\/figure>\n\n\n\n<p class=\"wp-block-paragraph\">Rio Branco, 30 de julho de 2025.<\/p>\n","protected":false},"excerpt":{"rendered":"<p>Tribunal Administrativo de Tributos Estaduais<br \/>\nPAUTA DE JULGAMENTOS PARA O M\u00caS DE AGOSTO 2025<\/p>\n","protected":false},"author":5,"featured_media":0,"comment_status":"closed","ping_status":"closed","sticky":false,"template":"","format":"standard","meta":{"_acf_changed":false,"footnotes":""},"categories":[47,46],"tags":[119],"class_list":["post-22762","post","type-post","status-publish","format-standard","hentry","category-pauta-de-julgamentos","category-conselho-de-contribuintes","tag-tate-pauta-de-julgamentos"],"acf":[],"_links":{"self":[{"href":"https:\/\/sefaz.ac.gov.br\/2021\/index.php?rest_route=\/wp\/v2\/posts\/22762","targetHints":{"allow":["GET"]}}],"collection":[{"href":"https:\/\/sefaz.ac.gov.br\/2021\/index.php?rest_route=\/wp\/v2\/posts"}],"about":[{"href":"https:\/\/sefaz.ac.gov.br\/2021\/index.php?rest_route=\/wp\/v2\/types\/post"}],"author":[{"embeddable":true,"href":"https:\/\/sefaz.ac.gov.br\/2021\/index.php?rest_route=\/wp\/v2\/users\/5"}],"replies":[{"embeddable":true,"href":"https:\/\/sefaz.ac.gov.br\/2021\/index.php?rest_route=%2Fwp%2Fv2%2Fcomments&post=22762"}],"version-history":[{"count":2,"href":"https:\/\/sefaz.ac.gov.br\/2021\/index.php?rest_route=\/wp\/v2\/posts\/22762\/revisions"}],"predecessor-version":[{"id":22764,"href":"https:\/\/sefaz.ac.gov.br\/2021\/index.php?rest_route=\/wp\/v2\/posts\/22762\/revisions\/22764"}],"wp:attachment":[{"href":"https:\/\/sefaz.ac.gov.br\/2021\/index.php?rest_route=%2Fwp%2Fv2%2Fmedia&parent=22762"}],"wp:term":[{"taxonomy":"category","embeddable":true,"href":"https:\/\/sefaz.ac.gov.br\/2021\/index.php?rest_route=%2Fwp%2Fv2%2Fcategories&post=22762"},{"taxonomy":"post_tag","embeddable":true,"href":"https:\/\/sefaz.ac.gov.br\/2021\/index.php?rest_route=%2Fwp%2Fv2%2Ftags&post=22762"}],"curies":[{"name":"wp","href":"https:\/\/api.w.org\/{rel}","templated":true}]}}