{"id":22126,"date":"2024-10-11T10:04:24","date_gmt":"2024-10-11T13:04:24","guid":{"rendered":"https:\/\/sefaz.ac.gov.br\/2021\/?p=22126"},"modified":"2025-04-15T10:05:12","modified_gmt":"2025-04-15T13:05:12","slug":"decreto-no-11-564-de-11-de-outubro-de-2024","status":"publish","type":"post","link":"https:\/\/sefaz.ac.gov.br\/2021\/?p=22126","title":{"rendered":"DECRETO N\u00ba 11.564, DE 11 DE OUTUBRO DE 2024"},"content":{"rendered":"\n<p class=\"wp-block-paragraph\"><strong>O GOVERNADOR DO ESTADO DO ACRE<\/strong><\/p>\n\n\n\n<p class=\"wp-block-paragraph\"><strong>FA\u00c7O SABER<\/strong> que a Assembleia Legislativa do Estado do Acre decreta e eu sanciono a seguinte Lei:<\/p>\n\n\n\n<p class=\"wp-block-paragraph\">Art. 1\u00ba S\u00e3o benefici\u00e1rios da subven\u00e7\u00e3o econ\u00f4mica prevista no art. 1\u00ba da Lei n\u00ba 1.277, de 13 de janeiro de 1999, os produtores agroextrativistas que atendam aos seguintes requisitos da produ\u00e7\u00e3o familiar:<\/p>\n\n\n\n<p class=\"wp-block-paragraph\">I &#8211; utilize seu trabalho direto e o de sua fam\u00edlia na \u00e1rea de produ\u00e7\u00e3o, vedada a utiliza\u00e7\u00e3o permanente de m\u00e3o de obra de terceiros;<\/p>\n\n\n\n<p class=\"wp-block-paragraph\">II &#8211; resida na \u00e1rea de produ\u00e7\u00e3o;<\/p>\n\n\n\n<p class=\"wp-block-paragraph\">III &#8211; tenha como principal fonte de renda a explora\u00e7\u00e3o extrativista, agroextrativista ou agropecu\u00e1ria;<\/p>\n\n\n\n<p class=\"wp-block-paragraph\">IV &#8211; esteja vinculado \u00e0s organiza\u00e7\u00f5es da sociedade civil representativas dos produtores nas atividades de que trata o inciso III.<\/p>\n\n\n\n<p class=\"wp-block-paragraph\">\u00a7 1\u00ba Para efeitos deste Decreto, consideram-se organiza\u00e7\u00f5es da sociedade civil representativas dos produtores as associa\u00e7\u00f5es, as cooperativas, os sindicatos e as centrais de cooperativas legalmente constitu\u00eddas e compostas por produtores que exer\u00e7am explora\u00e7\u00e3o extrativista, agroextrativista ou agropecu\u00e1ria, com cadastro atualizado junto \u00e0 Secretaria de Estado de Agricultura &#8211; SEAGRI.<\/p>\n\n\n\n<p class=\"wp-block-paragraph\">\u00a7 2\u00ba Poder\u00e3o ser realizadas parcerias com as organiza\u00e7\u00f5es da sociedade civil para realiza\u00e7\u00e3o do pagamento da subven\u00e7\u00e3o econ\u00f4mica aos produtores.<\/p>\n\n\n\n<p class=\"wp-block-paragraph\">\u00a7 3\u00ba Compete \u00e0 Secretaria de Estado de Agricultura &#8211; SEAGRI:<\/p>\n\n\n\n<p class=\"wp-block-paragraph\">I &#8211; o cadastramento dos produtores e das organiza\u00e7\u00f5es representativas interessadas em participar do programa de subven\u00e7\u00e3o;<\/p>\n\n\n\n<p class=\"wp-block-paragraph\">II &#8211; a gest\u00e3o, operacionaliza\u00e7\u00e3o, atualiza\u00e7\u00e3o e metodologia de execu\u00e7\u00e3o do pagamento da subven\u00e7\u00e3o econ\u00f4mica.<\/p>\n\n\n\n<p class=\"wp-block-paragraph\">Art. 2\u00ba Fica estabelecido o valor nominal da subven\u00e7\u00e3o econ\u00f4mica para os produtos, na forma abaixo:<\/p>\n\n\n\n<p class=\"wp-block-paragraph\">I &#8211; L\u00e1tex Cultivo Vale do Acre: Purus, Baixo Acre e Alto Acre R$ 4,20 (quatro reais e vinte centavos);<\/p>\n\n\n\n<p class=\"wp-block-paragraph\">II &#8211; L\u00e1tex Nativo Vale do Acre: Purus, Baixo Acre e Alto Acre R$ 4,40 (quatro reais e quarenta centavos);<\/p>\n\n\n\n<p class=\"wp-block-paragraph\">III &#8211; Folha Defumada L\u00edquida &#8211; FDL: R$ 3,50 (tr\u00eas reais e cinquenta centavos);<\/p>\n\n\n\n<p class=\"wp-block-paragraph\">IV &#8211; Co\u00e1gulo Virgem Prensado &#8211; CVP Nativo: R$ 2,30 (dois reais e trinta centavos).<\/p>\n\n\n\n<p class=\"wp-block-paragraph\">V &#8211; Co\u00e1gulo Virgem Prensado &#8211; CVP Cultivo: $ 1,30 (um real e trinta centavos).<\/p>\n\n\n\n<p class=\"wp-block-paragraph\">IX &#8211; Murmuru: R$ 1,00 (um real).<\/p>\n\n\n\n<p class=\"wp-block-paragraph\">Par\u00e1grafo \u00fanico. A subven\u00e7\u00e3o econ\u00f4mica ser\u00e1 paga diretamente aos produtores ou, indiretamente, por meio das organiza\u00e7\u00f5es da sociedade civil que os representam.<\/p>\n\n\n\n<p class=\"has-text-color has-link-color wp-elements-1 wp-block-paragraph\" style=\"color:#f02b2b\">Nova reda\u00e7\u00e3o dada ao Art. 3\u00ba pelo Decreto n\u00ba 11.676, de 11 de abril de 2025. Efeitos a partir de 11 de abril de 2025.<\/p>\n\n\n\n<p class=\"wp-block-paragraph\">Art. 3\u00ba Os pagamentos ser\u00e3o realizados aos benefici\u00e1rios conforme o calend\u00e1rio de recebimento de notas fiscais na Secretaria de Estado de Agricultura &#8211; SEAGRI.<\/p>\n\n\n\n<blockquote class=\"wp-block-quote is-layout-flow wp-block-quote-is-layout-flow\">\n<p class=\"has-text-color has-link-color wp-elements-2 wp-block-paragraph\" style=\"color:#08b418\"><strong>Reda\u00e7\u00e3o original: <\/strong>efeitos at\u00e9 10 de abril de 2025.<\/p>\n\n\n\n<p class=\"has-text-color has-link-color wp-elements-3 wp-block-paragraph\" style=\"color:#08b418\">Art. 3\u00ba Os pagamentos ser\u00e3o realizados aos benefici\u00e1rios quatro vezes ao ano, conforme o calend\u00e1rio de recebimento de notas fiscais na Secretaria de Estado de Agricultura &#8211; SEAGRI, na forma abaixo:<\/p>\n\n\n\n<p class=\"has-text-color has-link-color wp-elements-4 wp-block-paragraph\" style=\"color:#08b418\">I &#8211; 1\u00ba bloco de recebimento: notas fiscais recebidas pela SEAGRI dos meses de dezembro do ano anterior a mar\u00e7o, com pagamento em abril;<\/p>\n\n\n\n<p class=\"has-text-color has-link-color wp-elements-5 wp-block-paragraph\" style=\"color:#08b418\">II &#8211; 2\u00ba bloco de recebimento: notas fiscais recebidas pela SEAGRI dos meses de abril a junho, com pagamento em julho;<\/p>\n\n\n\n<p class=\"has-text-color has-link-color wp-elements-6 wp-block-paragraph\" style=\"color:#08b418\">III &#8211; 3\u00ba bloco de recebimento: notas fiscais recebidas pela SEAGRI dos meses de julho a setembro, com pagamento em outubro;<\/p>\n\n\n\n<p class=\"has-text-color has-link-color wp-elements-7 wp-block-paragraph\" style=\"color:#08b418\">IV &#8211; 4\u00ba bloco de recebimento: notas fiscais recebidas pela SEAGRI de outubro e novembro, com pagamento em dezembro.<\/p>\n<\/blockquote>\n\n\n\n<p class=\"wp-block-paragraph\">Art. 4\u00ba A pol\u00edtica da subven\u00e7\u00e3o econ\u00f4mica ter\u00e1 como \u00f3rg\u00e3o colegiado e estrutura de governan\u00e7a o Conselho Estadual de Desenvolvimento Rural e Florestal Sustent\u00e1vel &#8211; CDRFS.<\/p>\n\n\n\n<p class=\"wp-block-paragraph\">Art. 5\u00ba Fica a Secretaria de Estado de Agricultura &#8211; SEAGRI autorizada a:<\/p>\n\n\n\n<p class=\"wp-block-paragraph\">I &#8211; regulamentar a execu\u00e7\u00e3o e operacionaliza\u00e7\u00e3o da subven\u00e7\u00e3o econ\u00f4mica;<\/p>\n\n\n\n<p class=\"wp-block-paragraph\">II &#8211; instituir o plano de monitoramento, com a\u00e7\u00f5es e atividades a serem desenvolvidas para o acompanhamento e fiscaliza\u00e7\u00e3o do pagamento da subven\u00e7\u00e3o econ\u00f4mica;<\/p>\n\n\n\n<p class=\"wp-block-paragraph\">III &#8211; criar o Manual Operativo de Pagamento da Subven\u00e7\u00e3o Econ\u00f4mica &#8211; MOPSE.<\/p>\n\n\n\n<p class=\"wp-block-paragraph\">Art. 6\u00ba As despesas decorrentes da subven\u00e7\u00e3o econ\u00f4mica correr\u00e3o por conta de dota\u00e7\u00e3o or\u00e7ament\u00e1ria pr\u00f3pria do tesouro estadual, conforme a seguir:<\/p>\n\n\n\n<p class=\"wp-block-paragraph\">I &#8211; Elemento de Despesa: 3.3.90.45.00 &#8211; Subven\u00e7\u00f5es Econ\u00f4micas;<\/p>\n\n\n\n<p class=\"wp-block-paragraph\">II &#8211; Fontes de Recurso: 1500100 (Recursos Pr\u00f3prios do Tesouro) 17030200 e 27030200 (Contribui\u00e7\u00e3o Financeira N\u00e3o Reembols\u00e1vel\/REM).<\/p>\n\n\n\n<p class=\"wp-block-paragraph\">Art. 7\u00ba Fica revogado o Decreto n\u00ba 6.153, de 16 de junho de 2020.<\/p>\n\n\n\n<p class=\"has-text-color has-link-color wp-elements-8 wp-block-paragraph\" style=\"color:#f02b2b\">Nova reda\u00e7\u00e3o dada ao Art. 8\u00ba pelo Decreto n\u00ba 11.676, de 11 de abril de 2025. Efeitos a partir de 11 de abril de 2025.<\/p>\n\n\n\n<p class=\"wp-block-paragraph\">Art. 8\u00ba Este Decreto entra em vigor na data de sua publica\u00e7\u00e3o, com efeitos a contar de 1\u00ba de janeiro de 2024.<\/p>\n\n\n\n<blockquote class=\"wp-block-quote is-layout-flow wp-block-quote-is-layout-flow\">\n<p class=\"has-text-color has-link-color wp-elements-9 wp-block-paragraph\" style=\"color:#08b418\"><strong>Reda\u00e7\u00e3o original: <\/strong>efeitos at\u00e9 10 de abril de 2025.<\/p>\n\n\n\n<p class=\"has-text-color has-link-color wp-elements-10 wp-block-paragraph\" style=\"color:#08b418\">Art. 8\u00ba Este Decreto entra em vigor na data de sua publica\u00e7\u00e3o.<\/p>\n<\/blockquote>\n\n\n\n<p class=\"wp-block-paragraph\">Rio Branco &#8211; Acre, 11 de outubro de 2024, 136\u00ba da Rep\u00fablica, 122\u00ba do Tratado de Petr\u00f3polis e 63\u00ba do Estado do Acre.<\/p>\n","protected":false},"excerpt":{"rendered":"<p>Regulamenta a Lei n\u00ba 1.277, de 13 de janeiro de 1999, que institui a subven\u00e7\u00e3o econ\u00f4mica aos produtores estaduais na explora\u00e7\u00e3o de produtos florestais e revoga o Decreto n\u00ba 6.153, de 16 de junho de 2020.<\/p>\n","protected":false},"author":5,"featured_media":0,"comment_status":"closed","ping_status":"closed","sticky":false,"template":"","format":"standard","meta":{"_acf_changed":false,"footnotes":""},"categories":[32,3],"tags":[35],"class_list":["post-22126","post","type-post","status-publish","format-standard","hentry","category-decretos","category-legislacao","tag-icms"],"acf":[],"_links":{"self":[{"href":"https:\/\/sefaz.ac.gov.br\/2021\/index.php?rest_route=\/wp\/v2\/posts\/22126","targetHints":{"allow":["GET"]}}],"collection":[{"href":"https:\/\/sefaz.ac.gov.br\/2021\/index.php?rest_route=\/wp\/v2\/posts"}],"about":[{"href":"https:\/\/sefaz.ac.gov.br\/2021\/index.php?rest_route=\/wp\/v2\/types\/post"}],"author":[{"embeddable":true,"href":"https:\/\/sefaz.ac.gov.br\/2021\/index.php?rest_route=\/wp\/v2\/users\/5"}],"replies":[{"embeddable":true,"href":"https:\/\/sefaz.ac.gov.br\/2021\/index.php?rest_route=%2Fwp%2Fv2%2Fcomments&post=22126"}],"version-history":[{"count":2,"href":"https:\/\/sefaz.ac.gov.br\/2021\/index.php?rest_route=\/wp\/v2\/posts\/22126\/revisions"}],"predecessor-version":[{"id":22128,"href":"https:\/\/sefaz.ac.gov.br\/2021\/index.php?rest_route=\/wp\/v2\/posts\/22126\/revisions\/22128"}],"wp:attachment":[{"href":"https:\/\/sefaz.ac.gov.br\/2021\/index.php?rest_route=%2Fwp%2Fv2%2Fmedia&parent=22126"}],"wp:term":[{"taxonomy":"category","embeddable":true,"href":"https:\/\/sefaz.ac.gov.br\/2021\/index.php?rest_route=%2Fwp%2Fv2%2Fcategories&post=22126"},{"taxonomy":"post_tag","embeddable":true,"href":"https:\/\/sefaz.ac.gov.br\/2021\/index.php?rest_route=%2Fwp%2Fv2%2Ftags&post=22126"}],"curies":[{"name":"wp","href":"https:\/\/api.w.org\/{rel}","templated":true}]}}