{"id":22104,"date":"2022-08-28T09:37:41","date_gmt":"2022-08-28T12:37:41","guid":{"rendered":"https:\/\/sefaz.ac.gov.br\/2021\/?p=22104"},"modified":"2025-04-15T09:47:45","modified_gmt":"2025-04-15T12:47:45","slug":"portaria-sefaz-no-447-de-28-de-agosto-de-2022","status":"publish","type":"post","link":"https:\/\/sefaz.ac.gov.br\/2021\/?p=22104","title":{"rendered":"PORTARIA SEFAZ N\u00ba 447, DE 28 DE AGOSTO DE 2022"},"content":{"rendered":"\n<p class=\"wp-block-paragraph\"><strong>O SECRET\u00c1RIO DE ESTADO DA FAZENDA, EM EXERC\u00cdCIO<\/strong>, no uso de suas atribui\u00e7\u00f5es constitucionais e legais que lhe confere o Decreto n\u00ba 6.816, de 16 de setembro de 2020, publicado no Di\u00e1rio Oficial n\u00ba 12.882, de 17 de setembro de2020; e<\/p>\n\n\n\n<p class=\"wp-block-paragraph\">CONSIDERANDO as disposi\u00e7\u00f5es contidas na Emenda Constitucional n\u00ba 123, de 14 de julho de 2022, no Conv\u00eanio ICMS n\u00ba 116, de 27 de julho de 2022, e no Decreto n\u00ba 11.110, de 22 de agosto de 2022;<\/p>\n\n\n\n<p class=\"wp-block-paragraph\">CONSIDERANDO o Despacho n\u00ba 930\/2022\/SEFAZ &#8211; GSA RE (SEI 4847080); e<\/p>\n\n\n\n<p class=\"wp-block-paragraph\">CONSIDERANDO o constante dos autos do processo n\u00ba 0715.012496.00029\/ 2022-12.<\/p>\n\n\n\n<p class=\"wp-block-paragraph\"><strong>RESOLVE:<\/strong><\/p>\n\n\n\n<p class=\"wp-block-paragraph\">Art. 1\u00ba O cr\u00e9dito outorgado do Imposto sobre Opera\u00e7\u00f5es relativas \u00e0 Circula\u00e7\u00e3o de Mercadorias e sobre Presta\u00e7\u00f5es de Servi\u00e7os de Transporte Interestadual e Intermunicipal e de Comunica\u00e7\u00e3o &#8211; ICMS concedido aos produtores ou distribuidores de etanol hidratado combust\u00edvel &#8211; EHC estabelecidos no Estado, nos termos da Decreto n\u00ba 11.110, de 22 de agosto de 2022, ser\u00e1 apropriado com observ\u00e2ncia aos limites e procedimentos estabelecidos nesta Portaria.<\/p>\n\n\n\n<p class=\"wp-block-paragraph\">Art. 2\u00ba Est\u00e3o aptos ao benef\u00edcio os distribuidores de etanol hidratado combust\u00edvel &#8211; EHC, estabelecidos no Estado do Acre, relacionados no Anexo \u00danico desta Portaria, conjuntamente com os respectivos montantes de cr\u00e9ditos autorizados.<\/p>\n\n\n\n<p class=\"wp-block-paragraph\">&nbsp;\u00a7 1\u00ba O valor indicado na coluna \u201cCr\u00e9dito Mensal Autorizado\u201d, da tabela constante do Anexo \u00danico desta Portaria, ser\u00e1 apropriado na escrita fiscal dos respectivos distribuidores em cinco parcelas mensais de igual valor, no per\u00edodo de agosto a dezembro de 2022.<\/p>\n\n\n\n<p class=\"wp-block-paragraph\">\u00a7 2\u00ba A crit\u00e9rio do estabelecimento, o cr\u00e9dito outorgado autorizado poder\u00e1 ser apropriado na Apura\u00e7\u00e3o do ICMS das Opera\u00e7\u00f5es Pr\u00f3prias ou na Apura\u00e7\u00e3o do ICMS da Substitui\u00e7\u00e3o Tribut\u00e1ria.<\/p>\n\n\n\n<p class=\"wp-block-paragraph\">\u00a7 3\u00ba Para efetuar a apropria\u00e7\u00e3o do cr\u00e9dito, a distribuidora de combust\u00edvel informar\u00e1 na Escritura\u00e7\u00e3o Fiscal Digital (EFD) no registro E111 o c\u00f3digo de ajuste \u201cAC020021\u201d ou no registro E220 o c\u00f3digo \u201cAC120001\u201d, conforme o caso, com o respectivo valor a ser creditado.<\/p>\n\n\n\n<p class=\"wp-block-paragraph\">Art. 3\u00ba O Anexo I da Portaria n\u00ba 565, de 29 de novembro de 2016, passa a vigorar com os seguintes acr\u00e9scimos:<\/p>\n\n\n\n<blockquote class=\"wp-block-quote is-layout-flow wp-block-quote-is-layout-flow\">\n<p class=\"wp-block-paragraph\"><strong>\u201cANEXO I<\/strong><\/p>\n\n\n\n<figure class=\"wp-block-table\"><table class=\"has-fixed-layout\"><tbody><tr><td colspan=\"4\"><strong>&nbsp; TABELA 5.1.1<\/strong><strong>TABELA DE AJUSTES DOS SALDOS DA APURA\u00c7\u00c3O DO ICMS<\/strong><\/td><\/tr><tr><td>C\u00d3DIGO DO AJUSTE<\/td><td>DESCRI\u00c7\u00c3O DO AJUSTE<\/td><td>DATA DE IN\u00cdCIO<\/td><td>DATA DE FIM<\/td><\/tr><tr><td>&#8230;<\/td><td>&#8230;<\/td><td>&#8230;<\/td><td>&#8230;<\/td><\/tr><tr><td>AC020021<\/td><td>Apura\u00e7\u00e3o do ICMS; Outros cr\u00e9ditos; Cr\u00e9dito outorgado aos distribuidores de etanol hidratado combust\u00edvel &#8211; EHC para assegurar o diferencial competitivo de que trata a EC n\u00ba 123\/2022 (Decreto n\u00ba 11.110\/2022, Portaria n\u00ba 447\/2022)<\/td><td>01\/08\/2022<\/td><td>&nbsp;<\/td><\/tr><tr><td>&#8230;<\/td><td>&#8230;<\/td><td>&#8230;<\/td><td>&#8230;<\/td><\/tr><tr><td>AC120001<\/td><td>Apura\u00e7\u00e3o do ICMS ST; Outros cr\u00e9ditos; Cr\u00e9dito outorgado aos distribuidores de etanol hidratado combust\u00edvel &#8211; EHC para assegurar o diferencial competitivo de que trata a EC n\u00ba 123\/2022 (Decreto n\u00ba 11.110\/2022, Portaria n\u00ba 447\/2022)<\/td><td>01\/08\/2022<\/td><td>&nbsp;<\/td><\/tr><tr><td>&#8230;<\/td><td>&#8230;<\/td><td>&#8230;<\/td><td>&#8230;<\/td><\/tr><\/tbody><\/table><\/figure>\n\n\n\n<p class=\"wp-block-paragraph\">\u201dNR<\/p>\n<\/blockquote>\n\n\n\n<p class=\"wp-block-paragraph\">Art. 4\u00ba Esta Portaria entra em vigor na data de sua publica\u00e7\u00e3o.<\/p>\n\n\n\n<p class=\"wp-block-paragraph\">Rio Branco &#8211; Acre, 28 de agosto de 2022.<\/p>\n","protected":false},"excerpt":{"rendered":"<p>Altera a Portaria n\u00ba 565, de 29 de novembro de 2016.<\/p>\n","protected":false},"author":5,"featured_media":0,"comment_status":"closed","ping_status":"closed","sticky":false,"template":"","format":"standard","meta":{"_acf_changed":false,"footnotes":""},"categories":[3,33],"tags":[35],"class_list":["post-22104","post","type-post","status-publish","format-standard","hentry","category-legislacao","category-portarias","tag-icms"],"acf":[],"_links":{"self":[{"href":"https:\/\/sefaz.ac.gov.br\/2021\/index.php?rest_route=\/wp\/v2\/posts\/22104","targetHints":{"allow":["GET"]}}],"collection":[{"href":"https:\/\/sefaz.ac.gov.br\/2021\/index.php?rest_route=\/wp\/v2\/posts"}],"about":[{"href":"https:\/\/sefaz.ac.gov.br\/2021\/index.php?rest_route=\/wp\/v2\/types\/post"}],"author":[{"embeddable":true,"href":"https:\/\/sefaz.ac.gov.br\/2021\/index.php?rest_route=\/wp\/v2\/users\/5"}],"replies":[{"embeddable":true,"href":"https:\/\/sefaz.ac.gov.br\/2021\/index.php?rest_route=%2Fwp%2Fv2%2Fcomments&post=22104"}],"version-history":[{"count":3,"href":"https:\/\/sefaz.ac.gov.br\/2021\/index.php?rest_route=\/wp\/v2\/posts\/22104\/revisions"}],"predecessor-version":[{"id":22115,"href":"https:\/\/sefaz.ac.gov.br\/2021\/index.php?rest_route=\/wp\/v2\/posts\/22104\/revisions\/22115"}],"wp:attachment":[{"href":"https:\/\/sefaz.ac.gov.br\/2021\/index.php?rest_route=%2Fwp%2Fv2%2Fmedia&parent=22104"}],"wp:term":[{"taxonomy":"category","embeddable":true,"href":"https:\/\/sefaz.ac.gov.br\/2021\/index.php?rest_route=%2Fwp%2Fv2%2Fcategories&post=22104"},{"taxonomy":"post_tag","embeddable":true,"href":"https:\/\/sefaz.ac.gov.br\/2021\/index.php?rest_route=%2Fwp%2Fv2%2Ftags&post=22104"}],"curies":[{"name":"wp","href":"https:\/\/api.w.org\/{rel}","templated":true}]}}