{"id":21970,"date":"2025-03-19T14:42:00","date_gmt":"2025-03-19T17:42:00","guid":{"rendered":"https:\/\/sefaz.ac.gov.br\/2021\/?p=21970"},"modified":"2025-04-08T11:27:12","modified_gmt":"2025-04-08T14:27:12","slug":"portaria-sefaz-no-154-de-19-marco-de-2025","status":"publish","type":"post","link":"https:\/\/sefaz.ac.gov.br\/2021\/?p=21970","title":{"rendered":"PORTARIA SEFAZ N\u00ba 154, DE 19 MAR\u00c7O DE 2025"},"content":{"rendered":"\n<p class=\"wp-block-paragraph\">CONSIDERANDO o Decreto n\u00ba 11.253, de 05 de junho de 2023; e o art. 4\u00ba, XI e XII, da Portaria n\u00ba 513, de 20 de junho de 2023, que aprovou o Regimento Interno da Secretaria de Estado da Fazenda;<\/p>\n\n\n\n<p class=\"wp-block-paragraph\">CONSIDERANDO o Decreto n\u00ba 11.531, de 05 de agosto de 2024, que instituiu o Programa Nota Premiada Acreana;<\/p>\n\n\n\n<p class=\"wp-block-paragraph\">CONSIDERANDO a Portaria SEFAZ n\u00ba 439, de 07 de agosto de 2024, que estabelece normas e procedimentos operacionais do Programa Nota Premiada Acreana e suas altera\u00e7\u00f5es;<\/p>\n\n\n\n<p class=\"wp-block-paragraph\">CONSIDERANDO a Portaria SEFAZ n\u00ba 440, de 07 de agosto de 2024, que estabelece procedimentos para o cadastramento das Entidades sociais sem fins lucrativos no Programa Nota Premiada Acreana e suas altera\u00e7\u00f5es;<\/p>\n\n\n\n<p class=\"wp-block-paragraph\">CONSIDERANDO o 5\u00b0 Sorteio e rateio realizado em 12 mar\u00e7o de 2025;<\/p>\n\n\n\n<p class=\"wp-block-paragraph\">CONSIDERANDO o Despacho n\u00ba 24\/2025\/SEFAZ &#8211; DIGOVE (SEI 0014708544) exarado pela Diretoria de Governan\u00e7a e Gest\u00e3o Estrat\u00e9gica &#8211; DIGOVE; e<\/p>\n\n\n\n<p class=\"wp-block-paragraph\">CONSIDERANDO o constante dos autos do processo n\u00ba 0715.012497.00048\/ 2025-91;<\/p>\n\n\n\n<p class=\"wp-block-paragraph\"><strong>RESOLVE<\/strong>:<\/p>\n\n\n\n<p class=\"wp-block-paragraph\">Art. 1\u00ba Tornar p\u00fablico o resultado do 5\u00ba Sorteio e rateio, compet\u00eancia fevereiro de 2025, realizado no dia 12 de mar\u00e7o de 2025, com os ganhadores pessoas f\u00edsicas e entidades sociais (pessoas jur\u00eddicas), do Programa Nota Premiada Acreana, nos termos do \u00a7 2\u00ba do artigo 18 da Portaria SEFAZ n\u00ba 439, de 7 de agosto de 2024, conforme demonstrado no Anexo I desta Portaria.<\/p>\n\n\n\n<p class=\"wp-block-paragraph\">Art. 2\u00ba O valor do rateio do Programa Nota Premiada Acreana, nos termos dos arts. 24 e 25, da Portaria SEFAZ n\u00ba 439, de 7 de agosto de 2024, ser\u00e1 distribu\u00eddo de acordo com o Anexo II desta Portaria.<\/p>\n\n\n\n<p class=\"wp-block-paragraph\">Art. 3\u00ba Os n\u00fameros dos bilhetes sorteados est\u00e3o dispon\u00edveis para consulta no Portal da Nota Premiada Acreana.<\/p>\n\n\n\n<p class=\"wp-block-paragraph\">Art. 4\u00ba Esta Portaria entra em vigor na data de sua publica\u00e7\u00e3o<\/p>\n\n\n\n<p class=\"wp-block-paragraph\">Rio Branco &#8211; Acre, 19 de mar\u00e7o de 2025.<\/p>\n","protected":false},"excerpt":{"rendered":"<p>Disp\u00f5e sobre o resultado do 5\u00ba Sorteio e rateio do Programa Nota Premiada Acreana, promovido pelo governo do Estado do Acre.<\/p>\n","protected":false},"author":5,"featured_media":0,"comment_status":"closed","ping_status":"closed","sticky":false,"template":"","format":"standard","meta":{"_acf_changed":false,"footnotes":""},"categories":[3,33],"tags":[122,70],"class_list":["post-21970","post","type-post","status-publish","format-standard","hentry","category-legislacao","category-portarias","tag-nota-premiada","tag-peef"],"acf":[],"_links":{"self":[{"href":"https:\/\/sefaz.ac.gov.br\/2021\/index.php?rest_route=\/wp\/v2\/posts\/21970","targetHints":{"allow":["GET"]}}],"collection":[{"href":"https:\/\/sefaz.ac.gov.br\/2021\/index.php?rest_route=\/wp\/v2\/posts"}],"about":[{"href":"https:\/\/sefaz.ac.gov.br\/2021\/index.php?rest_route=\/wp\/v2\/types\/post"}],"author":[{"embeddable":true,"href":"https:\/\/sefaz.ac.gov.br\/2021\/index.php?rest_route=\/wp\/v2\/users\/5"}],"replies":[{"embeddable":true,"href":"https:\/\/sefaz.ac.gov.br\/2021\/index.php?rest_route=%2Fwp%2Fv2%2Fcomments&post=21970"}],"version-history":[{"count":3,"href":"https:\/\/sefaz.ac.gov.br\/2021\/index.php?rest_route=\/wp\/v2\/posts\/21970\/revisions"}],"predecessor-version":[{"id":22012,"href":"https:\/\/sefaz.ac.gov.br\/2021\/index.php?rest_route=\/wp\/v2\/posts\/21970\/revisions\/22012"}],"wp:attachment":[{"href":"https:\/\/sefaz.ac.gov.br\/2021\/index.php?rest_route=%2Fwp%2Fv2%2Fmedia&parent=21970"}],"wp:term":[{"taxonomy":"category","embeddable":true,"href":"https:\/\/sefaz.ac.gov.br\/2021\/index.php?rest_route=%2Fwp%2Fv2%2Fcategories&post=21970"},{"taxonomy":"post_tag","embeddable":true,"href":"https:\/\/sefaz.ac.gov.br\/2021\/index.php?rest_route=%2Fwp%2Fv2%2Ftags&post=21970"}],"curies":[{"name":"wp","href":"https:\/\/api.w.org\/{rel}","templated":true}]}}