{"id":21968,"date":"2025-03-20T14:39:45","date_gmt":"2025-03-20T17:39:45","guid":{"rendered":"https:\/\/sefaz.ac.gov.br\/2021\/?p=21968"},"modified":"2025-03-28T14:40:11","modified_gmt":"2025-03-28T17:40:11","slug":"portaria-sefaz-no-164-de-20-marco-de-2025","status":"publish","type":"post","link":"https:\/\/sefaz.ac.gov.br\/2021\/?p=21968","title":{"rendered":"PORTARIA SEFAZ N\u00ba 164, DE 20 MAR\u00c7O DE 2025"},"content":{"rendered":"\n<p class=\"wp-block-paragraph\"><strong>O SECRET\u00c1RIO DE ESTADO DA FAZENDA<\/strong>, no uso de suas atribui\u00e7\u00f5es constitucionais e legais que lhe confere o Decreto n\u00ba 4.059-P, de 05 de junho de 2023, publicado no Di\u00e1rio Oficial n\u00ba 13.550, de 07 de junho de 2023;<\/p>\n\n\n\n<p class=\"wp-block-paragraph\">Considerando a necessidade de instituir e disciplinar o processo administrativo tribut\u00e1rio eletr\u00f4nico visando a instaura\u00e7\u00e3o e tramita\u00e7\u00e3o de processos administrativos tribut\u00e1rios de forma inteiramente digital no \u00e2mbito da Secretaria de Estado da Fazenda, inclusive com gest\u00e3o autom\u00e1tica de prazos e fases processuais, al\u00e9m da pr\u00e1tica eletr\u00f4nica de atos processuais e comunica\u00e7\u00e3o com as partes;<\/p>\n\n\n\n<p class=\"wp-block-paragraph\">Considerando a necessidade de implementar a mudan\u00e7a da utiliza\u00e7\u00e3o do meio f\u00edsico para o meio eletr\u00f4nico referente aos processos e documentos que tramitam na Secretaria de Estado da Fazenda, com especial aten\u00e7\u00e3o a integra\u00e7\u00e3o entre sistemas;<\/p>\n\n\n\n<p class=\"wp-block-paragraph\">Considerando os princ\u00edpios da transpar\u00eancia, publicidade, celeridade, efici\u00eancia, economicidade e sustentabilidade ambiental;<\/p>\n\n\n\n<p class=\"wp-block-paragraph\">Considerando a premissa de moderniza\u00e7\u00e3o e simplifica\u00e7\u00e3o de processos ofertados pela Administra\u00e7\u00e3o P\u00fablica, com \u00eanfase em oferecer servi\u00e7os e informa\u00e7\u00f5es ao cidad\u00e3o de forma efetiva e satisfat\u00f3ria, por interm\u00e9dio das melhores pr\u00e1ticas de gest\u00e3o nas \u00e1reas de tecnologia da informa\u00e7\u00e3o e comunica\u00e7\u00e3o, atrav\u00e9s de multiplataformas, bem como a integra\u00e7\u00e3o dos processos e dados da Secretaria de Estado da Fazenda;<\/p>\n\n\n\n<p class=\"wp-block-paragraph\">Considerando a busca pela implementa\u00e7\u00e3o de solu\u00e7\u00f5es para a comunica\u00e7\u00e3o e atendimento eletr\u00f4nico dos sujeitos passivos das obriga\u00e7\u00f5es tribut\u00e1rias estaduais com a Secretaria de Estado da Fazenda, com o intuito de disponibilizar ferramentas para consulta on-line de suas solicita\u00e7\u00f5es, bem como conferir transpar\u00eancia as movimenta\u00e7\u00f5es e documentos em processo de seu interesse;<\/p>\n\n\n\n<p class=\"wp-block-paragraph\">Considerando a realiza\u00e7\u00e3o da contrata\u00e7\u00e3o na modalidade Sele\u00e7\u00e3o Baseada na Qualidade e no Custo 01\/2024, no \u00e2mbito do Programa Progest\u00e3o \u2013 Acre, que originou o Contrato 09\/2025; e<\/p>\n\n\n\n<p class=\"wp-block-paragraph\">Considerando o constante dos autos do processo SEI n\u00ba 0715.016268.00028\/ 2022-21.<\/p>\n\n\n\n<p class=\"wp-block-paragraph\"><strong>RESOLVE:<\/strong><\/p>\n\n\n\n<p class=\"wp-block-paragraph\">Art. 1\u00ba Fica institu\u00eddo Grupo de Trabalho com o objetivo de definir estrat\u00e9gias e par\u00e2metros para implanta\u00e7\u00e3o de um sistema eletr\u00f4nico para tramita\u00e7\u00e3o de processos administrativos tribut\u00e1rios no \u00e2mbito da Secretaria de Estado da Fazenda \u2013 SEFAZ.<\/p>\n\n\n\n<p class=\"wp-block-paragraph\">\u00a7 1\u00ba S\u00e3o patrocinadores do Projeto:<\/p>\n\n\n\n<p class=\"wp-block-paragraph\">I \u2013 Jos\u00e9 Amar\u00edsio Freitas de Souza \u2013 Secret\u00e1rio de Estado da Fazenda;<\/p>\n\n\n\n<p class=\"wp-block-paragraph\">II \u2013 Cl\u00f3vis Monteiro Gomes \u2013 Secret\u00e1rio Adjunto da Receita Estadual;<\/p>\n\n\n\n<p class=\"wp-block-paragraph\">III \u2013 Israel Monteiro de Souza \u2013 Diretor de Administra\u00e7\u00e3o Tribut\u00e1ria.<\/p>\n\n\n\n<p class=\"wp-block-paragraph\">\u00a7 2\u00ba O Grupo de Trabalho ser\u00e1 respons\u00e1vel por acompanhar o andamento dos trabalhos e as defini\u00e7\u00f5es no \u00e2mbito t\u00e9cnico do aspecto negocial para o desenvolvimento da solu\u00e7\u00e3o denominada Processo Administrativo Tribut\u00e1rio Eletr\u00f4nico \u2013 PAT-e.<\/p>\n\n\n\n<p class=\"wp-block-paragraph\">Art. 2\u00ba O Grupo de Trabalho ter\u00e1 a seguinte composi\u00e7\u00e3o:<\/p>\n\n\n\n<p class=\"wp-block-paragraph\">I \u2013 Adriano Magalh\u00e3es da Silva \u2013 Auditor Fiscal da Receita Estadual, Diretor de Governan\u00e7a e Gest\u00e3o Estrat\u00e9gica;<\/p>\n\n\n\n<p class=\"wp-block-paragraph\">II \u2013 Israel Jord\u00e3o Santos de Melo \u2013 Cargo em Comiss\u00e3o, Chefe do Departamento de Tecnologia da Informa\u00e7\u00e3o;<\/p>\n\n\n\n<p class=\"wp-block-paragraph\">III \u2013 Andrey Mac\u00eado de Ara\u00fajo \u2013 Cargo em Comiss\u00e3o, Chefe do Departamento de Planejamento Estrat\u00e9gico e Capta\u00e7\u00e3o de Recursos;<\/p>\n\n\n\n<p class=\"wp-block-paragraph\">IV \u2013 Wanderson Fernandes \u2013 Auditor Fiscal da Receita Estadual, Chefe do Departamento de Sistemas Tribut\u00e1rios Informatizados;<\/p>\n\n\n\n<p class=\"wp-block-paragraph\">V \u2013 Willian da Silva Brasil \u2013 Auditor Fiscal da Receita Estadual, Presidente do Tribunal Administrativo de Tributos Estaduais;<\/p>\n\n\n\n<p class=\"wp-block-paragraph\">VI \u2013 Camila Fontinele da Silva Caruta \u2013 Auditora Fiscal da Receita Estadual, Chefe do Departamento de Legisla\u00e7\u00e3o Tribut\u00e1ria;<\/p>\n\n\n\n<p class=\"wp-block-paragraph\">VII \u2013 Jos\u00e9 Ricardo Siqueira J\u00fanior \u2013 Auditor Fiscal da Receita Estadual, Chefe do Departamento de Fiscaliza\u00e7\u00e3o;<\/p>\n\n\n\n<p class=\"wp-block-paragraph\">VIII \u2013 Lilian Virginia Bahia Marques Caniso \u2013 Auditora Fiscal da Receita Estadual, Chefe da Divis\u00e3o de Classifica\u00e7\u00e3o e Atendimento;<\/p>\n\n\n\n<p class=\"wp-block-paragraph\">IX \u2013 Carlos Holbergue Uchoa Sena \u2013 Auditor Fiscal da Receita Estadual, Chefe da Divis\u00e3o de Processos Tribut\u00e1rios;<\/p>\n\n\n\n<p class=\"wp-block-paragraph\">X \u2013 Itamar Magalh\u00e3es da Silva \u2013 Auditor Fiscal da Receita Estadual, Chefe da Divis\u00e3o de Previs\u00e3o e An\u00e1lise de Gastos Tribut\u00e1rios;<\/p>\n\n\n\n<p class=\"wp-block-paragraph\">XI \u2013 Jos\u00e9 Maria Gomes Mascarenhas J\u00fanior \u2013 Auditor Fiscal da Receita Estadual, Chefe do Departamento de Arrecada\u00e7\u00e3o e Cobran\u00e7a;<\/p>\n\n\n\n<p class=\"wp-block-paragraph\">XII \u2013 Ronie Shelton Nascimento de Souza \u2013 Auditor Fiscal da Receita Estadual, Chefe do Departamento de Tributa\u00e7\u00e3o;<\/p>\n\n\n\n<p class=\"wp-block-paragraph\">XIII \u2013 Pedro Ant\u00f4nio Soares J\u00fanior \u2013 Auditor Fiscal da Receita Estadual, Chefe da Divis\u00e3o de Conformidade Fiscal;<\/p>\n\n\n\n<p class=\"wp-block-paragraph\">XIV \u2013 Eli de Oliveira Bino \u2013 Auditor Fiscal da Receita Estadual, Chefe do Departamento de ITCMD\/IPVA\/TAXAS;<\/p>\n\n\n\n<p class=\"wp-block-paragraph\">XV \u2013 Rodrigo Alexandre Santos de Souza \u2013 Auditor Fiscal da Receita Estadual, Chefe da Divis\u00e3o de Auditoria;<\/p>\n\n\n\n<p class=\"wp-block-paragraph\">XVI \u2013 Josias Francalino da Rocha \u2013 Auditor Fiscal da Receita Estadual, Chefe da Divis\u00e3o de Combust\u00edveis, Biocombust\u00edveis e Lubrificantes;<\/p>\n\n\n\n<p class=\"wp-block-paragraph\">XVII \u2013 Eduardo Lima Mesquita \u2013 Cargo em Comiss\u00e3o, Chefe do Departamento Regional da Fazenda Estadual;<\/p>\n\n\n\n<p class=\"wp-block-paragraph\">XVIII \u2013 Edmilso Palmeira \u2013 Auditor Fiscal da Receita Estadual, Chefe da Divis\u00e3o de Cadastro e Obriga\u00e7\u00f5es Acess\u00f3rias;<\/p>\n\n\n\n<p class=\"wp-block-paragraph\">XIX \u2013 Mauro Ferreira da Silva \u2013 Auditor Fiscal da Receita Estadual, Chefe do Departamento de Mercadorias em Tr\u00e2nsito;<\/p>\n\n\n\n<p class=\"wp-block-paragraph\">XX \u2013 Evaldo Oliveira da Silva \u2013 Auditor Fiscal da Receita Estadual, Chefe da Divis\u00e3o de Com\u00e9rcio Exterior e Incentivos Fiscais Industriais \u2013 DICEIFI.<\/p>\n\n\n\n<p class=\"wp-block-paragraph\">\u00a7 1\u00ba O membro do Grupo de Trabalho constante no inciso I, ser\u00e1 o coordenador geral do Projeto.<\/p>\n\n\n\n<p class=\"wp-block-paragraph\">\u00a7 2\u00ba O membro do Grupo de Trabalho constante no inciso II, ser\u00e1 o coordenador da \u00e1rea tecnologia da informa\u00e7\u00e3o do Projeto.<\/p>\n\n\n\n<p class=\"wp-block-paragraph\">\u00a7 3\u00ba O membro do Grupo de Trabalho constante no inciso IV, ser\u00e1 o coordenador da \u00e1rea de neg\u00f3cio do Projeto;<\/p>\n\n\n\n<p class=\"wp-block-paragraph\">Art. 3\u00ba Compete aos integrantes do Grupo de Trabalho:<\/p>\n\n\n\n<p class=\"wp-block-paragraph\">I \u2013 definir os par\u00e2metros para implanta\u00e7\u00e3o de sistema para a virtualiza\u00e7\u00e3o dos documentos e processos no \u00e2mbito da SEFAZ;<\/p>\n\n\n\n<p class=\"wp-block-paragraph\">II \u2013 indicar as adequa\u00e7\u00f5es necess\u00e1rias para integra\u00e7\u00e3o com os sistemas existentes;<\/p>\n\n\n\n<p class=\"wp-block-paragraph\">III \u2013 eleger os requisitos m\u00ednimos para o sistema a ser desenvolvido, com especifica\u00e7\u00e3o de m\u00f3dulos pretendidos, abrangendo desde o auto de infra\u00e7\u00e3o at\u00e9 inscri\u00e7\u00e3o em d\u00edvida ativa do cr\u00e9dito tribut\u00e1rio e metodologia de trabalho;<\/p>\n\n\n\n<p class=\"wp-block-paragraph\">IV \u2013 avaliar a necessidade de treinamento dos servidores e terceirizados para desenvolvimento, implementa\u00e7\u00e3o e utiliza\u00e7\u00e3o do sistema a ser implementado;<\/p>\n\n\n\n<p class=\"wp-block-paragraph\">V \u2013 estabelecer requisitos de seguran\u00e7a e de mitiga\u00e7\u00e3o de riscos;<\/p>\n\n\n\n<p class=\"wp-block-paragraph\">VI \u2013 definir as medidas priorit\u00e1rias para implementa\u00e7\u00e3o do projeto.<\/p>\n\n\n\n<p class=\"wp-block-paragraph\">Art. 4\u00ba O Grupo de Trabalho se reunir\u00e1 sempre que convocado por seu coordenador.<\/p>\n\n\n\n<p class=\"wp-block-paragraph\">Art. 5\u00ba O referido grupo de trabalho ter\u00e1 o prazo de dura\u00e7\u00e3o previsto para a execu\u00e7\u00e3o do Contrato 09\/2025\/SEFAZ (evento SEI 0014706616).<\/p>\n\n\n\n<p class=\"wp-block-paragraph\">\u00a7 1\u00ba O prazo previsto no <strong>caput<\/strong> deste artigo poder\u00e1 ser prorrogado por igual per\u00edodo por solicita\u00e7\u00e3o do coordenador do Grupo de Trabalho, mediante autoriza\u00e7\u00e3o do Secret\u00e1rio de Estado da Fazenda.<\/p>\n\n\n\n<p class=\"wp-block-paragraph\">\u00a7 2\u00ba O Grupo de Trabalho, no desenvolvimento de suas atribui\u00e7\u00f5es, poder\u00e1 solicitar apoio t\u00e9cnico de outros servidores da SEFAZ, quando constar na pauta de reuni\u00e3o tema relacionado \u00e0s suas \u00e1reas de atua\u00e7\u00e3o e de outros servidores pertencentes ao Poder Executivo Estadual, com pr\u00e9via anu\u00eancia do Secret\u00e1rio de Estado da Fazenda.<\/p>\n\n\n\n<p class=\"wp-block-paragraph\">Art. 6\u00ba A participa\u00e7\u00e3o no Grupo de Trabalho ora institu\u00eddo n\u00e3o ser\u00e1 remunerada.<\/p>\n\n\n\n<p class=\"wp-block-paragraph\">Art. 7\u00ba Esta Portaria entra em vigor na data de sua publica\u00e7\u00e3o.<\/p>\n\n\n\n<p class=\"wp-block-paragraph\">Rio Branco \u2013 Acre, 20 de mar\u00e7o de 2025.<\/p>\n","protected":false},"excerpt":{"rendered":"<p>Institui o Grupo de Trabalho para defini\u00e7\u00e3o de estrat\u00e9gias e par\u00e2metros para implanta\u00e7\u00e3o de um sistema eletr\u00f4nico para tramita\u00e7\u00e3o de processos administrativos tribut\u00e1rios no \u00e2mbito da Secretaria de Estado da Fazenda.<\/p>\n","protected":false},"author":5,"featured_media":0,"comment_status":"closed","ping_status":"closed","sticky":false,"template":"","format":"standard","meta":{"_acf_changed":false,"footnotes":""},"categories":[3,33],"tags":[35,73,66],"class_list":["post-21968","post","type-post","status-publish","format-standard","hentry","category-legislacao","category-portarias","tag-icms","tag-legislacao-institucional-e-funcional","tag-pat"],"acf":[],"_links":{"self":[{"href":"https:\/\/sefaz.ac.gov.br\/2021\/index.php?rest_route=\/wp\/v2\/posts\/21968","targetHints":{"allow":["GET"]}}],"collection":[{"href":"https:\/\/sefaz.ac.gov.br\/2021\/index.php?rest_route=\/wp\/v2\/posts"}],"about":[{"href":"https:\/\/sefaz.ac.gov.br\/2021\/index.php?rest_route=\/wp\/v2\/types\/post"}],"author":[{"embeddable":true,"href":"https:\/\/sefaz.ac.gov.br\/2021\/index.php?rest_route=\/wp\/v2\/users\/5"}],"replies":[{"embeddable":true,"href":"https:\/\/sefaz.ac.gov.br\/2021\/index.php?rest_route=%2Fwp%2Fv2%2Fcomments&post=21968"}],"version-history":[{"count":1,"href":"https:\/\/sefaz.ac.gov.br\/2021\/index.php?rest_route=\/wp\/v2\/posts\/21968\/revisions"}],"predecessor-version":[{"id":21969,"href":"https:\/\/sefaz.ac.gov.br\/2021\/index.php?rest_route=\/wp\/v2\/posts\/21968\/revisions\/21969"}],"wp:attachment":[{"href":"https:\/\/sefaz.ac.gov.br\/2021\/index.php?rest_route=%2Fwp%2Fv2%2Fmedia&parent=21968"}],"wp:term":[{"taxonomy":"category","embeddable":true,"href":"https:\/\/sefaz.ac.gov.br\/2021\/index.php?rest_route=%2Fwp%2Fv2%2Fcategories&post=21968"},{"taxonomy":"post_tag","embeddable":true,"href":"https:\/\/sefaz.ac.gov.br\/2021\/index.php?rest_route=%2Fwp%2Fv2%2Ftags&post=21968"}],"curies":[{"name":"wp","href":"https:\/\/api.w.org\/{rel}","templated":true}]}}