{"id":21963,"date":"2025-03-19T13:25:42","date_gmt":"2025-03-19T16:25:42","guid":{"rendered":"https:\/\/sefaz.ac.gov.br\/2021\/?p=21963"},"modified":"2025-03-28T14:37:43","modified_gmt":"2025-03-28T17:37:43","slug":"portaria-sefaz-no-155-de-19-marco-de-2025","status":"publish","type":"post","link":"https:\/\/sefaz.ac.gov.br\/2021\/?p=21963","title":{"rendered":"PORTARIA SEFAZ N\u00ba 155, DE 19 MAR\u00c7O DE 2025"},"content":{"rendered":"\n<p class=\"wp-block-paragraph\"><strong>O SECRETARIO DE ESTADO DA FAZENDA, no uso de suas atribui\u00e7\u00f5es constitucionais e legais que lhe<\/strong> confere o Decreto n\u00ba 4.059-P, de 05 de junho de 2023, publicado no Di\u00e1rio Oficial n\u00ba 13.550, de 07 de junho de 2023; e<\/p>\n\n\n\n<p class=\"wp-block-paragraph\">CONSIDERANDO o disposto no inciso XI do art. 4\u00ba do Regimento Interno da Secretaria de Estado da Fazenda, aprovado pela Portaria SEFAZ n\u00ba 513, de 20 de junho de 2023;<\/p>\n\n\n\n<p class=\"wp-block-paragraph\">CONSIDERANDO a necessidade de estabelecer a Estrutura Organizacional e o Regimento Interno da SEFAZ com todas as suas unidades administrativas, com a finalidade de lotar os servidores fazend\u00e1rios nas respectivas unidades de sua atua\u00e7\u00e3o;<\/p>\n\n\n\n<p class=\"wp-block-paragraph\">CONSIDERANDO a necessidade de defini\u00e7\u00e3o das nomenclaturas das unidades administrativas com suas respectivas vincula\u00e7\u00f5es bem como da consolida\u00e7\u00e3o do organograma da SEFAZ;<\/p>\n\n\n\n<p class=\"wp-block-paragraph\">CONSIDERANDO a necessidade de defini\u00e7\u00e3o das compet\u00eancias das unidades administrativas que comp\u00f5em a Estrutura Organizacional da SEFAZ na forma de seu Regimento Interno;<\/p>\n\n\n\n<p class=\"wp-block-paragraph\">CONSIDERANDO o Despacho n\u00ba 25\/2025\/SEFAZ &#8211; DIGOVE (SEI) exarado pela Diretoria de Governan\u00e7a e Gest\u00e3o Estrat\u00e9gica &#8211; DIGOVE; e<\/p>\n\n\n\n<p class=\"wp-block-paragraph\">CONSIDERANDO o constante dos autos do processo n\u00ba 0715.013693.00012\/ 2025-44,<\/p>\n\n\n\n<p class=\"wp-block-paragraph\"><strong>RESOLVE:<\/strong><\/p>\n\n\n\n<p class=\"wp-block-paragraph\">Art. 1\u00ba O Anexo I da Portaria n\u00ba 513, de 20 de junho de 2023, passa a vigorar com as seguintes altera\u00e7\u00f5es:<\/p>\n\n\n\n<blockquote class=\"wp-block-quote is-layout-flow wp-block-quote-is-layout-flow\">\n<p class=\"wp-block-paragraph\"><strong>\u201cANEXO I<\/strong><\/p>\n\n\n\n<p class=\"wp-block-paragraph\">&#8230;<\/p>\n\n\n\n<p class=\"wp-block-paragraph\">Art. 2\u00ba &#8230;<\/p>\n\n\n\n<p class=\"wp-block-paragraph\">I &#8211; &#8230;<\/p>\n\n\n\n<p class=\"wp-block-paragraph\">&#8230;<\/p>\n\n\n\n<p class=\"wp-block-paragraph\">l &#8211; Departamento de Rela\u00e7\u00f5es Federativas Fiscais \u2013 DERFFI (Comiss\u00e3o T\u00e9cnica Permanente do ICMS \u2013 COTEPE\/ICMS): (NR)<\/p>\n\n\n\n<p class=\"wp-block-paragraph\">1. Divis\u00e3o de Gest\u00e3o de Conv\u00eanio e Protocolos Federativos \u2013 DIGEC; (AC)<\/p>\n\n\n\n<p class=\"wp-block-paragraph\">&#8230;<\/p>\n\n\n\n<p class=\"wp-block-paragraph\">CAP\u00cdTULO III<\/p>\n\n\n\n<p class=\"wp-block-paragraph\">&#8230;<\/p>\n\n\n\n<p class=\"wp-block-paragraph\"><strong>Se\u00e7\u00e3o XII<\/strong><\/p>\n\n\n\n<p class=\"wp-block-paragraph\">Do Departamento de Rela\u00e7\u00f5es Federativas Fiscais \u2013 DERFFI<\/p>\n\n\n\n<p class=\"wp-block-paragraph\">(Comiss\u00e3o T\u00e9cnica Permanente do ICMS \u2013 COTEPE\/ICMS)<\/p>\n\n\n\n<p class=\"wp-block-paragraph\">Art. 36-K. O Departamento de Rela\u00e7\u00f5es Federativas Fiscais \u2013 DERFFI (Comiss\u00e3o T\u00e9cnica Permanente do ICMS \u2013 COTEPE\/ICMS), unidade subordinada diretamente ao Gabinete do Secret\u00e1rio \u2013 GABIN, compete: (NR)<\/p>\n\n\n\n<p class=\"wp-block-paragraph\">&#8230;<\/p>\n\n\n\n<p class=\"wp-block-paragraph\"><strong>Subse\u00e7\u00e3o I<\/strong><\/p>\n\n\n\n<p class=\"wp-block-paragraph\">Da Divis\u00e3o de Gest\u00e3o de Conv\u00eanios e Protocolos Federativos \u2013 DIGEC<\/p>\n\n\n\n<p class=\"wp-block-paragraph\">Art. 36-KA. A Divis\u00e3o de Gest\u00e3o de Conv\u00eanios e Protocolos Federativos \u2013 DIGEC, unidade subordinada diretamente ao DERFFI, compete:<\/p>\n\n\n\n<p class=\"wp-block-paragraph\">I &#8211; orientar a SEFAZ na aplica\u00e7\u00e3o de medidas previstas em Conv\u00eanios, Protocolos e Ajustes SINIEF deliberados no \u00e2mbito do CONFAZ e COTEPE\/ICMS;<\/p>\n\n\n\n<p class=\"wp-block-paragraph\">II &#8211; apreciar e elaborar propostas de Conv\u00eanios, Protocolos, Ajustes SINIEF e demais atos normativos a serem submetidos ao CONFAZ;<\/p>\n\n\n\n<p class=\"wp-block-paragraph\">III &#8211; coordenar a defesa de propostas de interesse da SEFAZ junto ao CONFAZ e \u00e0 COTEPE\/ICMS;<\/p>\n\n\n\n<p class=\"wp-block-paragraph\">IV &#8211; manter registro e controle sobre as obriga\u00e7\u00f5es assumidas pelo Estado do Acre nos conv\u00eanios e protocolos firmados.\u201d (AC)<\/p>\n<\/blockquote>\n\n\n\n<p class=\"wp-block-paragraph\">Art. 2\u00ba Esta Portaria entra em vigor na data de sua publica\u00e7\u00e3o.<\/p>\n\n\n\n<p class=\"wp-block-paragraph\">Rio Branco &#8211; Acre, 19 de mar\u00e7o de 2025.<\/p>\n","protected":false},"excerpt":{"rendered":"<p>Altera a Portaria 513, de 20 de junho de 2023, que estabelece a estrutura organizacional e aprova o Regimento Interno da Secretaria de Estado da Fazenda \u2013 SEFAZ.<\/p>\n","protected":false},"author":5,"featured_media":0,"comment_status":"closed","ping_status":"closed","sticky":false,"template":"","format":"standard","meta":{"_acf_changed":false,"footnotes":""},"categories":[3,33],"tags":[73],"class_list":["post-21963","post","type-post","status-publish","format-standard","hentry","category-legislacao","category-portarias","tag-legislacao-institucional-e-funcional"],"acf":[],"_links":{"self":[{"href":"https:\/\/sefaz.ac.gov.br\/2021\/index.php?rest_route=\/wp\/v2\/posts\/21963","targetHints":{"allow":["GET"]}}],"collection":[{"href":"https:\/\/sefaz.ac.gov.br\/2021\/index.php?rest_route=\/wp\/v2\/posts"}],"about":[{"href":"https:\/\/sefaz.ac.gov.br\/2021\/index.php?rest_route=\/wp\/v2\/types\/post"}],"author":[{"embeddable":true,"href":"https:\/\/sefaz.ac.gov.br\/2021\/index.php?rest_route=\/wp\/v2\/users\/5"}],"replies":[{"embeddable":true,"href":"https:\/\/sefaz.ac.gov.br\/2021\/index.php?rest_route=%2Fwp%2Fv2%2Fcomments&post=21963"}],"version-history":[{"count":2,"href":"https:\/\/sefaz.ac.gov.br\/2021\/index.php?rest_route=\/wp\/v2\/posts\/21963\/revisions"}],"predecessor-version":[{"id":21967,"href":"https:\/\/sefaz.ac.gov.br\/2021\/index.php?rest_route=\/wp\/v2\/posts\/21963\/revisions\/21967"}],"wp:attachment":[{"href":"https:\/\/sefaz.ac.gov.br\/2021\/index.php?rest_route=%2Fwp%2Fv2%2Fmedia&parent=21963"}],"wp:term":[{"taxonomy":"category","embeddable":true,"href":"https:\/\/sefaz.ac.gov.br\/2021\/index.php?rest_route=%2Fwp%2Fv2%2Fcategories&post=21963"},{"taxonomy":"post_tag","embeddable":true,"href":"https:\/\/sefaz.ac.gov.br\/2021\/index.php?rest_route=%2Fwp%2Fv2%2Ftags&post=21963"}],"curies":[{"name":"wp","href":"https:\/\/api.w.org\/{rel}","templated":true}]}}