{"id":21869,"date":"2025-03-14T10:49:37","date_gmt":"2025-03-14T13:49:37","guid":{"rendered":"https:\/\/sefaz.ac.gov.br\/2021\/?p=21869"},"modified":"2025-03-20T11:24:06","modified_gmt":"2025-03-20T14:24:06","slug":"portaria-sefaz-no-140-de-14-de-marco-de-2025","status":"publish","type":"post","link":"https:\/\/sefaz.ac.gov.br\/2021\/?p=21869","title":{"rendered":"PORTARIA SEFAZ N\u00ba 140, DE 14 DE MAR\u00c7O DE 2025"},"content":{"rendered":"\n<p class=\"wp-block-paragraph\"><strong>O SECRET\u00c1RIO DE ESTADO DA FAZENDA<\/strong>, no uso de suas atribui\u00e7\u00f5es constitucionais e legais que lhe confere o Decreto n\u00ba 4.059-P, de 05 de junho de 2023, publicado no Di\u00e1rio Oficial n\u00ba 13.550, de 07 de junho de 2023, e tendo em vista o disposto no art. 56-A da Lei Complementar n\u00ba 55, de 9 de julho de 1997 e no art. 69-A do Decreto 008, de 26 de janeiro de 1998;<\/p>\n\n\n\n<p class=\"wp-block-paragraph\">Considerando o processo SEI 0715.012503.00017\/2025-02;<\/p>\n\n\n\n<p class=\"wp-block-paragraph\"><strong>RESOLVE:<\/strong><\/p>\n\n\n\n<p class=\"wp-block-paragraph\">Art. 1\u00ba O Anexo \u00danico da Portaria SEFAZ n\u00ba 523, de 28 de junho de 2023, passa a vigorar com os seguintes acr\u00e9scimos.<\/p>\n\n\n\n<p class=\"wp-block-paragraph\"><strong>\u201cAnexo \u00danico<\/strong><\/p>\n\n\n\n<p class=\"wp-block-paragraph\"><strong>Rela\u00e7\u00e3o de Autorregulariza\u00e7\u00e3o<\/strong><\/p>\n\n\n\n<figure class=\"wp-block-table\"><table class=\"has-fixed-layout\"><tbody><tr><td><strong>C\u00f3digo da Pend\u00eancia (I)<\/strong><strong><\/strong><\/td><td><strong>Registro da EFD (II)<\/strong><strong><\/strong><\/td><td><strong>Pend\u00eancia (III)<\/strong><strong><\/strong><\/td><td><strong>Fundamento legal (IV)<\/strong><strong><\/strong><\/td><td><strong>Como resolver (V)<\/strong><strong><\/strong><\/td><td><strong>In\u00edcio de Vig\u00eancia<\/strong> <strong>(VI)<\/strong><strong><\/strong><\/td><td><strong>Data fim de <\/strong><strong>vig\u00eancia (VII)<\/strong><strong><\/strong><\/td><\/tr><tr><td>&#8230;<\/td><td>&#8230;<\/td><td>&#8230;<\/td><td>&#8230;<\/td><td>&#8230;<\/td><td>&#8230;<\/td><td>&#8230;<\/td><\/tr><tr><td>11<\/td><td>Registro E111<\/td><td>Escriturar o cr\u00e9dito de antecipa\u00e7\u00e3o parcial previsto no c\u00f3digo de ajuste AC020008 a maior ou sem estar efetivamente recolhido<\/td><td>Art. 96, \u00a73\u00ba do Decreto 008\/98 (RICMS) e Portaria Sefaz 565\/2016 &nbsp;<\/td><td>Retificar a EFD a fim de informar corretamente o valor do cr\u00e9dito da antecipa\u00e7\u00e3o recolhido no per\u00edodo &nbsp;<\/td><td>25\/03\/2025 &nbsp;<\/td><td>&nbsp;<\/td><\/tr><tr><td>12<\/td><td>Registro E111 &nbsp;<\/td><td>Escriturar o cr\u00e9dito de 12% do desconto concedido na antecipa\u00e7\u00e3o parcial previsto no c\u00f3digo de ajuste AC020009 a maior ou indevidamente<\/td><td>Art. 96-A do Decreto 008\/98 (RICMS), Portaria Sefaz 565\/ 2016 e I.N. DIAT 02\/2018 &nbsp;<\/td><td>Retificar a EFD a fim de informar corretamente o valor do desconto concedido na notifica\u00e7\u00e3o &nbsp;<\/td><td>&nbsp;<\/td><td>&nbsp;<\/td><\/tr><tr><td>13<\/td><td>Registro E111 &nbsp;<\/td><td>Cr\u00e9dito indevido de ICMS do Ativo Imobilizado por utilizar c\u00f3digo de ajuste AC020002 sem preencher o Bloco G-CIAP<\/td><td>Art. 42-A do Decreto 008\/98 (RICMS) e Portaria Sefaz 565\/2016 &nbsp;<\/td><td>Retificar a EFD de modo a atender as regras de escritura\u00e7\u00e3o do cr\u00e9dito do ativo Imobilizado por meio do Bloco G da EFD (CIAP)<\/td><td>25\/03\/2025 &nbsp;<\/td><td>&nbsp;<\/td><\/tr><tr><td>14<\/td><td>Registro E111<\/td><td>Utilizar indevidamente os C\u00f3digos de Ajustes AC020018, AC020019 e AC020020 relacionado \u00e0 ind\u00fastria incentivada pela Lei 3.495\/2019<\/td><td>Art. 13 do Decreto Estadual 4.698\/2019 e Portaria Sefaz 565\/2016<\/td><td>Retificar a EFD a fim de eliminar C\u00f3digos de Ajuste de Apura\u00e7\u00e3o relacionados \u00e0 ind\u00fastria incentivada. &nbsp;<\/td><td>25\/03\/2025 &nbsp;<\/td><td>&nbsp;<\/td><\/tr><tr><td>15 &nbsp;<\/td><td>Registro E111<\/td><td>Utilizar indevidamente o C\u00f3digo de Ajuste AC040002 relacionado \u00e0 ind\u00fastria incentivada pela Lei 1.358\/2000<\/td><td>Art. 2\u00ba do Decreto Estadual 4.196\/2001 e Portaria Sefaz 565\/2016 &nbsp;<\/td><td>Retificar a EFD a fim de eliminar C\u00f3digos de Ajuste de Apura\u00e7\u00e3o relacionados \u00e0 ind\u00fastria incentivada. &nbsp;<\/td><td>25\/02\/2025 &nbsp;<\/td><td>&nbsp;<\/td><\/tr><tr><td>16<\/td><td>Registro C100\/D100 &nbsp;<\/td><td>Creditamento indevido de ICMS de entrada para empresas incentivadas pela Lei 3.495\/2019 &nbsp;<\/td><td>\u00a7 2\u00ba do art. 2\u00ba do Decreto Estadual 4.698\/2019 e inciso IX do art. 47 do Decreto Estadual 008\/98<\/td><td>Retificar a EFD a fim de zerar o valor do cr\u00e9dito de ICMS decorrente de documentos fiscais de entrada\/aquisi\u00e7\u00f5es emitidas por terceiros<\/td><td>25\/03\/2025 &nbsp;<\/td><td>&nbsp;<\/td><\/tr><tr><td>17<\/td><td>RegistroC100\/D100 &nbsp;<\/td><td>Valor do ICMS creditado maior do que o permitido\/ destacado no documento fiscal de entrada de mercadoria ou aquisi\u00e7\u00e3o de servi\u00e7o<\/td><td>Art. 41 e inciso VI do art. 47 ambos do Decreto 008\/98 (RICMS) &nbsp;<\/td><td>Retificar a EFD de modo a escriturar o valor do ICMS conforme o constante no arquivo XML do documento fiscal &nbsp;<\/td><td>25\/03\/2025 &nbsp;<\/td><td>&nbsp;<\/td><\/tr><tr><td>18<\/td><td>Registro C100\/D100 &nbsp;<\/td><td>Valor do ICMS destacado no documento fiscal de sa\u00edda \u00e9 maior que o escriturado na EFD &nbsp;<\/td><td>Art. 121-D do Decreto 008\/98 (RICMS) &nbsp;<\/td><td>O valor do ICMS declarado no Campo 22, do Registro C100, ou no Campo 20, do Registro D100, ambos da EFD, \u00e9 menor que aquele constante no arquivo XML do documento fiscal de sa\u00edda de mercadoria ou de presta\u00e7\u00e3o de servi\u00e7o, respectivamente. O contribuinte deve providenciar a retifica\u00e7\u00e3o do arquivo da EFD de modo a compatibiliz\u00e1-lo como documento emitido.<\/td><td>25\/03\/2025 &nbsp;<\/td><td>&nbsp;<\/td><\/tr><tr><td>19<\/td><td>Registro C100 &nbsp;<\/td><td>NF-e com evento de Opera\u00e7\u00e3o n\u00e3o realizada, Desconhecimento da Opera\u00e7\u00e3o ou Cancelamento (ENTRADA) &nbsp;<\/td><td>Art. 41 e inciso IX do art. 47 ambos do Decreto 008\/98 (RICMS) &nbsp;<\/td><td>A NF-e de entrada emitida por terceiros com registro de evento &#8220;Desconhecimento da Opera\u00e7\u00e3o&#8221;, &#8220;Opera\u00e7\u00e3o n\u00e3o Realizada&#8221; ou &#8220;Cancelamento&#8221;, n\u00e3o deve ser declarada na EFD e sua exclus\u00e3o deve ser providenciada por meio de retifica\u00e7\u00e3o do arquivo.<\/td><td>25\/03\/2025 &nbsp;<\/td><td>&nbsp;<\/td><\/tr><tr><td>20<\/td><td>Registro C100\/C190 &nbsp;<\/td><td>Valor do ICMS creditado de emitentes do optante pelo Simples Nacional &nbsp;<\/td><td>Art. 41 e inciso VI do art. 47 ambos do Decreto 008\/98 (RICMS) &nbsp;<\/td><td>A apropria\u00e7\u00e3o de cr\u00e9dito de ICMS relativa a entrada de mercadorias adquiridas de empresas do SN se d\u00e1 por meio do C\u00f3digo de Ajuste AC10000003 proveniente do valor informado na tag &lt;vCredICMSSN&gt; do documento fiscal, e n\u00e3o diretamente no registro C100 da EFD, devendo retificar o per\u00edodo<\/td><td>25\/03\/2025 &nbsp;<\/td><td>&nbsp;<\/td><\/tr><tr><td>21<\/td><td>Registro E111 &nbsp;<\/td><td>Cr\u00e9dito indevido de ressarcimento\/restitui\u00e7\u00e3o de ICMS pela utiliza\u00e7\u00e3o dos c\u00f3digos de ajustes AC020005, AC020006 e AC020015 sem preencher o Registro C176 da EFD<\/td><td>\u00a714 do art. 121-C do Decreto 008\/98 (RICMS) e Portaria Sefaz 565\/2016 &nbsp;<\/td><td>Retificar a EFD de modo a atender as regras de escritura\u00e7\u00e3o do cr\u00e9dito do ICMS decorrente de ressarcimento ou restitui\u00e7\u00e3o do fato gerador presumido n\u00e3o realizado &nbsp;<\/td><td>25\/03\/2025 &nbsp;<\/td><td>&nbsp;<\/td><\/tr><\/tbody><\/table><\/figure>\n\n\n\n<p class=\"wp-block-paragraph\">\u201d (AC)<\/p>\n\n\n\n<p class=\"wp-block-paragraph\">Art. 2\u00ba Esta Portaria entre em vigor na data de sua publica\u00e7\u00e3o.<\/p>\n\n\n\n<p class=\"wp-block-paragraph\">Rio Branco &#8211; Acre, 14 de mar\u00e7o de 2025.<\/p>\n","protected":false},"excerpt":{"rendered":"<p>Altera a Portaria SEFAZ n\u00ba 523, de 28 de junho de 2023, que disp\u00f5e sobre a institui\u00e7\u00e3o, utiliza\u00e7\u00e3o e formaliza\u00e7\u00e3o dos procedimentos referentes ao servi\u00e7o de autorregulariza\u00e7\u00e3o fiscal.<\/p>\n","protected":false},"author":5,"featured_media":0,"comment_status":"closed","ping_status":"closed","sticky":false,"template":"","format":"standard","meta":{"_acf_changed":false,"footnotes":""},"categories":[3,33],"tags":[35],"class_list":["post-21869","post","type-post","status-publish","format-standard","hentry","category-legislacao","category-portarias","tag-icms"],"acf":[],"_links":{"self":[{"href":"https:\/\/sefaz.ac.gov.br\/2021\/index.php?rest_route=\/wp\/v2\/posts\/21869","targetHints":{"allow":["GET"]}}],"collection":[{"href":"https:\/\/sefaz.ac.gov.br\/2021\/index.php?rest_route=\/wp\/v2\/posts"}],"about":[{"href":"https:\/\/sefaz.ac.gov.br\/2021\/index.php?rest_route=\/wp\/v2\/types\/post"}],"author":[{"embeddable":true,"href":"https:\/\/sefaz.ac.gov.br\/2021\/index.php?rest_route=\/wp\/v2\/users\/5"}],"replies":[{"embeddable":true,"href":"https:\/\/sefaz.ac.gov.br\/2021\/index.php?rest_route=%2Fwp%2Fv2%2Fcomments&post=21869"}],"version-history":[{"count":2,"href":"https:\/\/sefaz.ac.gov.br\/2021\/index.php?rest_route=\/wp\/v2\/posts\/21869\/revisions"}],"predecessor-version":[{"id":21892,"href":"https:\/\/sefaz.ac.gov.br\/2021\/index.php?rest_route=\/wp\/v2\/posts\/21869\/revisions\/21892"}],"wp:attachment":[{"href":"https:\/\/sefaz.ac.gov.br\/2021\/index.php?rest_route=%2Fwp%2Fv2%2Fmedia&parent=21869"}],"wp:term":[{"taxonomy":"category","embeddable":true,"href":"https:\/\/sefaz.ac.gov.br\/2021\/index.php?rest_route=%2Fwp%2Fv2%2Fcategories&post=21869"},{"taxonomy":"post_tag","embeddable":true,"href":"https:\/\/sefaz.ac.gov.br\/2021\/index.php?rest_route=%2Fwp%2Fv2%2Ftags&post=21869"}],"curies":[{"name":"wp","href":"https:\/\/api.w.org\/{rel}","templated":true}]}}