{"id":21776,"date":"2025-02-26T23:27:55","date_gmt":"2025-02-27T02:27:55","guid":{"rendered":"https:\/\/sefaz.ac.gov.br\/2021\/?p=21776"},"modified":"2025-03-11T23:28:53","modified_gmt":"2025-03-12T02:28:53","slug":"lei-no-4-522-de-26-de-fevereiro-de-2025","status":"publish","type":"post","link":"https:\/\/sefaz.ac.gov.br\/2021\/?p=21776","title":{"rendered":"LEI N\u00ba 4.522, DE 26 DE FEVEREIRO DE 2025"},"content":{"rendered":"\n<p class=\"wp-block-paragraph\"><strong>O GOVERNADOR DO ESTADO DO ACRE<\/strong><\/p>\n\n\n\n<p class=\"wp-block-paragraph\"><strong>FA\u00c7O SABER<\/strong> que a Assembleia Legislativa do Estado do Acre decreta e eu sanciono a seguinte Lei:<\/p>\n\n\n\n<p class=\"wp-block-paragraph\">Art. 1\u00ba A Lei n\u00ba 3.673, de 31 de dezembro de 2020, passa a vigorar com a seguinte reda\u00e7\u00e3o:<\/p>\n\n\n\n<blockquote class=\"wp-block-quote is-layout-flow wp-block-quote-is-layout-flow\">\n<p class=\"wp-block-paragraph\">\u201cArt. 2\u00ba &#8230;<\/p>\n\n\n\n<p class=\"wp-block-paragraph\">&#8230;<\/p>\n\n\n\n<p class=\"wp-block-paragraph\">III &#8211; &#8230;<\/p>\n\n\n\n<p class=\"wp-block-paragraph\">&#8230;<\/p>\n\n\n\n<p class=\"wp-block-paragraph\">d) em at\u00e9 trinta e seis parcelas mensais e sucessivas, com redu\u00e7\u00e3o de sessenta e cinco por cento das multas punitivas e morat\u00f3rias e dos juros de mora;<\/p>\n\n\n\n<p class=\"wp-block-paragraph\">e) em at\u00e9 quarenta e oito parcelas mensais e sucessivas, com redu\u00e7\u00e3o de sessenta por cento das multas punitivas e morat\u00f3rias e dos juros de mora.<\/p>\n\n\n\n<p class=\"wp-block-paragraph\">&#8230;<\/p>\n\n\n\n<p class=\"wp-block-paragraph\">\u00a7 2\u00ba Na hip\u00f3tese de op\u00e7\u00e3o pelo pagamento do d\u00e9bito na forma das al\u00edneas \u201cb\u201d, \u201cc\u201d, \u201cd\u201d e \u201ce\u201d do inciso III do caput, a primeira parcela ser\u00e1 de, no m\u00ednimo, dez por cento do saldo consolidado com o desconto correspondente.\u201d (NR)<\/p>\n<\/blockquote>\n\n\n\n<p class=\"wp-block-paragraph\">Art. 2\u00ba Esta Lei entra em vigor na data de sua publica\u00e7\u00e3o.<\/p>\n\n\n\n<p class=\"wp-block-paragraph\">Rio Branco &#8211; Acre, 26 de fevereiro de 2025, 137\u00ba da Rep\u00fablica, 123\u00ba do Tratado de Petr\u00f3polis e 64\u00ba do Estado do Acre.<\/p>\n","protected":false},"excerpt":{"rendered":"<p>Altera a Lei n\u00ba 3.673, de 31 de dezembro de 2020, que disp\u00f5e sobre o parcelamento incentivado de d\u00e9bitos ficais relacionados ao Imposto sobre Opera\u00e7\u00f5es Relativas \u00e0 Circula\u00e7\u00e3o de Mercadorias e sobre Presta\u00e7\u00f5es de Servi\u00e7os de Transporte Interestadual e Intermunicipal e de Comunica\u00e7\u00e3o &#8211; ICMS, para tratar das condi\u00e7\u00f5es e dos percentuais de multas e juros para ades\u00e3o ao Programa de Recupera\u00e7\u00e3o Fiscal 2021 &#8211; REFIS 2021.<\/p>\n","protected":false},"author":5,"featured_media":0,"comment_status":"closed","ping_status":"closed","sticky":false,"template":"","format":"standard","meta":{"_acf_changed":false,"footnotes":""},"categories":[3,31],"tags":[35,65],"class_list":["post-21776","post","type-post","status-publish","format-standard","hentry","category-legislacao","category-leis-ordinarias","tag-icms","tag-refis"],"acf":[],"_links":{"self":[{"href":"https:\/\/sefaz.ac.gov.br\/2021\/index.php?rest_route=\/wp\/v2\/posts\/21776","targetHints":{"allow":["GET"]}}],"collection":[{"href":"https:\/\/sefaz.ac.gov.br\/2021\/index.php?rest_route=\/wp\/v2\/posts"}],"about":[{"href":"https:\/\/sefaz.ac.gov.br\/2021\/index.php?rest_route=\/wp\/v2\/types\/post"}],"author":[{"embeddable":true,"href":"https:\/\/sefaz.ac.gov.br\/2021\/index.php?rest_route=\/wp\/v2\/users\/5"}],"replies":[{"embeddable":true,"href":"https:\/\/sefaz.ac.gov.br\/2021\/index.php?rest_route=%2Fwp%2Fv2%2Fcomments&post=21776"}],"version-history":[{"count":1,"href":"https:\/\/sefaz.ac.gov.br\/2021\/index.php?rest_route=\/wp\/v2\/posts\/21776\/revisions"}],"predecessor-version":[{"id":21777,"href":"https:\/\/sefaz.ac.gov.br\/2021\/index.php?rest_route=\/wp\/v2\/posts\/21776\/revisions\/21777"}],"wp:attachment":[{"href":"https:\/\/sefaz.ac.gov.br\/2021\/index.php?rest_route=%2Fwp%2Fv2%2Fmedia&parent=21776"}],"wp:term":[{"taxonomy":"category","embeddable":true,"href":"https:\/\/sefaz.ac.gov.br\/2021\/index.php?rest_route=%2Fwp%2Fv2%2Fcategories&post=21776"},{"taxonomy":"post_tag","embeddable":true,"href":"https:\/\/sefaz.ac.gov.br\/2021\/index.php?rest_route=%2Fwp%2Fv2%2Ftags&post=21776"}],"curies":[{"name":"wp","href":"https:\/\/api.w.org\/{rel}","templated":true}]}}