{"id":21696,"date":"2025-02-12T14:14:52","date_gmt":"2025-02-12T17:14:52","guid":{"rendered":"https:\/\/sefaz.ac.gov.br\/2021\/?p=21696"},"modified":"2025-02-26T14:29:51","modified_gmt":"2025-02-26T17:29:51","slug":"portaria-sefaz-no-71-de-12-de-fevereiro-de-2025","status":"publish","type":"post","link":"https:\/\/sefaz.ac.gov.br\/2021\/?p=21696","title":{"rendered":"PORTARIA SEFAZ N\u00ba 71, DE 12 DE FEVEREIRO DE 2025"},"content":{"rendered":"\n<p class=\"wp-block-paragraph\"><strong>O SECRET\u00c1RIO DE ESTADO DA FAZENDA<\/strong>, no uso de suas atribui\u00e7\u00f5es constitucionais e legais que lhe confere o Decreto n\u00ba 4.059-P, de 05 de junho de 2023, publicado no Di\u00e1rio Oficial n\u00ba 13.550, de 07 de junho de 2023;<\/p>\n\n\n\n<p class=\"wp-block-paragraph\">CONSIDERANDO o interesse em ampliar a transpar\u00eancia, credibilidade nos processos de sorteios do Programa Nota Premiada Acreana;<\/p>\n\n\n\n<p class=\"wp-block-paragraph\">CONSIDERANDO o Decreto n\u00b0 11.535, de 06 de fevereiro de 2025 (SEI 0014268691) que altera o Decreto n\u00b0 11.531, de 05 de agosto de 2024;<\/p>\n\n\n\n<p class=\"wp-block-paragraph\">CONSIDERANDO o constante dos autos do processo n.\u00ba 0715.012497.00180\/ 2024-11.<\/p>\n\n\n\n<p class=\"wp-block-paragraph\"><strong>RESOLVE:<\/strong><\/p>\n\n\n\n<p class=\"wp-block-paragraph\">Art. 1\u00ba O inciso IV do art. 1\u00ba da Portaria Sefaz n\u00ba 619, de 5 de novembro de 2024, passa a vigorar com a seguinte reda\u00e7\u00e3o:<\/p>\n\n\n\n<blockquote class=\"wp-block-quote is-layout-flow wp-block-quote-is-layout-flow\">\n<p class=\"wp-block-paragraph\">\u201cArt. 1\u00ba &#8230;<\/p>\n\n\n\n<p class=\"wp-block-paragraph\">&#8230;<\/p>\n\n\n\n<p class=\"wp-block-paragraph\">IV &#8211; servidores p\u00fablicos vinculados aos quadros efetivo, em comiss\u00e3o, especial e provis\u00f3rio em extin\u00e7\u00e3o, e aos prestadores de servi\u00e7os terceirizados e bolsistas em atividade na Secretaria de Estado da Fazenda \u2013 SEFAZ;<\/p>\n\n\n\n<p class=\"wp-block-paragraph\">&#8230;\u201d (NR)<\/p>\n<\/blockquote>\n\n\n\n<p class=\"wp-block-paragraph\">Art. 2\u00ba Ficam revogados os incisos V, VI, VII, VIII, IX do art. 1\u00ba da Portaria Sefaz n\u00ba 619, de 5 de novembro de 2024.<\/p>\n\n\n\n<p class=\"wp-block-paragraph\">Art. 3\u00ba Esta Portaria entra em vigor na data de sua publica\u00e7\u00e3o.<\/p>\n\n\n\n<p class=\"wp-block-paragraph\">Rio Branco &#8211; Acre, 12 de fevereiro de 2025.<\/p>\n","protected":false},"excerpt":{"rendered":"<p>Altera a Portaria Sefaz n\u00ba 619, de 5 de novembro de 2024, Nota Premiada Acreana.<\/p>\n","protected":false},"author":5,"featured_media":0,"comment_status":"closed","ping_status":"closed","sticky":false,"template":"","format":"standard","meta":{"_acf_changed":false,"footnotes":""},"categories":[3,33],"tags":[122,69],"class_list":["post-21696","post","type-post","status-publish","format-standard","hentry","category-legislacao","category-portarias","tag-nota-premiada","tag-pecf"],"acf":[],"_links":{"self":[{"href":"https:\/\/sefaz.ac.gov.br\/2021\/index.php?rest_route=\/wp\/v2\/posts\/21696","targetHints":{"allow":["GET"]}}],"collection":[{"href":"https:\/\/sefaz.ac.gov.br\/2021\/index.php?rest_route=\/wp\/v2\/posts"}],"about":[{"href":"https:\/\/sefaz.ac.gov.br\/2021\/index.php?rest_route=\/wp\/v2\/types\/post"}],"author":[{"embeddable":true,"href":"https:\/\/sefaz.ac.gov.br\/2021\/index.php?rest_route=\/wp\/v2\/users\/5"}],"replies":[{"embeddable":true,"href":"https:\/\/sefaz.ac.gov.br\/2021\/index.php?rest_route=%2Fwp%2Fv2%2Fcomments&post=21696"}],"version-history":[{"count":2,"href":"https:\/\/sefaz.ac.gov.br\/2021\/index.php?rest_route=\/wp\/v2\/posts\/21696\/revisions"}],"predecessor-version":[{"id":21698,"href":"https:\/\/sefaz.ac.gov.br\/2021\/index.php?rest_route=\/wp\/v2\/posts\/21696\/revisions\/21698"}],"wp:attachment":[{"href":"https:\/\/sefaz.ac.gov.br\/2021\/index.php?rest_route=%2Fwp%2Fv2%2Fmedia&parent=21696"}],"wp:term":[{"taxonomy":"category","embeddable":true,"href":"https:\/\/sefaz.ac.gov.br\/2021\/index.php?rest_route=%2Fwp%2Fv2%2Fcategories&post=21696"},{"taxonomy":"post_tag","embeddable":true,"href":"https:\/\/sefaz.ac.gov.br\/2021\/index.php?rest_route=%2Fwp%2Fv2%2Ftags&post=21696"}],"curies":[{"name":"wp","href":"https:\/\/api.w.org\/{rel}","templated":true}]}}