{"id":21691,"date":"2025-02-06T14:08:49","date_gmt":"2025-02-06T17:08:49","guid":{"rendered":"https:\/\/sefaz.ac.gov.br\/2021\/?p=21691"},"modified":"2025-02-26T14:30:06","modified_gmt":"2025-02-26T17:30:06","slug":"portaria-sefaz-no-59-de-6-de-fevereiro-de-2025","status":"publish","type":"post","link":"https:\/\/sefaz.ac.gov.br\/2021\/?p=21691","title":{"rendered":"PORTARIA SEFAZ N\u00ba 59, DE 6 DE FEVEREIRO DE 2025"},"content":{"rendered":"\n<p class=\"wp-block-paragraph\"><strong>O SECRET\u00c1RIO DE ESTADO DA FAZENDA<\/strong>, no uso de suas atribui\u00e7\u00f5es constitucionais e legais que lhe confere o Decreto n\u00ba 4.059-P, de 05 de junho de 2023, publicado no Di\u00e1rio Oficial n\u00ba 13.550, de 07 de junho de 2023;<\/p>\n\n\n\n<p class=\"wp-block-paragraph\">CONSIDERANDO o Decreto n\u00ba 11.253, de 05 de junho de 2023; e o art. 4\u00ba, XI e XII, da Portaria n\u00ba 513, de 20 de junho de 2023, que aprovou o Regimento Interno da Secretaria de Estado da Fazenda;<\/p>\n\n\n\n<p class=\"wp-block-paragraph\">CONSIDERANDO o Decreto n\u00ba 11.531, de 05 de agosto de 2024, que instituiu o Programa Nota Premiada Acreana;<\/p>\n\n\n\n<p class=\"wp-block-paragraph\">CONSIDERANDO a Portaria SEFAZ n\u00ba 439, de 07 de agosto de 2024, que estabelece normas e procedimentos operacionais do Programa Nota Premiada Acreana e suas altera\u00e7\u00f5es;<\/p>\n\n\n\n<p class=\"wp-block-paragraph\">CONSIDERANDO a Portaria SEFAZ n\u00ba 440, de 07 de agosto de 2024, que estabelece procedimentos para o cadastramento das Entidades sociais sem fins lucrativos no Programa Nota Premiada Acreana e suas altera\u00e7\u00f5es;<\/p>\n\n\n\n<p class=\"wp-block-paragraph\">CONSIDERANDO o 3\u00ba Sorteio e rateio realizado em 22 de janeiro de 2025;<\/p>\n\n\n\n<p class=\"wp-block-paragraph\">CONSIDERANDO o Despacho n\u00ba 2\/2025\/SEFAZ \u2013 DIGOVE (SEI 0014171826) exarado pela Diretoria de Governan\u00e7a e Gest\u00e3o Estrat\u00e9gica \u2013 DIGOVE<\/p>\n\n\n\n<p class=\"wp-block-paragraph\">CONSIDERANDO o constante dos autos do processo n\u00ba 0715.012497.00013\/ 2025-51;<\/p>\n\n\n\n<p class=\"wp-block-paragraph\"><strong>RESOLVE:<\/strong><\/p>\n\n\n\n<p class=\"wp-block-paragraph\">Art. 1\u00ba Tornar p\u00fablico o resultado do 3\u00ba Sorteio e rateio, compet\u00eancia dezembro de 2024, realizado no dia 22 de janeiro de 2025, com os ganhadores pessoas f\u00edsicas e entidades sociais (pessoas jur\u00eddicas), do Programa Nota Premiada Acreana, nos termos do \u00a7 2\u00ba do artigo 18 da Portaria SEFAZ n\u00ba 439, de 7 de agosto de 2024, conforme par\u00e1grafos abaixo:<\/p>\n\n\n\n<p class=\"wp-block-paragraph\">\u00a7 1\u00ba Contemplados com o 1\u00ba Pr\u00eamio de R$ 5.000,00 (cinco mil reais) e R$ 2.500,00 (dois mil e quinhentos reais) destinados a entidades sociais beneficiadas, respectivamente:<\/p>\n\n\n\n<p class=\"wp-block-paragraph\">I \u2013 Regional do Alto Acre:<\/p>\n\n\n\n<p class=\"wp-block-paragraph\">a) JOSE DE A****** R***** \u2013 809.***.***-68;<\/p>\n\n\n\n<p class=\"wp-block-paragraph\">b) Entidade Social beneficiada: Funda\u00e7\u00e3o Dom Jos\u00e9 Hascher \u2013 Lar dos Vicentinos de Cruzeiro do Sul;<\/p>\n\n\n\n<p class=\"wp-block-paragraph\">II \u2013 Regional do Baixo Acre:<\/p>\n\n\n\n<p class=\"wp-block-paragraph\">a) PATRICIA DAS C**** C**** \u2013 865.***.***-72;<\/p>\n\n\n\n<p class=\"wp-block-paragraph\">b) Entidade Social beneficiada: Educand\u00e1rio Santa Margarida de Rio Branco;<\/p>\n\n\n\n<p class=\"wp-block-paragraph\">III \u2013 Regional do Juru\u00e1:<\/p>\n\n\n\n<p class=\"wp-block-paragraph\">a) TELMAR S**** M****** \u2013 508.***.***-15;<\/p>\n\n\n\n<p class=\"wp-block-paragraph\">b) Entidade Social beneficiada: Funda\u00e7\u00e3o Dom Jos\u00e9 Hascher \u2013 Lar dos Vicentinos de Cruzeiro do Sul;<\/p>\n\n\n\n<p class=\"wp-block-paragraph\">IV \u2013 Regional do Purus:<\/p>\n\n\n\n<p class=\"wp-block-paragraph\">a) ADIZOM DA S**** B****** \u2013 022.***.***-13;<\/p>\n\n\n\n<p class=\"wp-block-paragraph\">b) Entidade Social beneficiada: Associa\u00e7\u00e3o Favela Viva;<\/p>\n\n\n\n<p class=\"wp-block-paragraph\">V \u2013 Regional Tarauac\u00e1 \u2013 Envira:<\/p>\n\n\n\n<p class=\"wp-block-paragraph\">a) FRANCISCA R******** \u2013 483.***.***-49;<\/p>\n\n\n\n<p class=\"wp-block-paragraph\">b) Entidade Social beneficiada: Associa\u00e7\u00e3o de Pais e Amigos dos Excepcionais APAE de Rio Branco-Acre.<\/p>\n\n\n\n<p class=\"wp-block-paragraph\">\u00a7 2\u00ba Contemplados com o 2\u00ba Pr\u00eamio de R$ 10.000,00 (dez mil reais) e R$ 5.000,00 (cinco mil reais) destinados a entidades sociais beneficiadas, respectivamente:<\/p>\n\n\n\n<p class=\"wp-block-paragraph\">I \u2013 Regional do Alto Acre:<\/p>\n\n\n\n<p class=\"wp-block-paragraph\">a) EDUARDO DE A******** G***** \u2013 359.***.***-53;<\/p>\n\n\n\n<p class=\"wp-block-paragraph\">b) Entidade Social beneficiada: Associa\u00e7\u00e3o Amigos do Peito;<\/p>\n\n\n\n<p class=\"wp-block-paragraph\">II \u2013 Regional do Baixo Acre:<\/p>\n\n\n\n<p class=\"wp-block-paragraph\">a) RITERLANIA DA S**** R**** \u2013 359.***.***-82;<\/p>\n\n\n\n<p class=\"wp-block-paragraph\">b) Entidade Social beneficiada: Portal Francisco C\u00e2ndido Xavier;<\/p>\n\n\n\n<p class=\"wp-block-paragraph\">III \u2013 Regional do Juru\u00e1:<\/p>\n\n\n\n<p class=\"wp-block-paragraph\">a) IANA M*** DE S**** \u2013 065.***.***-48;<\/p>\n\n\n\n<p class=\"wp-block-paragraph\">b) Entidade Social beneficiada: Funda\u00e7\u00e3o Dom Jos\u00e9 Hascher \u2013 Lar dos Vicentinos de Cruzeiro do Sul;<\/p>\n\n\n\n<p class=\"wp-block-paragraph\">IV \u2013 Regional do Purus:<\/p>\n\n\n\n<p class=\"wp-block-paragraph\">a) DYENIFF C****** DOS S***** S****** C****\u2013 004.***.***-26;<\/p>\n\n\n\n<p class=\"wp-block-paragraph\">b) Entidade Social beneficiada: Associa\u00e7\u00e3o dos Jovens de Sena Madureira Arco-\u00cdris;<\/p>\n\n\n\n<p class=\"wp-block-paragraph\">V \u2013 Regional Tarauac\u00e1 \u2013 Envira:<\/p>\n\n\n\n<p class=\"wp-block-paragraph\">a) MARIA R***** G**** DA S**** \u2013 466.***.***-68;<\/p>\n\n\n\n<p class=\"wp-block-paragraph\">b) Entidade Social beneficiada: Associa\u00e7\u00e3o de Pais e Amigos dos Excepcionais APAE de Rio Branco-Acre.<\/p>\n\n\n\n<p class=\"wp-block-paragraph\">\u00a7 3\u00ba Contemplados com o 3\u00ba Pr\u00eamio de R$ 20.000,00 (vinte mil reais) e R$ 10.000,00 (dez mil reais) destinados a entidades sociais beneficiadas, respectivamente:<\/p>\n\n\n\n<p class=\"wp-block-paragraph\">I \u2013 Regional do Alto Acre:<\/p>\n\n\n\n<p class=\"wp-block-paragraph\">a) MARIA L**** R******** \u2013 322.***.***-68;<\/p>\n\n\n\n<p class=\"wp-block-paragraph\">b) Entidade Social beneficiada: Diocese de Rio Branco \u2013 Par\u00f3quia Nossa Senhora das Dores Brasileia;<\/p>\n\n\n\n<p class=\"wp-block-paragraph\">II \u2013 Regional do Baixo Acre:<\/p>\n\n\n\n<p class=\"wp-block-paragraph\">a) CARLOS A****** S**** DO N*********\u2013 215.***.***-87;<\/p>\n\n\n\n<p class=\"wp-block-paragraph\">b) Entidade Social beneficiada: Associa\u00e7\u00e3o dos Jovens de Sena Madureira Arco-\u00cdris;<\/p>\n\n\n\n<p class=\"wp-block-paragraph\">III \u2013 Regional do Juru\u00e1:<\/p>\n\n\n\n<p class=\"wp-block-paragraph\">a) ALESSANDRA B***** DE S**** F****** \u2013 683.***.***-00;<\/p>\n\n\n\n<p class=\"wp-block-paragraph\">b) Entidade Social beneficiada: Funda\u00e7\u00e3o Dom Jos\u00e9 Hascher \u2013 Lar dos Vicentinos de Cruzeiro do Sul;<\/p>\n\n\n\n<p class=\"wp-block-paragraph\">IV \u2013 Regional do Purus:<\/p>\n\n\n\n<p class=\"wp-block-paragraph\">a) JOCICLEUDO DA S**** C***** \u2013 002.***.***-81;<\/p>\n\n\n\n<p class=\"wp-block-paragraph\">b) Entidade Social beneficiada: Associa\u00e7\u00e3o dos Jovens de Sena Madureira Arco-\u00cdris.<\/p>\n\n\n\n<p class=\"wp-block-paragraph\">V \u2013 Regional Tarauac\u00e1 \u2013 Envira:<\/p>\n\n\n\n<p class=\"wp-block-paragraph\">a) RENEIDE C***** B****** S******** \u2013 322.***.***-68;<\/p>\n\n\n\n<p class=\"wp-block-paragraph\">b) Entidade Social beneficiada: Associa\u00e7\u00e3o Amigos do Peito.<\/p>\n\n\n\n<p class=\"wp-block-paragraph\">Art. 2\u00ba O valor do rateio do Programa Nota Premiada Acreana, nos termos dos arts. 24 e 25, da Portaria SEFAZ n\u00ba 439, de 7 de agosto de 2024, ser\u00e1 distribu\u00eddo conforme demonstrado no Anexo \u00danico desta Portaria.<\/p>\n\n\n\n<p class=\"wp-block-paragraph\">Art. 3\u00ba Os n\u00fameros dos bilhetes sorteados est\u00e3o dispon\u00edveis para consulta no Portal da Nota Premiada Acreana.<\/p>\n\n\n\n<p class=\"wp-block-paragraph\">Art. 4\u00ba Esta Portaria entra em vigor na data de sua publica\u00e7\u00e3o.<\/p>\n\n\n\n<p class=\"wp-block-paragraph\">Rio Branco \u2013 Acre, 6 de fevereiro de 2025.<\/p>\n","protected":false},"excerpt":{"rendered":"<p>Disp\u00f5e sobre o resultado do 3\u00ba Sorteio e rateio do Programa Nota Premiada Acreana, promovido pelo governo do Estado do Acre.<\/p>\n","protected":false},"author":5,"featured_media":0,"comment_status":"closed","ping_status":"closed","sticky":false,"template":"","format":"standard","meta":{"_acf_changed":false,"footnotes":""},"categories":[3,33],"tags":[122,69],"class_list":["post-21691","post","type-post","status-publish","format-standard","hentry","category-legislacao","category-portarias","tag-nota-premiada","tag-pecf"],"acf":[],"_links":{"self":[{"href":"https:\/\/sefaz.ac.gov.br\/2021\/index.php?rest_route=\/wp\/v2\/posts\/21691","targetHints":{"allow":["GET"]}}],"collection":[{"href":"https:\/\/sefaz.ac.gov.br\/2021\/index.php?rest_route=\/wp\/v2\/posts"}],"about":[{"href":"https:\/\/sefaz.ac.gov.br\/2021\/index.php?rest_route=\/wp\/v2\/types\/post"}],"author":[{"embeddable":true,"href":"https:\/\/sefaz.ac.gov.br\/2021\/index.php?rest_route=\/wp\/v2\/users\/5"}],"replies":[{"embeddable":true,"href":"https:\/\/sefaz.ac.gov.br\/2021\/index.php?rest_route=%2Fwp%2Fv2%2Fcomments&post=21691"}],"version-history":[{"count":2,"href":"https:\/\/sefaz.ac.gov.br\/2021\/index.php?rest_route=\/wp\/v2\/posts\/21691\/revisions"}],"predecessor-version":[{"id":21693,"href":"https:\/\/sefaz.ac.gov.br\/2021\/index.php?rest_route=\/wp\/v2\/posts\/21691\/revisions\/21693"}],"wp:attachment":[{"href":"https:\/\/sefaz.ac.gov.br\/2021\/index.php?rest_route=%2Fwp%2Fv2%2Fmedia&parent=21691"}],"wp:term":[{"taxonomy":"category","embeddable":true,"href":"https:\/\/sefaz.ac.gov.br\/2021\/index.php?rest_route=%2Fwp%2Fv2%2Fcategories&post=21691"},{"taxonomy":"post_tag","embeddable":true,"href":"https:\/\/sefaz.ac.gov.br\/2021\/index.php?rest_route=%2Fwp%2Fv2%2Ftags&post=21691"}],"curies":[{"name":"wp","href":"https:\/\/api.w.org\/{rel}","templated":true}]}}