{"id":21534,"date":"2025-01-28T13:36:29","date_gmt":"2025-01-28T16:36:29","guid":{"rendered":"https:\/\/sefaz.ac.gov.br\/2021\/?p=21534"},"modified":"2025-01-28T13:37:21","modified_gmt":"2025-01-28T16:37:21","slug":"pauta-de-julgamentos-para-o-mes-de-janeiro-2025","status":"publish","type":"post","link":"https:\/\/sefaz.ac.gov.br\/2021\/?p=21534","title":{"rendered":"PAUTA DE JULGAMENTOS PARA O M\u00caS DE JANEIRO 2025"},"content":{"rendered":"\n<p class=\"wp-block-paragraph\">O Presidente do Tribunal Administrativo de Tributos Estaduais, no uso de suas atribui\u00e7\u00f5es legais e na forma dos artigos 6\u00ba, VI e 47, ambos do Decreto Estadual n\u00ba 11.502\/2024, torna p\u00fablica a <strong>Pauta de Julgamentos <\/strong>das Sess\u00f5es Ordin\u00e1rias, presencial e por videoconfer\u00eancia, a serem realizadas no m\u00eas de <strong>janeiro<\/strong> de 2025, \u00e0s 14h30, na sala de reuni\u00f5es da Secretaria Adjunta da Receita Estadual, situada na Av. Get\u00falio Vargas 1.215, Bosque, Rio Branco \u2013 Acre (depend\u00eancias da Secretaria de Estado da Fazenda). Para a sustenta\u00e7\u00e3o oral por videoconfer\u00eancia, o sujeito passivo dever\u00e1 requerer a sua participa\u00e7\u00e3o at\u00e9 as dezessete horas do dia \u00fatil imediatamente anterior ao da realiza\u00e7\u00e3o da sess\u00e3o, atrav\u00e9s do e-mail: tribunal.sefazac@gmail.com.<\/p>\n\n\n\n<p class=\"wp-block-paragraph\"><strong>&nbsp;&nbsp;&nbsp;&nbsp;&nbsp;&nbsp;&nbsp;&nbsp;&nbsp;&nbsp;&nbsp;&nbsp;&nbsp;&nbsp;&nbsp; Sess\u00e3o dia 22\/01\/25<\/strong><\/p>\n\n\n\n<figure class=\"wp-block-table\"><table class=\"has-fixed-layout\"><tbody><tr><td>1<\/td><td>Processo:<\/td><td>2016\/67\/33968 apensos 2016\/67\/33973 e 2016\/67\/35236<\/td><\/tr><tr><td>&nbsp;<\/td><td>Recorrente:<\/td><td>CAVALHEIRO LOGISTICS LTDA.<\/td><\/tr><tr><td>&nbsp;<\/td><td>Advogados:<\/td><td>Jos\u00e9 da Cruz Del Pino OAB\/RO 6.277 e Cristiane Tessaro OAB\/RO 1.562 -OAB\/AC 4224<\/td><\/tr><tr><td>&nbsp;<\/td><td>Recorrido:<\/td><td>Diretor de Administra\u00e7\u00e3o Tribut\u00e1ria<\/td><\/tr><tr><td>&nbsp;<\/td><td>Recurso:<\/td><td>Recurso Volunt\u00e1rio<\/td><\/tr><tr><td>&nbsp;<\/td><td>Relator:<\/td><td>Julgador Jo\u00e3o Tadeu de Moura<\/td><\/tr><\/tbody><\/table><\/figure>\n\n\n\n<figure class=\"wp-block-table\"><table class=\"has-fixed-layout\"><tbody><tr><td>2<\/td><td>Processo:<\/td><td>2017\/10\/37950<\/td><\/tr><tr><td>&nbsp;<\/td><td>Recorrente:<\/td><td>CAVALHEIRO LOGISTICS LTDA.<\/td><\/tr><tr><td>&nbsp;<\/td><td>Advogados:<\/td><td>Jos\u00e9 da Cruz Del Pino OAB\/RO 6.277 e Cristiane Tessaro OAB\/RO 1.562 -OAB\/AC 4224<\/td><\/tr><tr><td>&nbsp;<\/td><td>Recorrido:<\/td><td>Diretor de Administra\u00e7\u00e3o Tribut\u00e1ria<\/td><\/tr><tr><td>&nbsp;<\/td><td>Recurso:<\/td><td>Recurso Volunt\u00e1rio<\/td><\/tr><tr><td>&nbsp;<\/td><td>Relator:<\/td><td>Julgador Jo\u00e3o Tadeu de Moura<\/td><\/tr><\/tbody><\/table><\/figure>\n\n\n\n<figure class=\"wp-block-table\"><table class=\"has-fixed-layout\"><tbody><tr><td>3<\/td><td>Processo:<\/td><td>2017\/10\/41540<\/td><\/tr><tr><td>&nbsp;<\/td><td>Recorrente:<\/td><td>CAVALHEIRO LOGISTICS LTDA.<\/td><\/tr><tr><td>&nbsp;<\/td><td>Advogados:<\/td><td>Jos\u00e9 da Cruz Del Pino OAB\/RO 6.277 e Cristiane Tessaro OAB\/RO 1.562 -OAB\/AC 4224<\/td><\/tr><tr><td>&nbsp;<\/td><td>Recorrido:<\/td><td>Diretor de Administra\u00e7\u00e3o Tribut\u00e1ria<\/td><\/tr><tr><td>&nbsp;<\/td><td>Recurso:<\/td><td>Recurso Volunt\u00e1rio<\/td><\/tr><tr><td>&nbsp;<\/td><td>Relator:<\/td><td>Julgador Jo\u00e3o Tadeu de Moura<\/td><\/tr><\/tbody><\/table><\/figure>\n\n\n\n<figure class=\"wp-block-table\"><table class=\"has-fixed-layout\"><tbody><tr><td>4<\/td><td>Processo:<\/td><td>2018\/10\/12434<\/td><\/tr><tr><td>&nbsp;<\/td><td>Recorrente:<\/td><td>CAVALHEIRO LOGISTICS LTDA.<\/td><\/tr><tr><td>&nbsp;<\/td><td>Advogados:<\/td><td>Jos\u00e9 da Cruz Del Pino OAB\/RO 6.277 e Cristiane Tessaro OAB\/RO 1.562 -OAB\/AC 4224<\/td><\/tr><tr><td>&nbsp;<\/td><td>Recorrido:<\/td><td>Diretor de Administra\u00e7\u00e3o Tribut\u00e1ria<\/td><\/tr><tr><td>&nbsp;<\/td><td>Recurso:<\/td><td>Recurso Volunt\u00e1rio<\/td><\/tr><tr><td>&nbsp;<\/td><td>Relator:<\/td><td>Julgador Jo\u00e3o Tadeu de Moura<\/td><\/tr><\/tbody><\/table><\/figure>\n\n\n\n<figure class=\"wp-block-table\"><table class=\"has-fixed-layout\"><tbody><tr><td>5<\/td><td>Processo:<\/td><td>2018\/10\/15127<\/td><\/tr><tr><td>&nbsp;<\/td><td>Recorrente:<\/td><td>CAVALHEIRO LOGISTICS LTDA.<\/td><\/tr><tr><td>&nbsp;<\/td><td>Advogados:<\/td><td>Jos\u00e9 da Cruz Del Pino OAB\/RO 6.277 e Cristiane Tessaro OAB\/RO 1.562 -OAB\/AC 4224<\/td><\/tr><tr><td>&nbsp;<\/td><td>Recorrido:<\/td><td>Diretor de Administra\u00e7\u00e3o Tribut\u00e1ria<\/td><\/tr><tr><td>&nbsp;<\/td><td>Recurso:<\/td><td>Recurso Volunt\u00e1rio<\/td><\/tr><tr><td>&nbsp;<\/td><td>Relator:<\/td><td><a>Julgador Jo\u00e3o Tadeu de Moura<\/a><\/td><\/tr><\/tbody><\/table><\/figure>\n\n\n\n<figure class=\"wp-block-table\"><table class=\"has-fixed-layout\"><tbody><tr><td>6<\/td><td>Processo:<\/td><td>2018\/10\/16472<\/td><\/tr><tr><td>&nbsp;<\/td><td>Recorrente:<\/td><td>CAVALHEIRO LOGISTICS LTDA.<\/td><\/tr><tr><td>&nbsp;<\/td><td>Advogados:<\/td><td>Jos\u00e9 da Cruz Del Pino OAB\/RO 6.277 e Cristiane Tessaro OAB\/RO 1.562 -OAB\/AC 4224<\/td><\/tr><tr><td>&nbsp;<\/td><td>Recorrido:<\/td><td>Diretor de Administra\u00e7\u00e3o Tribut\u00e1ria<\/td><\/tr><tr><td>&nbsp;<\/td><td>Recurso:<\/td><td>Recurso Volunt\u00e1rio<\/td><\/tr><tr><td>&nbsp;<\/td><td>Relator:<\/td><td>Julgador Jo\u00e3o Tadeu de Moura<\/td><\/tr><\/tbody><\/table><\/figure>\n\n\n\n<figure class=\"wp-block-table\"><table class=\"has-fixed-layout\"><tbody><tr><td>7<\/td><td>Processo:<\/td><td>2018\/10\/18308<\/td><\/tr><tr><td>&nbsp;<\/td><td>Recorrente:<\/td><td>CAVALHEIRO LOGISTICS LTDA.<\/td><\/tr><tr><td>&nbsp;<\/td><td>Advogados:<\/td><td>Jos\u00e9 da Cruz Del Pino OAB\/RO 6.277 e Cristiane Tessaro OAB\/RO 1.562 -OAB\/AC 4224<\/td><\/tr><tr><td>&nbsp;<\/td><td>Recorrido:<\/td><td>Diretor de Administra\u00e7\u00e3o Tribut\u00e1ria<\/td><\/tr><tr><td>&nbsp;<\/td><td>Recurso:<\/td><td>Recurso Volunt\u00e1rio<\/td><\/tr><tr><td>&nbsp;<\/td><td>Relator:<\/td><td>Julgador Jo\u00e3o Tadeu de Moura<\/td><\/tr><\/tbody><\/table><\/figure>\n\n\n\n<figure class=\"wp-block-table\"><table class=\"has-fixed-layout\"><tbody><tr><td>8<\/td><td>Processo:<\/td><td>2018\/10\/19907<\/td><\/tr><tr><td>&nbsp;<\/td><td>Recorrente:<\/td><td>CAVALHEIRO LOGISTICS LTDA.<\/td><\/tr><tr><td>&nbsp;<\/td><td>Advogados:<\/td><td>Jos\u00e9 da Cruz Del Pino OAB\/RO 6.277 e Cristiane Tessaro OAB\/RO 1.562 -OAB\/AC 4224<\/td><\/tr><tr><td>&nbsp;<\/td><td>Recorrido:<\/td><td>Diretor de Administra\u00e7\u00e3o Tribut\u00e1ria<\/td><\/tr><tr><td>&nbsp;<\/td><td>Recurso:<\/td><td>Recurso Volunt\u00e1rio<\/td><\/tr><tr><td>&nbsp;<\/td><td>Relator:<\/td><td>Julgador Jo\u00e3o Tadeu de Moura<\/td><\/tr><\/tbody><\/table><\/figure>\n\n\n\n<figure class=\"wp-block-table\"><table class=\"has-fixed-layout\"><tbody><tr><td><a>9<\/a><\/td><td>Processo:<\/td><td>2018\/10\/21327<\/td><\/tr><tr><td>&nbsp;<\/td><td>Recorrente:<\/td><td>CAVALHEIRO LOGISTICS LTDA.<\/td><\/tr><tr><td>&nbsp;<\/td><td>Advogados:<\/td><td>Jos\u00e9 da Cruz Del Pino OAB\/RO 6.277 e Cristiane Tessaro OAB\/RO 1.562 -OAB\/AC 4224<\/td><\/tr><tr><td>&nbsp;<\/td><td>Recorrido:<\/td><td>Diretor de Administra\u00e7\u00e3o Tribut\u00e1ria<\/td><\/tr><tr><td>&nbsp;<\/td><td>Recurso:<\/td><td>Recurso Volunt\u00e1rio<\/td><\/tr><tr><td>&nbsp;<\/td><td>Relator:<\/td><td>Julgador Titular Jo\u00e3o Tadeu de Moura<\/td><\/tr><\/tbody><\/table><\/figure>\n\n\n\n<figure class=\"wp-block-table\"><table class=\"has-fixed-layout\"><tbody><tr><td>10<\/td><td>Processo:<\/td><td>2018\/10\/23294<\/td><\/tr><tr><td>&nbsp;<\/td><td>Recorrente:<\/td><td>CAVALHEIRO LOGISTICS LTDA.<\/td><\/tr><tr><td>&nbsp;<\/td><td>Advogados:<\/td><td>Jos\u00e9 da Cruz Del Pino OAB\/RO 6.277 e Cristiane Tessaro OAB\/RO 1.562 -OAB\/AC 4224<\/td><\/tr><tr><td>&nbsp;<\/td><td>Recorrido:<\/td><td>Diretor de Administra\u00e7\u00e3o Tribut\u00e1ria<\/td><\/tr><tr><td>&nbsp;<\/td><td>Recurso:<\/td><td>Recurso Volunt\u00e1rio<\/td><\/tr><tr><td>&nbsp;<\/td><td>Relator:<\/td><td>Julgador Jo\u00e3o Tadeu de Moura<\/td><\/tr><\/tbody><\/table><\/figure>\n\n\n\n<figure class=\"wp-block-table\"><table class=\"has-fixed-layout\"><tbody><tr><td>11<\/td><td>Processo:<\/td><td>2018\/10\/27547<\/td><\/tr><tr><td>&nbsp;<\/td><td>Recorrente:<\/td><td>CAVALHEIRO LOGISTICS LTDA.<\/td><\/tr><tr><td>&nbsp;<\/td><td>Advogados:<\/td><td>Jos\u00e9 da Cruz Del Pino OAB\/RO 6.277 e Cristiane Tessaro OAB\/RO 1.562 -OAB\/AC 4224<\/td><\/tr><tr><td>&nbsp;<\/td><td>Recorrido:<\/td><td>Diretor de Administra\u00e7\u00e3o Tribut\u00e1ria<\/td><\/tr><tr><td>&nbsp;<\/td><td>Recurso:<\/td><td>Recurso Volunt\u00e1rio<\/td><\/tr><tr><td>&nbsp;<\/td><td>Relator:<\/td><td>Julgador Jo\u00e3o Tadeu de Moura<\/td><\/tr><\/tbody><\/table><\/figure>\n\n\n\n<figure class=\"wp-block-table\"><table class=\"has-fixed-layout\"><tbody><tr><td>12<\/td><td>Processo:<\/td><td>2018\/10\/39209<\/td><\/tr><tr><td>&nbsp;<\/td><td>Recorrente:<\/td><td>CAVALHEIRO LOGISTICS LTDA.<\/td><\/tr><tr><td>&nbsp;<\/td><td>Advogados:<\/td><td>Jos\u00e9 da Cruz Del Pino OAB\/RO 6.277 e Cristiane Tessaro OAB\/RO 1.562 -OAB\/AC 4224<\/td><\/tr><tr><td>&nbsp;<\/td><td>Recorrido:<\/td><td>Diretor de Administra\u00e7\u00e3o Tribut\u00e1ria<\/td><\/tr><tr><td>&nbsp;<\/td><td>Recurso:<\/td><td>Recurso Volunt\u00e1rio<\/td><\/tr><tr><td>&nbsp;<\/td><td>Relator:<\/td><td>Julgador Jo\u00e3o Tadeu de Moura<\/td><\/tr><\/tbody><\/table><\/figure>\n\n\n\n<figure class=\"wp-block-table\"><table class=\"has-fixed-layout\"><tbody><tr><td>13<\/td><td>Processo:<\/td><td>2018\/10\/40114<\/td><\/tr><tr><td>&nbsp;<\/td><td>Recorrente:<\/td><td>CAVALHEIRO LOGISTICS LTDA.<\/td><\/tr><tr><td>&nbsp;<\/td><td>Advogados:<\/td><td>Jos\u00e9 da Cruz Del Pino OAB\/RO 6.277 e Cristiane Tessaro OAB\/RO 1.562 -OAB\/AC 4224<\/td><\/tr><tr><td>&nbsp;<\/td><td>Recorrido:<\/td><td>Diretor de Administra\u00e7\u00e3o Tribut\u00e1ria<\/td><\/tr><tr><td>&nbsp;<\/td><td>Recurso:<\/td><td>Recurso Volunt\u00e1rio<\/td><\/tr><tr><td>&nbsp;<\/td><td>Relator:<\/td><td>Julgador Jo\u00e3o Tadeu de Moura<\/td><\/tr><\/tbody><\/table><\/figure>\n\n\n\n<figure class=\"wp-block-table\"><table class=\"has-fixed-layout\"><tbody><tr><td>14<\/td><td>Processo:<\/td><td>2018\/10\/42623<\/td><\/tr><tr><td>&nbsp;<\/td><td>Recorrente:<\/td><td>CAVALHEIRO LOGISTICS LTDA.<\/td><\/tr><tr><td>&nbsp;<\/td><td>Advogados:<\/td><td>Jos\u00e9 da Cruz Del Pino OAB\/RO 6.277 e Cristiane Tessaro OAB\/RO 1.562 -OAB\/AC 4224<\/td><\/tr><tr><td>&nbsp;<\/td><td>Recorrido:<\/td><td>Diretor de Administra\u00e7\u00e3o Tribut\u00e1ria<\/td><\/tr><tr><td>&nbsp;<\/td><td>Recurso:<\/td><td>Recurso Volunt\u00e1rio<\/td><\/tr><tr><td>&nbsp;<\/td><td>Relator:<\/td><td>Julgador Jo\u00e3o Tadeu de Moura<\/td><\/tr><\/tbody><\/table><\/figure>\n\n\n\n<figure class=\"wp-block-table\"><table class=\"has-fixed-layout\"><tbody><tr><td>15<\/td><td>Processo:<\/td><td>2018\/10\/46710<\/td><\/tr><tr><td>&nbsp;<\/td><td>Recorrente:<\/td><td>CAVALHEIRO LOGISTICS LTDA.<\/td><\/tr><tr><td>&nbsp;<\/td><td>Advogados:<\/td><td>Jos\u00e9 da Cruz Del Pino OAB\/RO 6.277 e Cristiane Tessaro OAB\/RO 1.562 -OAB\/AC 4224<\/td><\/tr><tr><td>&nbsp;<\/td><td>Recorrido:<\/td><td>Diretor de Administra\u00e7\u00e3o Tribut\u00e1ria<\/td><\/tr><tr><td>&nbsp;<\/td><td>Recurso:<\/td><td>Recurso Volunt\u00e1rio<\/td><\/tr><tr><td>&nbsp;<\/td><td>Relator:<\/td><td>Julgador Jo\u00e3o Tadeu de Moura<\/td><\/tr><\/tbody><\/table><\/figure>\n\n\n\n<figure class=\"wp-block-table\"><table class=\"has-fixed-layout\"><tbody><tr><td>16<\/td><td>Processo:<\/td><td>2019\/145\/53954<\/td><\/tr><tr><td>&nbsp;<\/td><td>Recorrente:<\/td><td>CAVALHEIRO LOGISTICS LTDA.<\/td><\/tr><tr><td>&nbsp;<\/td><td>Advogados:<\/td><td>Jos\u00e9 da Cruz Del Pino OAB\/RO 6.277 e Cristiane Tessaro OAB\/RO 1.562 -OAB\/AC 4224<\/td><\/tr><tr><td>&nbsp;<\/td><td>Recorrido:<\/td><td>Diretor de Administra\u00e7\u00e3o Tribut\u00e1ria<\/td><\/tr><tr><td>&nbsp;<\/td><td>Recurso:<\/td><td>Recurso Volunt\u00e1rio<\/td><\/tr><tr><td>&nbsp;<\/td><td>Relator:<\/td><td>Julgador Jo\u00e3o Tadeu de Moura<\/td><\/tr><\/tbody><\/table><\/figure>\n\n\n\n<figure class=\"wp-block-table\"><table class=\"has-fixed-layout\"><tbody><tr><td>17<\/td><td>Processo:<\/td><td>2020\/14501551<\/td><\/tr><tr><td>&nbsp;<\/td><td>Recorrente:<\/td><td>CAVALHEIRO LOGISTICS LTDA.<\/td><\/tr><tr><td>&nbsp;<\/td><td>Advogados:<\/td><td>Jos\u00e9 da Cruz Del Pino OAB\/RO 6.277 e Cristiane Tessaro OAB\/RO 1.562 -OAB\/AC 4224<\/td><\/tr><tr><td>&nbsp;<\/td><td>Recorrido:<\/td><td>Diretor de Administra\u00e7\u00e3o Tribut\u00e1ria<\/td><\/tr><tr><td>&nbsp;<\/td><td>Recurso:<\/td><td>Recurso Volunt\u00e1rio<\/td><\/tr><tr><td>&nbsp;<\/td><td>Relator:<\/td><td>Julgador Jo\u00e3o Tadeu de Moura<\/td><\/tr><\/tbody><\/table><\/figure>\n\n\n\n<figure class=\"wp-block-table\"><table class=\"has-fixed-layout\"><tbody><tr><td>18<\/td><td>Processo:<\/td><td>2020\/145\/05174<\/td><\/tr><tr><td>&nbsp;<\/td><td>Recorrente:<\/td><td>CAVALHEIRO LOGISTICS LTDA.<\/td><\/tr><tr><td>&nbsp;<\/td><td>Advogados:<\/td><td>Jos\u00e9 da Cruz Del Pino OAB\/RO 6.277 e Cristiane Tessaro OAB\/RO 1.562 -OAB\/AC 4224<\/td><\/tr><tr><td>&nbsp;<\/td><td>Recorrido:<\/td><td>Diretor de Administra\u00e7\u00e3o Tribut\u00e1ria<\/td><\/tr><tr><td>&nbsp;<\/td><td>Recurso:<\/td><td>Recurso Volunt\u00e1rio<\/td><\/tr><tr><td>&nbsp;<\/td><td>Relator:<\/td><td>Julgador Jo\u00e3o Tadeu de Moura<\/td><\/tr><\/tbody><\/table><\/figure>\n\n\n\n<figure class=\"wp-block-table\"><table class=\"has-fixed-layout\"><tbody><tr><td>19<\/td><td>Processo:<\/td><td>2021\/145\/17991<\/td><\/tr><tr><td>&nbsp;<\/td><td>Recorrente:<\/td><td>CAVALHEIRO LOGISTICS LTDA.<\/td><\/tr><tr><td>&nbsp;<\/td><td>Advogados:<\/td><td>Jos\u00e9 da Cruz Del Pino OAB\/RO 6.277 e Cristiane Tessaro OAB\/RO 1.562 -OAB\/AC 4224<\/td><\/tr><tr><td>&nbsp;<\/td><td>Recorrido:<\/td><td>Diretor de Administra\u00e7\u00e3o Tribut\u00e1ria<\/td><\/tr><tr><td>&nbsp;<\/td><td>Recurso:<\/td><td>Recurso Volunt\u00e1rio<\/td><\/tr><tr><td>&nbsp;<\/td><td>Relator:<\/td><td>Julgador Jo\u00e3o Tadeu de Moura<\/td><\/tr><\/tbody><\/table><\/figure>\n\n\n\n<figure class=\"wp-block-table\"><table class=\"has-fixed-layout\"><tbody><tr><td>20<\/td><td>Processo:<\/td><td>2021\/145\/34790<\/td><\/tr><tr><td>&nbsp;<\/td><td>Recorrente:<\/td><td>CAVALHEIRO LOGISTICS LTDA.<\/td><\/tr><tr><td>&nbsp;<\/td><td>Advogados:<\/td><td>Jos\u00e9 da Cruz Del Pino OAB\/RO 6.277 e Cristiane Tessaro OAB\/RO 1.562 -OAB\/AC 4224<\/td><\/tr><tr><td>&nbsp;<\/td><td>Recorrido:<\/td><td>Diretor de Administra\u00e7\u00e3o Tribut\u00e1ria<\/td><\/tr><tr><td>&nbsp;<\/td><td>Recurso:<\/td><td>Recurso Volunt\u00e1rio<\/td><\/tr><tr><td>&nbsp;<\/td><td>Relator:<\/td><td>Julgador Jo\u00e3o Tadeu de Moura<\/td><\/tr><\/tbody><\/table><\/figure>\n\n\n\n<figure class=\"wp-block-table\"><table class=\"has-fixed-layout\"><tbody><tr><td>21<\/td><td>Processo:<\/td><td>2021\/145\/38118<\/td><\/tr><tr><td>&nbsp;<\/td><td>Recorrente:<\/td><td>CAVALHEIRO LOGISTICS LTDA.<\/td><\/tr><tr><td>&nbsp;<\/td><td>Advogados:<\/td><td>Jos\u00e9 da Cruz Del Pino OAB\/RO 6.277 e Cristiane Tessaro OAB\/RO 1.562 -OAB\/AC 4224<\/td><\/tr><tr><td>&nbsp;<\/td><td>Recorrido:<\/td><td>Diretor de Administra\u00e7\u00e3o Tribut\u00e1ria<\/td><\/tr><tr><td>&nbsp;<\/td><td>Recurso:<\/td><td>Recurso Volunt\u00e1rio<\/td><\/tr><tr><td>&nbsp;<\/td><td>Relator:<\/td><td>Julgador Jo\u00e3o Tadeu de Moura<\/td><\/tr><\/tbody><\/table><\/figure>\n\n\n\n<figure class=\"wp-block-table\"><table class=\"has-fixed-layout\"><tbody><tr><td>22<\/td><td>Processo:<\/td><td>2021\/145\/42179<\/td><\/tr><tr><td>&nbsp;<\/td><td>Recorrente:<\/td><td>CAVALHEIRO LOGISTICS LTDA.<\/td><\/tr><tr><td>&nbsp;<\/td><td>Advogados:<\/td><td>Jos\u00e9 da Cruz Del Pino OAB\/RO 6.277 e Cristiane Tessaro OAB\/RO 1.562 -OAB\/AC 4224<\/td><\/tr><tr><td>&nbsp;<\/td><td>Recorrido:<\/td><td>Diretor de Administra\u00e7\u00e3o Tribut\u00e1ria<\/td><\/tr><tr><td>&nbsp;<\/td><td>Recurso:<\/td><td>Recurso Volunt\u00e1rio<\/td><\/tr><tr><td>&nbsp;<\/td><td>Relator:<\/td><td>Julgador Jo\u00e3o Tadeu de Moura<\/td><\/tr><\/tbody><\/table><\/figure>\n\n\n\n<figure class=\"wp-block-table\"><table class=\"has-fixed-layout\"><tbody><tr><td>23<\/td><td>Processo:<\/td><td>2021\/145\/54197<\/td><\/tr><tr><td>&nbsp;<\/td><td>Recorrente:<\/td><td>CAVALHEIRO LOGISTICS LTDA.<\/td><\/tr><tr><td>&nbsp;<\/td><td>Advogados:<\/td><td>Jos\u00e9 da Cruz Del Pino OAB\/RO 6.277 e Cristiane Tessaro OAB\/RO 1.562 -OAB\/AC 4224<\/td><\/tr><tr><td>&nbsp;<\/td><td>Recorrido:<\/td><td>Diretor de Administra\u00e7\u00e3o Tribut\u00e1ria<\/td><\/tr><tr><td>&nbsp;<\/td><td>Recurso:<\/td><td>Recurso Volunt\u00e1rio<\/td><\/tr><tr><td>&nbsp;<\/td><td>Relator:<\/td><td>Julgador Jo\u00e3o Tadeu de Moura<\/td><\/tr><\/tbody><\/table><\/figure>\n\n\n\n<figure class=\"wp-block-table\"><table class=\"has-fixed-layout\"><tbody><tr><td>24<\/td><td>Processo:<\/td><td>2021\/145\/98482<\/td><\/tr><tr><td>&nbsp;<\/td><td>Recorrente:<\/td><td>CAVALHEIRO LOGISTICS LTDA.<\/td><\/tr><tr><td>&nbsp;<\/td><td>Advogados:<\/td><td>Jos\u00e9 da Cruz Del Pino OAB\/RO 6.277 e Cristiane Tessaro OAB\/RO 1.562 -OAB\/AC 4224<\/td><\/tr><tr><td>&nbsp;<\/td><td>Recorrido:<\/td><td>Diretor de Administra\u00e7\u00e3o Tribut\u00e1ria<\/td><\/tr><tr><td>&nbsp;<\/td><td>Recurso:<\/td><td>Recurso Volunt\u00e1rio<\/td><\/tr><tr><td>&nbsp;<\/td><td>Relator:<\/td><td>Julgador Jo\u00e3o Tadeu de Moura<\/td><\/tr><\/tbody><\/table><\/figure>\n\n\n\n<figure class=\"wp-block-table\"><table class=\"has-fixed-layout\"><tbody><tr><td>25<\/td><td>Processo:<\/td><td>2021\/145\/66531<\/td><\/tr><tr><td>&nbsp;<\/td><td>Recorrente:<\/td><td>CAVALHEIRO LOGISTICS LTDA.<\/td><\/tr><tr><td>&nbsp;<\/td><td>Advogados:<\/td><td>Jos\u00e9 da Cruz Del Pino OAB\/RO 6.277 e Cristiane Tessaro OAB\/RO 1.562 -OAB\/AC 4224<\/td><\/tr><tr><td>&nbsp;<\/td><td>Recorrido:<\/td><td>Diretor de Administra\u00e7\u00e3o Tribut\u00e1ria<\/td><\/tr><tr><td>&nbsp;<\/td><td>Recurso:<\/td><td>Recurso Volunt\u00e1rio<\/td><\/tr><tr><td>&nbsp;<\/td><td>Relator:<\/td><td>Julgador Jo\u00e3o Tadeu de Moura<\/td><\/tr><\/tbody><\/table><\/figure>\n\n\n\n<figure class=\"wp-block-table\"><table class=\"has-fixed-layout\"><tbody><tr><td>26<\/td><td>Processo:<\/td><td>2021\/145\/87405<\/td><\/tr><tr><td>&nbsp;<\/td><td>Recorrente:<\/td><td>CAVALHEIRO LOGISTICS LTDA.<\/td><\/tr><tr><td>&nbsp;<\/td><td>Advogados:<\/td><td>Jos\u00e9 da Cruz Del Pino OAB\/RO 6.277 e Cristiane Tessaro OAB\/RO 1.562 -OAB\/AC 4224<\/td><\/tr><tr><td>&nbsp;<\/td><td>Recorrido:<\/td><td>Diretor de Administra\u00e7\u00e3o Tribut\u00e1ria<\/td><\/tr><tr><td>&nbsp;<\/td><td>Recurso:<\/td><td>Recurso Volunt\u00e1rio<\/td><\/tr><tr><td>&nbsp;<\/td><td>Relator:<\/td><td>Julgador Jo\u00e3o Tadeu de Moura<\/td><\/tr><\/tbody><\/table><\/figure>\n\n\n\n<figure class=\"wp-block-table\"><table class=\"has-fixed-layout\"><tbody><tr><td>27<\/td><td>Processo:<\/td><td>2021\/145\/100982<\/td><\/tr><tr><td>&nbsp;<\/td><td>Recorrente:<\/td><td>CAVALHEIRO LOGISTICS LTDA.<\/td><\/tr><tr><td>&nbsp;<\/td><td>Advogados:<\/td><td>Jos\u00e9 da Cruz Del Pino OAB\/RO 6.277 e Cristiane Tessaro OAB\/RO 1.562 -OAB\/AC 4224<\/td><\/tr><tr><td>&nbsp;<\/td><td>Recorrido:<\/td><td>Diretor de Administra\u00e7\u00e3o Tribut\u00e1ria<\/td><\/tr><tr><td>&nbsp;<\/td><td>Recurso:<\/td><td>Recurso Volunt\u00e1rio<\/td><\/tr><tr><td>&nbsp;<\/td><td>Relator:<\/td><td>Julgador Jo\u00e3o Tadeu de Moura<\/td><\/tr><\/tbody><\/table><\/figure>\n\n\n\n<figure class=\"wp-block-table\"><table class=\"has-fixed-layout\"><tbody><tr><td>28<\/td><td>Processo:<\/td><td>2021\/145\/88514<\/td><\/tr><tr><td>&nbsp;<\/td><td>Recorrente:<\/td><td>CAVALHEIRO LOGISTICS LTDA.<\/td><\/tr><tr><td>&nbsp;<\/td><td>Advogados:<\/td><td>Jos\u00e9 da Cruz Del Pino OAB\/RO 6.277 e Cristiane Tessaro OAB\/RO 1.562 -OAB\/AC 4224<\/td><\/tr><tr><td>&nbsp;<\/td><td>Recorrido:<\/td><td>Diretor de Administra\u00e7\u00e3o Tribut\u00e1ria<\/td><\/tr><tr><td>&nbsp;<\/td><td>Recurso:<\/td><td>Recurso Volunt\u00e1rio<\/td><\/tr><tr><td>&nbsp;<\/td><td>Relator:<\/td><td>Julgador Jo\u00e3o Tadeu de Moura<\/td><\/tr><\/tbody><\/table><\/figure>\n\n\n\n<figure class=\"wp-block-table\"><table class=\"has-fixed-layout\"><tbody><tr><td>29<\/td><td>Processo:<\/td><td>2021\/145\/66784<\/td><\/tr><tr><td>&nbsp;<\/td><td>Recorrente:<\/td><td>CAVALHEIRO LOGISTICS LTDA.<\/td><\/tr><tr><td>&nbsp;<\/td><td>Advogados:<\/td><td>Jos\u00e9 da Cruz Del Pino OAB\/RO 6.277 e Cristiane Tessaro OAB\/RO 1.562 -OAB\/AC 4224<\/td><\/tr><tr><td>&nbsp;<\/td><td>Recorrido:<\/td><td>Diretor de Administra\u00e7\u00e3o Tribut\u00e1ria<\/td><\/tr><tr><td>&nbsp;<\/td><td>Recurso:<\/td><td>Recurso Volunt\u00e1rio<\/td><\/tr><tr><td>&nbsp;<\/td><td>Relator:<\/td><td>Julgador Jo\u00e3o Tadeu de Moura<\/td><\/tr><\/tbody><\/table><\/figure>\n\n\n\n<figure class=\"wp-block-table\"><table class=\"has-fixed-layout\"><tbody><tr><td>30<\/td><td>Processo:<\/td><td>2016\/67\/20449 apensos 2016\/67\/24138, 2016\/67\/26466, 2016\/67\/27120 e 2016\/67\/28568<\/td><\/tr><tr><td>&nbsp;<\/td><td>Recorrente:<\/td><td>CAVALHEIRO LOGISTICS LTDA.<\/td><\/tr><tr><td>&nbsp;<\/td><td>Advogados:<\/td><td>Jos\u00e9 da Cruz Del Pino OAB\/RO 6.277 e Cristiane Tessaro OAB\/RO 1.562 -OAB\/AC 4224<\/td><\/tr><tr><td>&nbsp;<\/td><td>Recorrido:<\/td><td>Diretor de Administra\u00e7\u00e3o Tribut\u00e1ria<\/td><\/tr><tr><td>&nbsp;<\/td><td>Recurso:<\/td><td>Recurso Volunt\u00e1rio<\/td><\/tr><tr><td>&nbsp;<\/td><td>Relator:<\/td><td>Julgador Jo\u00e3o Tadeu de Moura<\/td><\/tr><\/tbody><\/table><\/figure>\n\n\n\n<figure class=\"wp-block-table\"><table class=\"has-fixed-layout\"><tbody><tr><td>31<\/td><td>Processo:<\/td><td>2021\/145\/58084<\/td><\/tr><tr><td>&nbsp;<\/td><td>Recorrente:<\/td><td>CAVALHEIRO LOGISTICS LTDA.<\/td><\/tr><tr><td>&nbsp;<\/td><td>Advogados:<\/td><td>Jos\u00e9 da Cruz Del Pino OAB\/RO 6.277 e Cristiane Tessaro OAB\/RO 1.562 -OAB\/AC 4224<\/td><\/tr><tr><td>&nbsp;<\/td><td>Recorrido:<\/td><td>Diretor de Administra\u00e7\u00e3o Tribut\u00e1ria<\/td><\/tr><tr><td>&nbsp;<\/td><td>Recurso:<\/td><td>Recurso Volunt\u00e1rio<\/td><\/tr><tr><td>&nbsp;<\/td><td>Relator:<\/td><td>Julgador Jo\u00e3o Tadeu de Moura<\/td><\/tr><\/tbody><\/table><\/figure>\n\n\n\n<figure class=\"wp-block-table\"><table class=\"has-fixed-layout\"><tbody><tr><td>32<\/td><td>Processo:<\/td><td>2018\/10\/12674 apenso 2018\/10\/20122<\/td><\/tr><tr><td>&nbsp;<\/td><td>Recorrente:<\/td><td>ADINN CONSTRU\u00c7\u00c3O E PAVIMENTA\u00c7\u00c3O EIRELI<\/td><\/tr><tr><td>&nbsp;<\/td><td>Advogado:<\/td><td>N\u00e3o consta<\/td><\/tr><tr><td>&nbsp;<\/td><td>Recorrido:<\/td><td>Diretor de Administra\u00e7\u00e3o Tribut\u00e1ria<\/td><\/tr><tr><td>&nbsp;<\/td><td>Recurso:<\/td><td>Recurso Volunt\u00e1rio<\/td><\/tr><tr><td>&nbsp;<\/td><td>Relator:<\/td><td>Julgador Suplente Hilton de Ara\u00fajo Santos<\/td><\/tr><\/tbody><\/table><\/figure>\n\n\n\n<figure class=\"wp-block-table\"><table class=\"has-fixed-layout\"><tbody><tr><td>33<\/td><td>Processo:<\/td><td>2018\/81\/05081<\/td><\/tr><tr><td>&nbsp;<\/td><td>Recorrente:<\/td><td>ADINN CONSTRU\u00c7\u00c3O E PAVIMENTA\u00c7\u00c3O EIRELI<\/td><\/tr><tr><td>&nbsp;<\/td><td>Advogado:<\/td><td>Rodrigo Aiache Cordeiro OAB\/AC 2.780<\/td><\/tr><tr><td>&nbsp;<\/td><td>Recorrido:<\/td><td>Diretor de Administra\u00e7\u00e3o Tribut\u00e1ria<\/td><\/tr><tr><td>&nbsp;<\/td><td>Recurso:<\/td><td>Recurso Volunt\u00e1rio<\/td><\/tr><tr><td>&nbsp;<\/td><td>Relator:<\/td><td>Julgador Hilton de Ara\u00fajo Santos<\/td><\/tr><\/tbody><\/table><\/figure>\n\n\n\n<figure class=\"wp-block-table\"><table class=\"has-fixed-layout\"><tbody><tr><td>34<\/td><td>Processo:<\/td><td>2018\/81\/05085<\/td><\/tr><tr><td>&nbsp;<\/td><td>Recorrente:<\/td><td>ADINN CONSTRU\u00c7\u00c3O E PAVIMENTA\u00c7\u00c3O EIRELI<\/td><\/tr><tr><td>&nbsp;<\/td><td>Advogado:<\/td><td>Rodrigo Aiache Cordeiro OAB\/AC 2.780<\/td><\/tr><tr><td>&nbsp;<\/td><td>Recorrido:<\/td><td>Diretor de Administra\u00e7\u00e3o Tribut\u00e1ria<\/td><\/tr><tr><td>&nbsp;<\/td><td>Recurso:<\/td><td>Recurso Volunt\u00e1rio<\/td><\/tr><tr><td>&nbsp;<\/td><td>Relator:<\/td><td>Julgador Hilton de Ara\u00fajo Santos<\/td><\/tr><\/tbody><\/table><\/figure>\n\n\n\n<figure class=\"wp-block-table\"><table class=\"has-fixed-layout\"><tbody><tr><td>35<\/td><td>Processo:<\/td><td>2018\/81\/05293<\/td><\/tr><tr><td>&nbsp;<\/td><td>Recorrente:<\/td><td>ADINN CONSTRU\u00c7\u00c3O E PAVIMENTA\u00c7\u00c3O EIRELI<\/td><\/tr><tr><td>&nbsp;<\/td><td>Advogado:<\/td><td>Rodrigo Aiache Cordeiro OAB\/AC 2.780<\/td><\/tr><tr><td>&nbsp;<\/td><td>Recorrido:<\/td><td>Diretor de Administra\u00e7\u00e3o Tribut\u00e1ria<\/td><\/tr><tr><td>&nbsp;<\/td><td>Recurso:<\/td><td>Recurso Volunt\u00e1rio<\/td><\/tr><tr><td>&nbsp;<\/td><td>Relator:<\/td><td>Julgador Hilton de Ara\u00fajo Santos<\/td><\/tr><\/tbody><\/table><\/figure>\n\n\n\n<figure class=\"wp-block-table\"><table class=\"has-fixed-layout\"><tbody><tr><td>36<\/td><td>Processo:<\/td><td>2018\/81\/05309<\/td><\/tr><tr><td>&nbsp;<\/td><td>Recorrente:<\/td><td>ADINN CONSTRU\u00c7\u00c3O E PAVIMENTA\u00c7\u00c3O EIRELI<\/td><\/tr><tr><td>&nbsp;<\/td><td>Advogado:<\/td><td>Rodrigo Aiache Cordeiro OAB\/AC 2.780<\/td><\/tr><tr><td>&nbsp;<\/td><td>Recorrido:<\/td><td>Diretor de Administra\u00e7\u00e3o Tribut\u00e1ria<\/td><\/tr><tr><td>&nbsp;<\/td><td>Recurso:<\/td><td>Recurso Volunt\u00e1rio<\/td><\/tr><tr><td>&nbsp;<\/td><td>Relator:<\/td><td>Julgador Hilton de Ara\u00fajo Santos<\/td><\/tr><\/tbody><\/table><\/figure>\n\n\n\n<figure class=\"wp-block-table\"><table class=\"has-fixed-layout\"><tbody><tr><td>37<\/td><td>Processo:<\/td><td>2018\/81\/05320<\/td><\/tr><tr><td>&nbsp;<\/td><td>Recorrente:<\/td><td>ADINN CONSTRU\u00c7\u00c3O E PAVIMENTA\u00c7\u00c3O EIRELI<\/td><\/tr><tr><td>&nbsp;<\/td><td>Advogado:<\/td><td>Rodrigo Aiache Cordeiro OAB\/AC 2.780<\/td><\/tr><tr><td>&nbsp;<\/td><td>Recorrido:<\/td><td>Diretor de Administra\u00e7\u00e3o Tribut\u00e1ria<\/td><\/tr><tr><td>&nbsp;<\/td><td>Recurso:<\/td><td>Recurso Volunt\u00e1rio<\/td><\/tr><tr><td>&nbsp;<\/td><td>Relator:<\/td><td>Julgador Hilton de Ara\u00fajo Santos<\/td><\/tr><\/tbody><\/table><\/figure>\n\n\n\n<figure class=\"wp-block-table\"><table class=\"has-fixed-layout\"><tbody><tr><td>38<\/td><td>Processo:<\/td><td>2018\/81\/05458<\/td><\/tr><tr><td>&nbsp;<\/td><td>Recorrente:<\/td><td>ADINN CONSTRU\u00c7\u00c3O E PAVIMENTA\u00c7\u00c3O EIRELI<\/td><\/tr><tr><td>&nbsp;<\/td><td>Advogado:<\/td><td>Rodrigo Aiache Cordeiro OAB\/AC 2.780<\/td><\/tr><tr><td>&nbsp;<\/td><td>Recorrido:<\/td><td>Diretor de Administra\u00e7\u00e3o Tribut\u00e1ria<\/td><\/tr><tr><td>&nbsp;<\/td><td>Recurso:<\/td><td>Recurso Volunt\u00e1rio<\/td><\/tr><tr><td>&nbsp;<\/td><td>Relator:<\/td><td>Julgador Hilton de Ara\u00fajo Santos<\/td><\/tr><\/tbody><\/table><\/figure>\n\n\n\n<p class=\"wp-block-paragraph\"><strong>&nbsp;&nbsp;&nbsp;&nbsp;&nbsp;&nbsp;&nbsp;&nbsp;&nbsp;&nbsp;&nbsp;&nbsp;&nbsp;&nbsp; Sess\u00e3o dia 30\/01\/25&nbsp;&nbsp;&nbsp;&nbsp;&nbsp;<\/strong><\/p>\n\n\n\n<figure class=\"wp-block-table\"><table class=\"has-fixed-layout\"><tbody><tr><td>1<\/td><td>Processo:<\/td><td>2019\/10\/12085<\/td><\/tr><tr><td>&nbsp;<\/td><td>Recorrente:<\/td><td>CLARO S\/A<\/td><\/tr><tr><td>&nbsp;<\/td><td>Advogados:<\/td><td>Ronaldo Redenschi OAB\/RJ 94.238 e Andrea de Souza Gon\u00e7alves Campbell OAB\/RJ 163.879<\/td><\/tr><tr><td>&nbsp;<\/td><td>Recorrido:<\/td><td>Diretor de Administra\u00e7\u00e3o Tribut\u00e1ria<\/td><\/tr><tr><td>&nbsp;<\/td><td>Recurso:<\/td><td>Recurso Volunt\u00e1rio<\/td><\/tr><tr><td>&nbsp;<\/td><td>Relator:<\/td><td>Julgador Ant\u00f4nio Raimundo Silva de Almeida<\/td><\/tr><\/tbody><\/table><\/figure>\n\n\n\n<figure class=\"wp-block-table\"><table class=\"has-fixed-layout\"><tbody><tr><td>2<\/td><td>Processo:<\/td><td>2019\/10\/17020<\/td><\/tr><tr><td>&nbsp;<\/td><td>Recorrente:<\/td><td>CLARO S\/A<\/td><\/tr><tr><td>&nbsp;<\/td><td>Advogados:<\/td><td>Bruno Jos\u00e9 Barbosa Guilhon OAB\/SC 25.551, Jhonem Ara\u00fajo Pereira OAB\/33.937 e Andr\u00e9 Ferreira Marques OAB\/AC 3.319<\/td><\/tr><tr><td>&nbsp;<\/td><td>Recorrido:<\/td><td>Diretor de Administra\u00e7\u00e3o Tribut\u00e1ria<\/td><\/tr><tr><td>&nbsp;<\/td><td>Recurso:<\/td><td>Recurso Volunt\u00e1rio<\/td><\/tr><tr><td>&nbsp;<\/td><td>Relator:<\/td><td>Julgador Ant\u00f4nio Raimundo Silva de Almeida<\/td><\/tr><\/tbody><\/table><\/figure>\n\n\n\n<figure class=\"wp-block-table\"><table class=\"has-fixed-layout\"><tbody><tr><td>&nbsp;3<\/td><td>Processo:<\/td><td>2019\/10\/13744<\/td><\/tr><tr><td>&nbsp;<\/td><td>Recorrente:<\/td><td>CLARO S\/A<\/td><\/tr><tr><td>&nbsp;<\/td><td>Advogados:<\/td><td>Bruno Jos\u00e9 Barbosa Guilhon OAB\/SC 25.551 e Andr\u00e9 Ferreira Marques OAB\/AC 3.319<\/td><\/tr><tr><td>&nbsp;<\/td><td>Recorrido:<\/td><td>Diretor de Administra\u00e7\u00e3o Tribut\u00e1ria<\/td><\/tr><tr><td>&nbsp;<\/td><td>Recurso:<\/td><td>Recurso Volunt\u00e1rio<\/td><\/tr><tr><td>&nbsp;<\/td><td>Relator:<\/td><td>Julgador Ant\u00f4nio Raimundo Silva de Almeida<\/td><\/tr><\/tbody><\/table><\/figure>\n\n\n\n<figure class=\"wp-block-table\"><table class=\"has-fixed-layout\"><tbody><tr><td>5<\/td><td>Processo:<\/td><td>2018\/10\/51165<\/td><\/tr><tr><td>&nbsp;<\/td><td>Recorrente:<\/td><td>CLARO S\/A<\/td><\/tr><tr><td>&nbsp;<\/td><td>Advogados:<\/td><td>Bruno Jos\u00e9 Barbosa Guilhon OAB\/SC 25.551 e Jhonem Ara\u00fajo Pereira OAB\/33.937<\/td><\/tr><tr><td>&nbsp;<\/td><td>Recorrido:<\/td><td>Diretor de Administra\u00e7\u00e3o Tribut\u00e1ria<\/td><\/tr><tr><td>&nbsp;<\/td><td>Recurso:<\/td><td>Recurso Volunt\u00e1rio<\/td><\/tr><tr><td>&nbsp;<\/td><td>Relator:<\/td><td>Julgador Ant\u00f4nio Raimundo Silva de Almeida<\/td><\/tr><\/tbody><\/table><\/figure>\n\n\n\n<figure class=\"wp-block-table\"><table class=\"has-fixed-layout\"><tbody><tr><td>&nbsp;6<\/td><td>Processo:<\/td><td>2014\/10\/38172<\/td><\/tr><tr><td>&nbsp;<\/td><td>Recorrente:<\/td><td>CLARO S\/A<\/td><\/tr><tr><td>&nbsp;<\/td><td>Advogados:<\/td><td>Bruno Jos\u00e9 Barbosa Guilhon OAB\/SC 25.551 e C\u00e9sar Tadeu Dias Junior OAB\/SC 25.674<\/td><\/tr><tr><td>&nbsp;<\/td><td>Recorrido:<\/td><td>Diretor de Administra\u00e7\u00e3o Tribut\u00e1ria<\/td><\/tr><tr><td>&nbsp;<\/td><td>Recurso:<\/td><td>Recurso Volunt\u00e1rio<\/td><\/tr><tr><td>&nbsp;<\/td><td>Relator:<\/td><td>Julgador Ant\u00f4nio Raimundo Silva de Almeida<\/td><\/tr><\/tbody><\/table><\/figure>\n\n\n\n<figure class=\"wp-block-table\"><table class=\"has-fixed-layout\"><tbody><tr><td>&nbsp;7<\/td><td>Processo:<\/td><td>2018\/10\/47253<\/td><\/tr><tr><td>&nbsp;<\/td><td>Recorrente:<\/td><td>CLARO S\/A<\/td><\/tr><tr><td>&nbsp;<\/td><td>Advogados:<\/td><td>Jhonem Ara\u00fajo Pereira OAB\/33.937 e Andre Ferreira Marques OAB\/AC 3.319<\/td><\/tr><tr><td>&nbsp;<\/td><td>Recorrido:<\/td><td>Diretor de Administra\u00e7\u00e3o Tribut\u00e1ria<\/td><\/tr><tr><td>&nbsp;<\/td><td>Recurso:<\/td><td>Recurso Volunt\u00e1rio<\/td><\/tr><tr><td>&nbsp;<\/td><td>Relator:<\/td><td>Julgador Ant\u00f4nio Raimundo Silva de Almeida<\/td><\/tr><\/tbody><\/table><\/figure>\n\n\n\n<figure class=\"wp-block-table\"><table class=\"has-fixed-layout\"><tbody><tr><td>&nbsp;8<\/td><td>Processo:<\/td><td>2019\/145\/54620<\/td><\/tr><tr><td>&nbsp;<\/td><td>Recorrente:<\/td><td>CLARO S\/A<\/td><\/tr><tr><td>&nbsp;<\/td><td>Advogados:<\/td><td>Bruno Jos\u00e9 Barbosa Guilhon OAB\/SC 25.551, Jhonem Araujo Pereira OAB\/SC 33.937 e P\u00e2mela Ferreira da Silva OAB\/AC 5.369<\/td><\/tr><tr><td>&nbsp;<\/td><td>Recorrido:<\/td><td>Diretor de Administra\u00e7\u00e3o Tribut\u00e1ria<\/td><\/tr><tr><td>&nbsp;<\/td><td>Recurso:<\/td><td>Recurso Volunt\u00e1rio<\/td><\/tr><tr><td>&nbsp;<\/td><td>Relator:<\/td><td>Julgador Ant\u00f4nio Raimundo Silva de Almeida<\/td><\/tr><\/tbody><\/table><\/figure>\n\n\n\n<figure class=\"wp-block-table\"><table class=\"has-fixed-layout\"><tbody><tr><td>&nbsp;9<\/td><td>Processo:<\/td><td>2018\/10\/43199<\/td><\/tr><tr><td>&nbsp;<\/td><td>Recorrente:<\/td><td>CLARO S\/A<\/td><\/tr><tr><td>&nbsp;<\/td><td>Advogados:<\/td><td>Alexandre G\u00f3es Ulyss\u00e9a dos Santos OAB\/SC 39.013 e Andre Ferreira Marques OAB\/AC 3.319<\/td><\/tr><tr><td>&nbsp;<\/td><td>Recorrido:<\/td><td>Diretor de Administra\u00e7\u00e3o Tribut\u00e1ria<\/td><\/tr><tr><td>&nbsp;<\/td><td>Recurso:<\/td><td>Recurso Volunt\u00e1rio<\/td><\/tr><tr><td>&nbsp;<\/td><td>Relator:<\/td><td>Julgador Ant\u00f4nio Raimundo Silva de Almeida<\/td><\/tr><\/tbody><\/table><\/figure>\n\n\n\n<figure class=\"wp-block-table\"><table class=\"has-fixed-layout\"><tbody><tr><td>10<\/td><td>Processo:<\/td><td>2018\/10\/40683<\/td><\/tr><tr><td>&nbsp;<\/td><td>Recorrente:<\/td><td>CLARO S\/A<\/td><\/tr><tr><td>&nbsp;<\/td><td>Advogados:<\/td><td>Alexandre G\u00f3es Ulyss\u00e9a dos Santos OAB\/SC 39.013 e Andre Ferreira Marques OAB\/AC 3.319<\/td><\/tr><tr><td>&nbsp;<\/td><td>Recorrido:<\/td><td>Diretor de Administra\u00e7\u00e3o Tribut\u00e1ria<\/td><\/tr><tr><td>&nbsp;<\/td><td>Recurso:<\/td><td>Recurso Volunt\u00e1rio<\/td><\/tr><tr><td>&nbsp;<\/td><td>Relator:<\/td><td>Julgador Ant\u00f4nio Raimundo Silva de Almeida<\/td><\/tr><\/tbody><\/table><\/figure>\n\n\n\n<figure class=\"wp-block-table\"><table class=\"has-fixed-layout\"><tbody><tr><td>11<\/td><td>Processo:<\/td><td>201810\/51160<\/td><\/tr><tr><td>&nbsp;<\/td><td>Recorrente:<\/td><td>CLARO S\/A<\/td><\/tr><tr><td>&nbsp;<\/td><td>Advogados:<\/td><td>Ronaldo Redenschi OAB\/RJ 94.238 e Andrea de Souza Gon\u00e7alves Campbell OAB\/RJ 163.879<\/td><\/tr><tr><td>&nbsp;<\/td><td>Recorrido:<\/td><td>Diretor de Administra\u00e7\u00e3o Tribut\u00e1ria<\/td><\/tr><tr><td>&nbsp;<\/td><td>Recurso:<\/td><td>Recurso Volunt\u00e1rio<\/td><\/tr><tr><td>&nbsp;<\/td><td>Relator:<\/td><td>Julgador Ant\u00f4nio Raimundo Silva de Almeida<\/td><\/tr><\/tbody><\/table><\/figure>\n\n\n\n<figure class=\"wp-block-table\"><table class=\"has-fixed-layout\"><tbody><tr><td>12<\/td><td>Processo:<\/td><td>2017\/81\/40110<\/td><\/tr><tr><td>&nbsp;<\/td><td>Recorrente:<\/td><td>CLARO S\/A<\/td><\/tr><tr><td>&nbsp;<\/td><td>Advogados:<\/td><td>Maria Fernanda D. Sirotheau da Costa OAB\/RJ 189.458, Renata Cunha Santos Pinheiro OAB\/RJ 126.462, Andressa Melo de Siqueira OAB\/AC 3.3323 e Ana Carolina R. Teixeira Zanin OAB\/AC 3.534<\/td><\/tr><tr><td>&nbsp;<\/td><td>Recorrido:<\/td><td>Diretor de Administra\u00e7\u00e3o Tribut\u00e1ria<\/td><\/tr><tr><td>&nbsp;<\/td><td>Recurso:<\/td><td>Recurso Volunt\u00e1rio<\/td><\/tr><tr><td>&nbsp;<\/td><td>Relator:<\/td><td>Julgador Ant\u00f4nio Raimundo Silva de Almeida<\/td><\/tr><\/tbody><\/table><\/figure>\n\n\n\n<p class=\"wp-block-paragraph\">Rio Branco, 18 de dezembro de 2024.<\/p>\n","protected":false},"excerpt":{"rendered":"<p>Tribunal Administrativo de Tributos Estaduais<br \/>\nPAUTA DE JULGAMENTOS PARA O M\u00caS DE JANEIRO 2025<\/p>\n","protected":false},"author":5,"featured_media":0,"comment_status":"closed","ping_status":"closed","sticky":false,"template":"","format":"standard","meta":{"_acf_changed":false,"footnotes":""},"categories":[47,46],"tags":[119],"class_list":["post-21534","post","type-post","status-publish","format-standard","hentry","category-pauta-de-julgamentos","category-conselho-de-contribuintes","tag-tate-pauta-de-julgamentos"],"acf":[],"_links":{"self":[{"href":"https:\/\/sefaz.ac.gov.br\/2021\/index.php?rest_route=\/wp\/v2\/posts\/21534","targetHints":{"allow":["GET"]}}],"collection":[{"href":"https:\/\/sefaz.ac.gov.br\/2021\/index.php?rest_route=\/wp\/v2\/posts"}],"about":[{"href":"https:\/\/sefaz.ac.gov.br\/2021\/index.php?rest_route=\/wp\/v2\/types\/post"}],"author":[{"embeddable":true,"href":"https:\/\/sefaz.ac.gov.br\/2021\/index.php?rest_route=\/wp\/v2\/users\/5"}],"replies":[{"embeddable":true,"href":"https:\/\/sefaz.ac.gov.br\/2021\/index.php?rest_route=%2Fwp%2Fv2%2Fcomments&post=21534"}],"version-history":[{"count":2,"href":"https:\/\/sefaz.ac.gov.br\/2021\/index.php?rest_route=\/wp\/v2\/posts\/21534\/revisions"}],"predecessor-version":[{"id":21536,"href":"https:\/\/sefaz.ac.gov.br\/2021\/index.php?rest_route=\/wp\/v2\/posts\/21534\/revisions\/21536"}],"wp:attachment":[{"href":"https:\/\/sefaz.ac.gov.br\/2021\/index.php?rest_route=%2Fwp%2Fv2%2Fmedia&parent=21534"}],"wp:term":[{"taxonomy":"category","embeddable":true,"href":"https:\/\/sefaz.ac.gov.br\/2021\/index.php?rest_route=%2Fwp%2Fv2%2Fcategories&post=21534"},{"taxonomy":"post_tag","embeddable":true,"href":"https:\/\/sefaz.ac.gov.br\/2021\/index.php?rest_route=%2Fwp%2Fv2%2Ftags&post=21534"}],"curies":[{"name":"wp","href":"https:\/\/api.w.org\/{rel}","templated":true}]}}