{"id":21450,"date":"2024-12-27T10:03:32","date_gmt":"2024-12-27T13:03:32","guid":{"rendered":"https:\/\/sefaz.ac.gov.br\/2021\/?p=21450"},"modified":"2025-01-08T09:36:06","modified_gmt":"2025-01-08T12:36:06","slug":"portaria-sefaz-no-701-de-27-de-dezembro-de-2024","status":"publish","type":"post","link":"https:\/\/sefaz.ac.gov.br\/2021\/?p=21450","title":{"rendered":"PORTARIA SEFAZ N\u00ba 701, DE 27 DE DEZEMBRO DE 2024"},"content":{"rendered":"\n<p class=\"wp-block-paragraph\"><strong>O SECRET\u00c1RIO DE ESTADO DA FAZENDA<\/strong>, no uso de suas atribui\u00e7\u00f5es constitucionais e legais que lhe confere o Decreto n\u00ba 4.059-P, de 05 de junho de 2023, publicado no Di\u00e1rio Oficial n\u00ba 13.550, de 07 de junho de 2023;<\/p>\n\n\n\n<p class=\"wp-block-paragraph\">Considerando o Decreto n\u00ba 11.253, de 05 de junho de 2023; e o art.4\u00ba, XI e XII, da Portaria n\u00ba 513, de 20 de junho de 2023, que aprovou o Regimento Interno da Secretaria de Estado da Fazenda;<\/p>\n\n\n\n<p class=\"wp-block-paragraph\">Considerando o Decreto n\u00ba 11.531, de 05 de agosto de 2024, que instituiu o Programa Nota Premiada Acreana;<\/p>\n\n\n\n<p class=\"wp-block-paragraph\">Considerando a Portaria SEFAZ n\u00ba 439, de 07 de agosto de 2024, que estabelece normas e procedimentos operacionais do Programa Nota Premiada Acreana e suas altera\u00e7\u00f5es;<\/p>\n\n\n\n<p class=\"wp-block-paragraph\">Considerando a Portaria SEFAZ n\u00ba 440, de 07 de agosto de 2024, que estabelece procedimentos para o cadastramento das Entidades sociais sem fins lucrativos no Programa Nota Premiada Acreana e suas altera\u00e7\u00f5es;<\/p>\n\n\n\n<p class=\"wp-block-paragraph\">Considerando o Sorteio e rateio n\u00ba 02\/2024 de 17 de dezembro de 2024;<\/p>\n\n\n\n<p class=\"wp-block-paragraph\">Considerando a Comunica\u00e7\u00e3o Interna n\u00ba 186\/2024\/SEFAZ -EFAZ (SEI 0013771480), exarada pela Escola Fazend\u00e1ria; e<\/p>\n\n\n\n<p class=\"wp-block-paragraph\">Considerando o constante dos autos do processo n\u00ba 0715.012497.00192\/2024-46.<\/p>\n\n\n\n<p class=\"wp-block-paragraph\"><strong>RESOLVE:<\/strong><\/p>\n\n\n\n<p class=\"wp-block-paragraph\">Art.&nbsp;1\u00ba Tornar p\u00fablico o resultado do sorteio e rateio n\u00ba 02\/2024, compet\u00eancia do m\u00eas novembro de 2024, realizado no dia 17 de dezembro de 2024, com os ganhadores pessoas f\u00edsicas e entidades sociais (pessoas jur\u00eddicas) do Programa Nota Premiada Acreana, nos termos do \u00a7 2\u00ba do artigo 18 da Portaria SEFAZ n\u00ba 439, de 7 de agosto de 2024, conforme par\u00e1grafos abaixo.&nbsp;&nbsp;&nbsp;&nbsp;\u00a7 1\u00ba Contemplados com o 1\u00ba Pr\u00eamio de R$ 5.000,00 (cinco mil reais) e R$ 2.500,00 (dois mil e quinhentos reais) destinados a entidades sociais beneficiadas, respectivamente:<\/p>\n\n\n\n<p class=\"wp-block-paragraph\">I &#8211; Regional do Alto Acre:<\/p>\n\n\n\n<p class=\"wp-block-paragraph\">a) MARIA J*** B***** B******DA S**** \u2013 702.***.***-34;<\/p>\n\n\n\n<p class=\"wp-block-paragraph\">b) Entidade Social beneficiada: Funda\u00e7\u00e3o Dom Jos\u00e9 Hascher \u2013 Lar dos Vicentinos de Cruzeiro do Sul;<\/p>\n\n\n\n<p class=\"wp-block-paragraph\">II &#8211; Regional do Baixo Acre:<\/p>\n\n\n\n<p class=\"wp-block-paragraph\">a) ANTONIO R******** DE O******* \u2013 434.***.***-91;<\/p>\n\n\n\n<p class=\"wp-block-paragraph\">b) Entidade Social beneficiada: Associa\u00e7\u00e3o de Pais e Amigos dos Excepcionais APAE de Rio Branco &#8211; Acre;<\/p>\n\n\n\n<p class=\"wp-block-paragraph\">III &#8211; Regional do Juru\u00e1:<\/p>\n\n\n\n<p class=\"wp-block-paragraph\">a) LEILSON DA C**** M******\u2013 003.***.***-07;<\/p>\n\n\n\n<p class=\"wp-block-paragraph\">b) Entidade Social beneficiada: Funda\u00e7\u00e3o Dom Jos\u00e9 Hascher \u2013 Lar dos Vicentinos de Cruzeiro do Sul;<\/p>\n\n\n\n<p class=\"wp-block-paragraph\">IV &#8211; Regional do Purus:<\/p>\n\n\n\n<p class=\"wp-block-paragraph\">a) ANTONIO G***** G******D**** \u2013 360.***.***-15;<\/p>\n\n\n\n<p class=\"wp-block-paragraph\">b) Entidade Social beneficiada: Associa\u00e7\u00e3o dos Jovens de Sena Madureira Arco-\u00edris;<\/p>\n\n\n\n<p class=\"wp-block-paragraph\">V &#8211; Regional Tarauac\u00e1 \u2013 Envira:<\/p>\n\n\n\n<p class=\"wp-block-paragraph\">a) MARCOS A****** L*** DA S**** \u2013 032.***.***-13;<\/p>\n\n\n\n<p class=\"wp-block-paragraph\">b) Entidade Social beneficiada: Associa\u00e7\u00e3o de Pais e Amigos dos Excepcionais APAE de Rio Branco \u2013 Acre.<\/p>\n\n\n\n<p class=\"wp-block-paragraph\">\u00a7 2\u00ba Contemplados com o 2\u00ba Pr\u00eamio de R$ 10.000,00 (dez mil reais) e R$ 5.000,00 (cinco mil reais) destinados a entidades sociais beneficiadas, respectivamente:<\/p>\n\n\n\n<p class=\"wp-block-paragraph\">I &#8211; Regional do Alto Acre:<\/p>\n\n\n\n<p class=\"wp-block-paragraph\">a) KADISCLEY R******** V**** \u2013 676.***.***-20;<\/p>\n\n\n\n<p class=\"wp-block-paragraph\">b) Entidade Social beneficiada: Diocese de Rio Branco \u2013 Par\u00f3quia Nossa Senhora das Dores de Brasil\u00e9ia;<\/p>\n\n\n\n<p class=\"wp-block-paragraph\">II &#8211; Regional do Baixo Acre:<\/p>\n\n\n\n<p class=\"wp-block-paragraph\">a) NILDA DE P**** DE L*** \u2013 433.***.***-04;<\/p>\n\n\n\n<p class=\"wp-block-paragraph\">b) Entidade Social beneficiada: Associa\u00e7\u00e3o Nossa Senhora da Sa\u00fade;<\/p>\n\n\n\n<p class=\"wp-block-paragraph\">III &#8211; Regional do Juru\u00e1:<\/p>\n\n\n\n<p class=\"wp-block-paragraph\">a) LUCILDA B****** DE S**** \u2013 511.***.***-15;<\/p>\n\n\n\n<p class=\"wp-block-paragraph\">b) Entidade Social beneficiada: Funda\u00e7\u00e3o Dom Jos\u00e9 Hascher \u2013 Lar dos Vicentinos de Cruzeiro do Sul;<\/p>\n\n\n\n<p class=\"wp-block-paragraph\">IV &#8211; Regional do Purus:<\/p>\n\n\n\n<p class=\"wp-block-paragraph\">a) ATILA C**** DE S**** \u2013 694.***.***-68;<\/p>\n\n\n\n<p class=\"wp-block-paragraph\">b) Entidade Social beneficiada: Associa\u00e7\u00e3o Favela Viva;<\/p>\n\n\n\n<p class=\"wp-block-paragraph\">V &#8211; Regional Tarauac\u00e1 \u2013 Envira:<\/p>\n\n\n\n<p class=\"wp-block-paragraph\">a) ZILANDIA B******* DE A***** \u2013 708.***.***-87;<\/p>\n\n\n\n<p class=\"wp-block-paragraph\">b) Entidade Social beneficiada: Educand\u00e1rio Santa Margarida.<\/p>\n\n\n\n<p class=\"wp-block-paragraph\">\u00a7 3\u00ba Contemplados com o 3\u00ba Pr\u00eamio de R$ 20.000,00 (vinte mil reais) e R$ 10.000,00 (dez mil reais) destinados a entidades sociais beneficiadas, respectivamente:<\/p>\n\n\n\n<p class=\"wp-block-paragraph\">I &#8211; Regional do Alto Acre:<\/p>\n\n\n\n<p class=\"wp-block-paragraph\">a) SAMILA P****** DA S**** D******* &#8211; 012***.***-28;<\/p>\n\n\n\n<p class=\"wp-block-paragraph\">b) Entidade Social beneficiada: Associa\u00e7\u00e3o Amigos do Peito;<\/p>\n\n\n\n<p class=\"wp-block-paragraph\">II &#8211; Regional do Baixo Acre:<\/p>\n\n\n\n<p class=\"wp-block-paragraph\">a) MARIA DE F***** R******** C*******\u2013 360.***.***-00;<\/p>\n\n\n\n<p class=\"wp-block-paragraph\">b) Entidade Social beneficiada: Funda\u00e7\u00e3o Dom Jos\u00e9 Hascher \u2013 Lar dos Vicentinos de Cruzeiro do Sul;<\/p>\n\n\n\n<p class=\"wp-block-paragraph\">III &#8211; Regional do Juru\u00e1:<\/p>\n\n\n\n<p class=\"wp-block-paragraph\">a) SARITA A**** DA S**** \u2013 509.***.***-00;<\/p>\n\n\n\n<p class=\"wp-block-paragraph\">b) Entidade Social beneficiada: Funda\u00e7\u00e3o Dom Jos\u00e9 Hascher \u2013 Lar dos Vicentinos de Cruzeiro do Sul;<\/p>\n\n\n\n<p class=\"wp-block-paragraph\">IV &#8211; Regional do Purus:<\/p>\n\n\n\n<p class=\"wp-block-paragraph\">a) JOSUE S***** S******* DE L*** \u2013 002.***.***-00;<\/p>\n\n\n\n<p class=\"wp-block-paragraph\">b) Entidade Social beneficiada: Associa\u00e7\u00e3o dos Jovens de Sena Madureira Arco-\u00cdris;<\/p>\n\n\n\n<p class=\"wp-block-paragraph\">V &#8211; Regional Tarauac\u00e1 \u2013 Envira:<\/p>\n\n\n\n<p class=\"wp-block-paragraph\">a) MAURILIO M*** DA S**** \u2013 974.***.***-34;<\/p>\n\n\n\n<p class=\"wp-block-paragraph\">b) Entidade Social beneficiada: Associa\u00e7\u00e3o Beneficente Solar das Ac\u00e1cias.<\/p>\n\n\n\n<p class=\"wp-block-paragraph\">Art. 2\u00ba O valor do rateio do Programa Nota Premiada Acreana, nos termos dos arts. 24 e 25, da Portaria SEFAZ n\u00ba 439, de 7 de agosto de 2024, ser\u00e1 distribu\u00eddo conforme demonstrado no Anexo \u00danico desta Portaria.<\/p>\n\n\n\n<p class=\"wp-block-paragraph\">Art. 3\u00ba Os n\u00fameros dos bilhetes sorteados est\u00e3o dispon\u00edveis para consulta no Portal da Nota Premiada Acreana.<\/p>\n\n\n\n<p class=\"wp-block-paragraph\">Art. 4\u00ba Esta Portaria entra em vigor na data de sua publica\u00e7\u00e3o.<\/p>\n\n\n\n<p class=\"wp-block-paragraph\">Rio Branco &#8211; Acre, 27 de dezembro de 2024.<\/p>\n","protected":false},"excerpt":{"rendered":"<p>Disp\u00f5e sobre o resultado do sorteio e rateio n\u00ba 02\/2024 do Programa Nota Premiada Acreana, promovido pelo governo do Estado do Acre.<\/p>\n","protected":false},"author":5,"featured_media":0,"comment_status":"closed","ping_status":"closed","sticky":false,"template":"","format":"standard","meta":{"_acf_changed":false,"footnotes":""},"categories":[3,33],"tags":[122,69],"class_list":["post-21450","post","type-post","status-publish","format-standard","hentry","category-legislacao","category-portarias","tag-nota-premiada","tag-pecf"],"acf":[],"_links":{"self":[{"href":"https:\/\/sefaz.ac.gov.br\/2021\/index.php?rest_route=\/wp\/v2\/posts\/21450","targetHints":{"allow":["GET"]}}],"collection":[{"href":"https:\/\/sefaz.ac.gov.br\/2021\/index.php?rest_route=\/wp\/v2\/posts"}],"about":[{"href":"https:\/\/sefaz.ac.gov.br\/2021\/index.php?rest_route=\/wp\/v2\/types\/post"}],"author":[{"embeddable":true,"href":"https:\/\/sefaz.ac.gov.br\/2021\/index.php?rest_route=\/wp\/v2\/users\/5"}],"replies":[{"embeddable":true,"href":"https:\/\/sefaz.ac.gov.br\/2021\/index.php?rest_route=%2Fwp%2Fv2%2Fcomments&post=21450"}],"version-history":[{"count":2,"href":"https:\/\/sefaz.ac.gov.br\/2021\/index.php?rest_route=\/wp\/v2\/posts\/21450\/revisions"}],"predecessor-version":[{"id":21452,"href":"https:\/\/sefaz.ac.gov.br\/2021\/index.php?rest_route=\/wp\/v2\/posts\/21450\/revisions\/21452"}],"wp:attachment":[{"href":"https:\/\/sefaz.ac.gov.br\/2021\/index.php?rest_route=%2Fwp%2Fv2%2Fmedia&parent=21450"}],"wp:term":[{"taxonomy":"category","embeddable":true,"href":"https:\/\/sefaz.ac.gov.br\/2021\/index.php?rest_route=%2Fwp%2Fv2%2Fcategories&post=21450"},{"taxonomy":"post_tag","embeddable":true,"href":"https:\/\/sefaz.ac.gov.br\/2021\/index.php?rest_route=%2Fwp%2Fv2%2Ftags&post=21450"}],"curies":[{"name":"wp","href":"https:\/\/api.w.org\/{rel}","templated":true}]}}