{"id":21162,"date":"2024-11-28T15:03:49","date_gmt":"2024-11-28T18:03:49","guid":{"rendered":"https:\/\/sefaz.ac.gov.br\/2021\/?p=21162"},"modified":"2024-11-28T15:45:10","modified_gmt":"2024-11-28T18:45:10","slug":"portaria-sefaz-no-674-de-26-de-novembro-de-2024","status":"publish","type":"post","link":"https:\/\/sefaz.ac.gov.br\/2021\/?p=21162","title":{"rendered":"PORTARIA SEFAZ N\u00ba 674, DE 26 DE NOVEMBRO DE 2024"},"content":{"rendered":"\n<p class=\"wp-block-paragraph\">O <strong>SECRET\u00c1RIO DE ESTADO DA FAZENDA, em exerc\u00edcio<\/strong>, no uso de suas atribui\u00e7\u00f5es constitucionais e legais que lhe confere o Decreto n\u00ba 6.816, de 16 de Setembro de 2020, publicado no Di\u00e1rio Oficial n\u00ba 12.882, de 17 de setembro de 2020;&nbsp;<\/p>\n\n\n\n<p class=\"wp-block-paragraph\">CONSIDERANDO o Decreto n\u00ba 11.253, de 05 de junho de 2023; e o art. 4\u00ba, XI e XII, da Portaria n\u00ba 513, de 20 de junho de 2023, que aprovou o Regimento Interno da Secretaria de Estado da Fazenda;<\/p>\n\n\n\n<p class=\"wp-block-paragraph\">CONSIDERANDO o Decreto n\u00ba 11.531, de 05 de agosto de 2024, que instituiu o Programa Nota Premiada Acreana;<\/p>\n\n\n\n<p class=\"wp-block-paragraph\">CONSIDERANDO a Portaria SEFAZ n\u00ba 439, de 07 de agosto de 2024, que estabelece normas e procedimentos operacionais do Programa Nota Premiada Acreana e suas altera\u00e7\u00f5es;<\/p>\n\n\n\n<p class=\"wp-block-paragraph\">CONSIDERANDO a Portaria SEFAZ n\u00ba 440, de 07 de agosto de 2024, que estabelece procedimentos para o cadastramento das Entidades sociais sem fins lucrativos no Programa Nota Premiada Acreana e suas altera\u00e7\u00f5es;<\/p>\n\n\n\n<p class=\"wp-block-paragraph\">CONSIDERANDO o Sorteio e rateio n\u00ba 01\/2024 de 21 de novembro de 2024;<\/p>\n\n\n\n<p class=\"wp-block-paragraph\">CONSIDERANDO o <strong>Despacho n\u00ba 91\/2024\/SEFAZ &#8211; EFAZ <\/strong>(SEI 0013353355) exarado pela Escola Fazend\u00e1ria &#8211; EFAZ; e<\/p>\n\n\n\n<p class=\"wp-block-paragraph\">CONSIDERANDO o constante dos autos do processo n\u00ba 0715.012497.00153\/2024-49.<\/p>\n\n\n\n<p class=\"wp-block-paragraph\"><strong>RESOLVE:<\/strong><\/p>\n\n\n\n<p class=\"wp-block-paragraph\">Art. 1\u00ba Tornar p\u00fablico o resultado do sorteio e rateio n\u00ba 01\/2024, compet\u00eancia outubro de 2024, realizado no dia 21 de novembro de 2024, com os ganhadores pessoas f\u00edsicas e entidades sociais (pessoas jur\u00eddicas), do Programa Nota Premiada Acreana, nos termos do \u00a7 2\u00ba do artigo 18 da Portaria SEFAZ n\u00ba 439, de 7 de agosto de 2024, conforme par\u00e1grafos abaixo.<\/p>\n\n\n\n<p class=\"wp-block-paragraph\">\u00a7 1\u00ba Contemplados com o 1\u00ba Pr\u00eamio de R$ 5.000,00 (cinco mil reais) e R$ 2.500,00 (dois mil e quinhentos reais) destinados a entidades sociais beneficiadas, respectivamente:<\/p>\n\n\n\n<p class=\"wp-block-paragraph\">I &#8211; Regional do Alto Acre:<\/p>\n\n\n\n<p class=\"wp-block-paragraph\">a. THAISA S**** D* L*** G****** \u2013 957.***.***-15;<\/p>\n\n\n\n<p class=\"wp-block-paragraph\">b. Entidade Social beneficiada: Funda\u00e7\u00e3o Dom Jos\u00e9 Hascher \u2013 Lar dos Vicentinos de Cruzeiro do Sul;<\/p>\n\n\n\n<ol style=\"list-style-type:lower-alpha\" class=\"wp-block-list\"><\/ol>\n\n\n\n<p class=\"wp-block-paragraph\">II &#8211; Regional do Baixo Acre:<\/p>\n\n\n\n<p class=\"wp-block-paragraph\">a. MARCUS V******* DE P**** P******* \u2013 444.***.***-00;<\/p>\n\n\n\n<p class=\"wp-block-paragraph\">b. Entidade Social beneficiada: Educand\u00e1rio Santa Margarida de Rio Branco;<\/p>\n\n\n\n<ol style=\"list-style-type:lower-alpha\" class=\"wp-block-list\"><\/ol>\n\n\n\n<p class=\"wp-block-paragraph\">III &#8211; Regional do Juru\u00e1:<\/p>\n\n\n\n<p class=\"wp-block-paragraph\">a. INDIS F**** DE J****\u2013 013.***.***-08;<\/p>\n\n\n\n<p class=\"wp-block-paragraph\">b. Entidade Social beneficiada: Funda\u00e7\u00e3o Dom Jos\u00e9 Hascher \u2013 Lar dos Vicentinos de Cruzeiro do Sul;<\/p>\n\n\n\n<ol style=\"list-style-type:lower-alpha\" class=\"wp-block-list\"><\/ol>\n\n\n\n<p class=\"wp-block-paragraph\">IV &#8211; Regional do Purus:<\/p>\n\n\n\n<p class=\"wp-block-paragraph\">a. BRENDA F******* L*** A***** \u2013 011.***.***-83;<\/p>\n\n\n\n<p class=\"wp-block-paragraph\">b. Entidade Social beneficiada: Associa\u00e7\u00e3o dos Jovens de Sena Madureira Arco-\u00edris;V &#8211; Regional Tarauac\u00e1 \u2013 Envira:<\/p>\n\n\n\n<p class=\"wp-block-paragraph\">c. MARIL\u00daCIA DA S**** M****** F****** \u2013 411.***.***-20;<\/p>\n\n\n\n<p class=\"wp-block-paragraph\">d. Entidade Social beneficiada: Associa\u00e7\u00e3o Beneficente Solar das Ac\u00e1cias.<\/p>\n\n\n\n<ol style=\"list-style-type:lower-alpha\" class=\"wp-block-list\"><\/ol>\n\n\n\n<p class=\"wp-block-paragraph\">\u00a7 2\u00ba Contemplados com o 2\u00ba Pr\u00eamio de R$ 10.000,00 (dez mil reais) e R$ 5.000,00 (cinco mil reais) destinados a entidades sociais beneficiadas, respectivamente: I &#8211; Regional do Alto Acre:<\/p>\n\n\n\n<p class=\"wp-block-paragraph\">a. REINALDO DE P**** N*** \u2013 762.***.***-04;<\/p>\n\n\n\n<p class=\"wp-block-paragraph\">b. Entidade Social beneficiada: Par\u00f3quia Nossa Senhora das Dores;II &#8211; Regional do Baixo Acre:<\/p>\n\n\n\n<p class=\"wp-block-paragraph\">c. MARIA J**** DA C**** T****** \u2013 935.***.***-49;<\/p>\n\n\n\n<p class=\"wp-block-paragraph\">d. Entidade Social beneficiada: Associa\u00e7\u00e3o Beneficente Solar das Ac\u00e1cias;III &#8211; Regional do Juru\u00e1:<\/p>\n\n\n\n<p class=\"wp-block-paragraph\">e. JAMARIA O*******F****** \u2013 704.***.***-00;<\/p>\n\n\n\n<p class=\"wp-block-paragraph\">f. Entidade Social beneficiada: Funda\u00e7\u00e3o Dom Jos\u00e9 Hascher \u2013 Lar dos Vicentinos de Cruzeiro do Sul;<\/p>\n\n\n\n<ol style=\"list-style-type:lower-alpha\" class=\"wp-block-list\"><\/ol>\n\n\n\n<p class=\"wp-block-paragraph\">IV &#8211; Regional do Purus:<\/p>\n\n\n\n<p class=\"wp-block-paragraph\">a. GILSELIO F****** DOS S***** \u2013 837.***.***-15;<\/p>\n\n\n\n<p class=\"wp-block-paragraph\">b. Entidade Social beneficiada: Associa\u00e7\u00e3o dos Jovens de Sena Madureira Arco-\u00cdris;V &#8211; Regional Tarauac\u00e1 \u2013 Envira:<\/p>\n\n\n\n<p class=\"wp-block-paragraph\">c. ANT\u00d4NIA G******* G**** DA S**** \u2013 851.***.***-04;<\/p>\n\n\n\n<p class=\"wp-block-paragraph\">d. Entidade Social beneficiada: Portal Francisco C\u00e2ndido Xavier.<\/p>\n\n\n\n<ol style=\"list-style-type:lower-alpha\" class=\"wp-block-list\"><\/ol>\n\n\n\n<p class=\"wp-block-paragraph\">\u00a7 3\u00ba Contemplados com o 3\u00ba Pr\u00eamio de R$ 20.000,00 (vinte mil reais) e R$ 10.000,00 (dez mil reais) destinados a entidades sociais beneficiadas, respectivamente: I &#8211; Regional do Alto Acre:<\/p>\n\n\n\n<p class=\"wp-block-paragraph\">a. ANDR\u00c9 B****** DA C**** \u2013 751.***.***-00;<\/p>\n\n\n\n<p class=\"wp-block-paragraph\">b. Entidade Social beneficiada: Associa\u00e7\u00e3o de Pais e Amigos dos Excepcionais \u2013 APAE de Rio Branco;<\/p>\n\n\n\n<ol style=\"list-style-type:lower-alpha\" class=\"wp-block-list\"><\/ol>\n\n\n\n<p class=\"wp-block-paragraph\">II &#8211; Regional do Baixo Acre:<\/p>\n\n\n\n<p class=\"wp-block-paragraph\">a. EBES A***** DE V*********\u2013 233.***.***-87;<\/p>\n\n\n\n<p class=\"wp-block-paragraph\">b. Entidade Social beneficiada: Funda\u00e7\u00e3o Dom Jos\u00e9 Hascher \u2013 Lar dos Vicentinos de Cruzeiro do Sul;<\/p>\n\n\n\n<ol style=\"list-style-type:lower-alpha\" class=\"wp-block-list\"><\/ol>\n\n\n\n<p class=\"wp-block-paragraph\">III &#8211; Regional do Juru\u00e1:<\/p>\n\n\n\n<p class=\"wp-block-paragraph\">a. PAULO A****** N********* L*** \u2013 515.***.***-00;<\/p>\n\n\n\n<p class=\"wp-block-paragraph\">b. Entidade Social beneficiada: Funda\u00e7\u00e3o Dom Jos\u00e9 Hascher \u2013 Lar dos Vicentinos de Cruzeiro do Sul;<\/p>\n\n\n\n<ol style=\"list-style-type:lower-alpha\" class=\"wp-block-list\"><\/ol>\n\n\n\n<p class=\"wp-block-paragraph\">IV &#8211; Regional do Purus:<\/p>\n\n\n\n<p class=\"wp-block-paragraph\">a. RICARDO C**** C**** DA S**** \u2013 999.***.***-00;<\/p>\n\n\n\n<p class=\"wp-block-paragraph\">b. Entidade Social beneficiada: Associa\u00e7\u00e3o dos Jovens de Sena Madureira Arco-\u00cdris;V &#8211; Regional Tarauac\u00e1 \u2013 Envira:<\/p>\n\n\n\n<p class=\"wp-block-paragraph\">c. FRANCISCO R****** DE S**** \u2013 643.***.***-00;<\/p>\n\n\n\n<p class=\"wp-block-paragraph\">d. Entidade Social beneficiada: Funda\u00e7\u00e3o Dom Jos\u00e9 Hascher \u2013 Lar dos Vicentinos de Cruzeiro doSul.<\/p>\n\n\n\n<ol style=\"list-style-type:lower-alpha\" class=\"wp-block-list\"><\/ol>\n\n\n\n<p class=\"wp-block-paragraph\">Art. 2\u00ba O valor do rateio do Programa Nota Premiada Acreana, nos termos dos arts. 24 e 25, da Portaria SEFAZ n\u00ba 439, de 7 de agosto de 2024, ser\u00e1 distribu\u00eddo conforme demonstrado no Anexo \u00danico desta Portaria.<\/p>\n\n\n\n<p class=\"wp-block-paragraph\">Art. 3\u00ba Os n\u00fameros dos bilhetes sorteados est\u00e3o dispon\u00edveis para consulta no Portal da Nota Premiada Acreana.<\/p>\n\n\n\n<p class=\"wp-block-paragraph\">Art. 4\u00ba Esta Portaria entra em vigor na data de sua publica\u00e7\u00e3o.<\/p>\n","protected":false},"excerpt":{"rendered":"<p>Disp\u00f5e sobre o resultado do sorteio e rateio n\u00ba 01\/2024 do Programa Nota Premiada Acreana, promovido pelo governo do Estado do Acre.<\/p>\n","protected":false},"author":5,"featured_media":0,"comment_status":"closed","ping_status":"closed","sticky":false,"template":"","format":"standard","meta":{"_acf_changed":false,"footnotes":""},"categories":[3,33],"tags":[122,69],"class_list":["post-21162","post","type-post","status-publish","format-standard","hentry","category-legislacao","category-portarias","tag-nota-premiada","tag-pecf"],"acf":[],"_links":{"self":[{"href":"https:\/\/sefaz.ac.gov.br\/2021\/index.php?rest_route=\/wp\/v2\/posts\/21162","targetHints":{"allow":["GET"]}}],"collection":[{"href":"https:\/\/sefaz.ac.gov.br\/2021\/index.php?rest_route=\/wp\/v2\/posts"}],"about":[{"href":"https:\/\/sefaz.ac.gov.br\/2021\/index.php?rest_route=\/wp\/v2\/types\/post"}],"author":[{"embeddable":true,"href":"https:\/\/sefaz.ac.gov.br\/2021\/index.php?rest_route=\/wp\/v2\/users\/5"}],"replies":[{"embeddable":true,"href":"https:\/\/sefaz.ac.gov.br\/2021\/index.php?rest_route=%2Fwp%2Fv2%2Fcomments&post=21162"}],"version-history":[{"count":6,"href":"https:\/\/sefaz.ac.gov.br\/2021\/index.php?rest_route=\/wp\/v2\/posts\/21162\/revisions"}],"predecessor-version":[{"id":21171,"href":"https:\/\/sefaz.ac.gov.br\/2021\/index.php?rest_route=\/wp\/v2\/posts\/21162\/revisions\/21171"}],"wp:attachment":[{"href":"https:\/\/sefaz.ac.gov.br\/2021\/index.php?rest_route=%2Fwp%2Fv2%2Fmedia&parent=21162"}],"wp:term":[{"taxonomy":"category","embeddable":true,"href":"https:\/\/sefaz.ac.gov.br\/2021\/index.php?rest_route=%2Fwp%2Fv2%2Fcategories&post=21162"},{"taxonomy":"post_tag","embeddable":true,"href":"https:\/\/sefaz.ac.gov.br\/2021\/index.php?rest_route=%2Fwp%2Fv2%2Ftags&post=21162"}],"curies":[{"name":"wp","href":"https:\/\/api.w.org\/{rel}","templated":true}]}}