{"id":21073,"date":"2024-11-05T10:01:17","date_gmt":"2024-11-05T13:01:17","guid":{"rendered":"https:\/\/sefaz.ac.gov.br\/2021\/?p=21073"},"modified":"2025-02-26T14:26:29","modified_gmt":"2025-02-26T17:26:29","slug":"portaria-sefaz-no-619-de-5-de-novembro-de-2024","status":"publish","type":"post","link":"https:\/\/sefaz.ac.gov.br\/2021\/?p=21073","title":{"rendered":"PORTARIA SEFAZ N\u00ba 619, DE 5 DE NOVEMBRO DE 2024"},"content":{"rendered":"\n<p class=\"wp-block-paragraph\"><strong>O SECRET\u00c1RIO DE ESTADO DA FAZENDA<\/strong>, no uso de suas atribui\u00e7\u00f5es constitucionais e legais que lhe confere o Decreto n\u00ba 4.059-P, de 05 de junho de 2023, publicado no Di\u00e1rio Oficial n\u00ba 13.550, de 07 de junho de 2023;<\/p>\n\n\n\n<p class=\"wp-block-paragraph\">CONSIDERANDO o Decreto n\u00ba 11.253, de 05 de junho de 2023; e o art. 4\u00ba, XI e XII, da Portaria n\u00ba 513, de 20 de junho de 2023, que aprovou o Regimento Interno da Secretaria de Estado da Fazenda;<\/p>\n\n\n\n<p class=\"wp-block-paragraph\">CONSIDERANDO o Decreto n\u00ba 11.531, de 05 de agosto de 2024, que instituiu o Programa Nota Premiada Acreana;<\/p>\n\n\n\n<p class=\"wp-block-paragraph\">CONSIDERANDO a Portaria SEFAZ n\u00ba 439, de 7 de agosto de 2024, que estabelece procedimentos e regulamenta o Programa Nota Premiada Acreana;<\/p>\n\n\n\n<p class=\"wp-block-paragraph\">CONSIDERANDO os princ\u00edpios da moralidade, legalidade, impessoalidade, publicidade, efici\u00eancia e transpar\u00eancia;<\/p>\n\n\n\n<p class=\"wp-block-paragraph\">CONSIDERANDO a Comunica\u00e7\u00e3o Interna n\u00ba 124\/2024\/SEFAZ &#8211; EFAZ (SEI 12719175) exarada pela Divis\u00e3o de Gest\u00e3o da Escola Fazend\u00e1ria \u2013 DIGEF; e<\/p>\n\n\n\n<p class=\"wp-block-paragraph\">CONSIDERANDO o constante dos autos do processo n\u00ba 0715.012497.00129\/ 2024-18.<\/p>\n\n\n\n<p class=\"wp-block-paragraph\"><strong>RESOLVE:<\/strong><\/p>\n\n\n\n<p class=\"wp-block-paragraph\">Art. 1\u00ba Declarar impedidos de participar dos sorteios do Programa Nota Premiada Acreana, de acordo com o art. 4\u00ba do Decreto n\u00ba 11.531, de 5 de agosto de 2024, e o inciso IV do art. 5\u00ba da Portaria SEFAZ n\u00ba 439, de 7 de agosto de 2024:<\/p>\n\n\n\n<p class=\"wp-block-paragraph\">I &#8211; o Governador e o Vice-Governador do Estado do Acre;<\/p>\n\n\n\n<p class=\"wp-block-paragraph\">II &#8211; os Secret\u00e1rios de Estado do Poder Executivo do Estado do Acre;<\/p>\n\n\n\n<p class=\"wp-block-paragraph\">III &#8211; os Presidentes e Diretores de entidades da administra\u00e7\u00e3o indireta do Poder Executivo do Estado do Acre;<\/p>\n\n\n\n<p class=\"has-text-color has-link-color wp-elements-1 wp-block-paragraph\" style=\"color:#f02b2b\">Nova reda\u00e7\u00e3o dada ao inciso IV pela Portaria SEFAZ n\u00ba 71, de 12 de fevereiro de 2025. Efeitos a partir de 14 de fevereiro de 2025.<\/p>\n\n\n\n<p class=\"wp-block-paragraph\">IV \u2013 servidores p\u00fablicos vinculados aos quadros efetivo, em comiss\u00e3o, especial e provis\u00f3rio em extin\u00e7\u00e3o, e aos prestadores de servi\u00e7os terceirizados e bolsistas em atividade na Secretaria de Estado da Fazenda \u2013 SEFAZ;<\/p>\n\n\n\n<blockquote class=\"wp-block-quote is-layout-flow wp-block-quote-is-layout-flow\">\n<p class=\"has-text-color has-link-color wp-elements-2 wp-block-paragraph\" style=\"color:#08b418\"><strong>Reda\u00e7\u00e3o original<\/strong>: efeitos at\u00e9 13 de fevereiro de 2025<\/p>\n\n\n\n<p class=\"has-text-color has-link-color wp-elements-3 wp-block-paragraph\" style=\"color:#08b418\">IV &#8211; os servidores nomeados atrav\u00e9s da Portaria SEFAZ n\u00ba 279, de 24 de fevereiro de 2023, para compor comiss\u00e3o respons\u00e1vel pela cria\u00e7\u00e3o, desenvolvimento e na opera\u00e7\u00e3o do sistema de premia\u00e7\u00e3o, no per\u00edodo de dura\u00e7\u00e3o das referidas etapas de constru\u00e7\u00e3o do Programa Nota Premiada Acreana, enquanto durar sua vig\u00eancia;<\/p>\n<\/blockquote>\n\n\n\n<p class=\"wp-block-paragraph\">V &#8211; REVOGADO (Portaria SEFAZ n\u00ba 71, de 12 de fevereiro de 2025)<\/p>\n\n\n\n<blockquote class=\"wp-block-quote has-text-color has-link-color wp-elements-4 is-layout-flow wp-block-quote-is-layout-flow\" style=\"color:#08b418\">\n<p class=\"wp-block-paragraph\"><strong>Reda\u00e7\u00e3o original<\/strong>: efeitos at\u00e9 13 de fevereiro de 2025<\/p>\n\n\n\n<p class=\"wp-block-paragraph\">V &#8211; os servidores p\u00fablicos, prestadores de servi\u00e7os, contratados, estagi\u00e1rios e bolsistas que integrarem a gest\u00e3o da Nota Premiada Acreana;<\/p>\n<\/blockquote>\n\n\n\n<p class=\"wp-block-paragraph\">VI &#8211; REVOGADO (Portaria SEFAZ n\u00ba 71, de 12 de fevereiro de 2025)<\/p>\n\n\n\n<blockquote class=\"wp-block-quote has-text-color has-link-color wp-elements-5 is-layout-flow wp-block-quote-is-layout-flow\" style=\"color:#08b418\">\n<p class=\"wp-block-paragraph\"><strong>Reda\u00e7\u00e3o original<\/strong>: efeitos at\u00e9 13 de fevereiro de 2025<\/p>\n\n\n\n<p class=\"wp-block-paragraph\">VI &#8211; os servidores p\u00fablicos ativos, terceirizados, comissionados e bolsistas lotados na Escola Fazend\u00e1ria do Estado do Acre \u2013 EFAZ;<\/p>\n<\/blockquote>\n\n\n\n<p class=\"wp-block-paragraph\">VII &#8211; REVOGADO (Portaria SEFAZ n\u00ba 71, de 12 de fevereiro de 2025)<\/p>\n\n\n\n<blockquote class=\"wp-block-quote has-text-color has-link-color wp-elements-6 is-layout-flow wp-block-quote-is-layout-flow\" style=\"color:#08b418\">\n<p class=\"wp-block-paragraph\"><strong>Reda\u00e7\u00e3o original<\/strong>: efeitos at\u00e9 13 de fevereiro de 2025<\/p>\n\n\n\n<p class=\"wp-block-paragraph\">VII &#8211; os servidores da Secretaria de Estado da Fazenda \u2013 SEFAZ \u2013 com acesso ao banco de dados;<\/p>\n\n\n\n<p class=\"wp-block-paragraph\"><\/p>\n<\/blockquote>\n\n\n\n<p class=\"wp-block-paragraph\">VIII &#8211; REVOGADO (Portaria SEFAZ n\u00ba 71, de 12 de fevereiro de 2025)<\/p>\n\n\n\n<blockquote class=\"wp-block-quote has-text-color has-link-color wp-elements-7 is-layout-flow wp-block-quote-is-layout-flow\" style=\"color:#08b418\">\n<p class=\"wp-block-paragraph\"><strong>Reda\u00e7\u00e3o original<\/strong>: efeitos at\u00e9 13 de fevereiro de 2025<\/p>\n\n\n\n<p class=\"wp-block-paragraph\">VIII &#8211; os servidores p\u00fablicos ativos, terceirizados, comissionados e bolsistas lotados no Departamento de Tecnologia da Informa\u00e7\u00e3o \u2013 DETI da SEFAZ;<\/p>\n<\/blockquote>\n\n\n\n<p class=\"wp-block-paragraph\">IX &#8211; REVOGADO (Portaria SEFAZ n\u00ba 71, de 12 de fevereiro de 2025)<\/p>\n\n\n\n<blockquote class=\"wp-block-quote has-text-color has-link-color wp-elements-8 is-layout-flow wp-block-quote-is-layout-flow\" style=\"color:#08b418\">\n<p class=\"wp-block-paragraph\"><strong>Reda\u00e7\u00e3o original<\/strong>: efeitos at\u00e9 13 de fevereiro de 2025<\/p>\n\n\n\n<p class=\"wp-block-paragraph\">IX &#8211; os servidores p\u00fablicos ativos, terceirizados, comissionados e bolsistas lotados no Departamento de Sistemas Tribut\u00e1rios Informatizados \u2013 DESTRIN da SEFAZ;<\/p>\n<\/blockquote>\n\n\n\n<p class=\"wp-block-paragraph\">X &#8211; os funcion\u00e1rios da empresa prestadora de servi\u00e7o de Tecnologia de Informa\u00e7\u00e3o lotados na SEFAZ.<\/p>\n\n\n\n<p class=\"wp-block-paragraph\">Art. 2\u00ba A veda\u00e7\u00e3o prevista no art. 1\u00ba n\u00e3o impede o consumidor final pessoa f\u00edsica de se cadastrar no Programa Nota Premiada Acreana, devendo este declarar a condi\u00e7\u00e3o de impedimento no pr\u00f3prio aplicativo.<\/p>\n\n\n\n<p class=\"wp-block-paragraph\">Art. 3\u00ba Usu\u00e1rios e servidores n\u00e3o alcan\u00e7ados pelo impedimento estabelecido nesta Portaria tamb\u00e9m poder\u00e3o declarar-se impedidos, se assim desejarem.<\/p>\n\n\n\n<p class=\"wp-block-paragraph\">Art. 4\u00ba Esta Portaria entra em vigor na data de sua publica\u00e7\u00e3o. Rio Branco &#8211; Acre, 5 de novembro de 2024.<\/p>\n","protected":false},"excerpt":{"rendered":"<p>Designa os impedidos de participar do sorteio do Programa Nota Premiada Acreana.<\/p>\n","protected":false},"author":5,"featured_media":0,"comment_status":"closed","ping_status":"closed","sticky":false,"template":"","format":"standard","meta":{"_acf_changed":false,"footnotes":""},"categories":[3,33],"tags":[122,69],"class_list":["post-21073","post","type-post","status-publish","format-standard","hentry","category-legislacao","category-portarias","tag-nota-premiada","tag-pecf"],"acf":[],"_links":{"self":[{"href":"https:\/\/sefaz.ac.gov.br\/2021\/index.php?rest_route=\/wp\/v2\/posts\/21073","targetHints":{"allow":["GET"]}}],"collection":[{"href":"https:\/\/sefaz.ac.gov.br\/2021\/index.php?rest_route=\/wp\/v2\/posts"}],"about":[{"href":"https:\/\/sefaz.ac.gov.br\/2021\/index.php?rest_route=\/wp\/v2\/types\/post"}],"author":[{"embeddable":true,"href":"https:\/\/sefaz.ac.gov.br\/2021\/index.php?rest_route=\/wp\/v2\/users\/5"}],"replies":[{"embeddable":true,"href":"https:\/\/sefaz.ac.gov.br\/2021\/index.php?rest_route=%2Fwp%2Fv2%2Fcomments&post=21073"}],"version-history":[{"count":3,"href":"https:\/\/sefaz.ac.gov.br\/2021\/index.php?rest_route=\/wp\/v2\/posts\/21073\/revisions"}],"predecessor-version":[{"id":21706,"href":"https:\/\/sefaz.ac.gov.br\/2021\/index.php?rest_route=\/wp\/v2\/posts\/21073\/revisions\/21706"}],"wp:attachment":[{"href":"https:\/\/sefaz.ac.gov.br\/2021\/index.php?rest_route=%2Fwp%2Fv2%2Fmedia&parent=21073"}],"wp:term":[{"taxonomy":"category","embeddable":true,"href":"https:\/\/sefaz.ac.gov.br\/2021\/index.php?rest_route=%2Fwp%2Fv2%2Fcategories&post=21073"},{"taxonomy":"post_tag","embeddable":true,"href":"https:\/\/sefaz.ac.gov.br\/2021\/index.php?rest_route=%2Fwp%2Fv2%2Ftags&post=21073"}],"curies":[{"name":"wp","href":"https:\/\/api.w.org\/{rel}","templated":true}]}}