{"id":21071,"date":"2024-11-05T10:15:35","date_gmt":"2024-11-05T13:15:35","guid":{"rendered":"https:\/\/sefaz.ac.gov.br\/2021\/?p=21071"},"modified":"2024-11-08T10:16:01","modified_gmt":"2024-11-08T13:16:01","slug":"portaria-sefaz-no-618-de-5-de-novembro-de-2024","status":"publish","type":"post","link":"https:\/\/sefaz.ac.gov.br\/2021\/?p=21071","title":{"rendered":"PORTARIA SEFAZ N\u00ba 618, DE 5 DE NOVEMBRO DE 2024"},"content":{"rendered":"\n<p class=\"wp-block-paragraph\"><strong>O SECRET\u00c1RIO DE ESTADO DA FAZENDA<\/strong>, no uso de suas atribui\u00e7\u00f5es constitucionais e legais que lhe confere o Decreto n\u00ba 4.059-P, de 05 de junho de 2023, publicado no Di\u00e1rio Oficial n\u00ba 13.550, de 07 de junho de 2023;<\/p>\n\n\n\n<p class=\"wp-block-paragraph\">CONSIDERANDO o Decreto n\u00ba 11.253, de 05 de junho de 2023; e o art. 4\u00ba, XI e XII, da Portaria n\u00ba 513, de 20 de junho de 2023, que aprovou o Regimento Interno da Secretaria de Estado da Fazenda;<\/p>\n\n\n\n<p class=\"wp-block-paragraph\">CONSIDERANDO o Decreto n\u00ba 11.531, de 05 de agosto de 2024, que instituiu o Programa Nota Premiada Acreana;<\/p>\n\n\n\n<p class=\"wp-block-paragraph\">CONSIDERANDO a Portaria SEFAZ n\u00ba 440, de 07 de agosto de 2024, que estabelece procedimentos para o cadastramento das Entidades sociais sem fins lucrativos no Programa Nota Premiada Acreana;<\/p>\n\n\n\n<p class=\"wp-block-paragraph\">CONSIDERANDO a Comunica\u00e7\u00e3o Interna n\u00ba 144\/2024\/SEFAZ &#8211; EFAZ (SEI 0013087782) exarada pela Divis\u00e3o de Gest\u00e3o da Escola Fazend\u00e1ria \u2013 DIGEF; e<\/p>\n\n\n\n<p class=\"wp-block-paragraph\">CONSIDERANDO o constante dos autos do processo n\u00ba 0715.012497.00149\/ 2024-81<\/p>\n\n\n\n<p class=\"wp-block-paragraph\"><strong>RESOLVE:<\/strong><\/p>\n\n\n\n<p class=\"wp-block-paragraph\">Art. 1\u00ba A Portaria SEFAZ n\u00ba 440, de 7 de agosto de 2024, passa a vigorar com<\/p>\n\n\n\n<p class=\"wp-block-paragraph\">as seguintes altera\u00e7\u00f5es:<\/p>\n\n\n\n<blockquote class=\"wp-block-quote is-layout-flow wp-block-quote-is-layout-flow\">\n<p class=\"wp-block-paragraph\">\u201cArt. 3\u00b0&#8230;<\/p>\n\n\n\n<p class=\"wp-block-paragraph\">I &#8211; \u2026<\/p>\n\n\n\n<p class=\"wp-block-paragraph\">\u2026<\/p>\n\n\n\n<p class=\"wp-block-paragraph\">b) balan\u00e7o patrimonial e demonstra\u00e7\u00e3o de resultados do \u00faltimo exerc\u00edcio, assinado pelo representante legal e por profissional registrado no Conselho Regional de Contabilidade do Estado do Acre \u2013 CRC-AC; e<\/p>\n\n\n\n<p class=\"wp-block-paragraph\">\u2026<\/p>\n\n\n\n<p class=\"wp-block-paragraph\">II- \u2026<\/p>\n\n\n\n<p class=\"wp-block-paragraph\">a) balan\u00e7o patrimonial e demonstra\u00e7\u00e3o de resultados do \u00faltimo exerc\u00edcio, assinado pelo representante legal e por profissional registrado no Conselho Regional de Contabilidade do Estado do Acre &#8211; CRC-AC; e<\/p>\n\n\n\n<p class=\"wp-block-paragraph\">&#8230;<\/p>\n\n\n\n<p class=\"wp-block-paragraph\">III -\u2026<\/p>\n\n\n\n<p class=\"wp-block-paragraph\">a) certificado de registro ou Declara\u00e7\u00e3o de regularidade expedida pelo Minist\u00e9rio da Educa\u00e7\u00e3o &#8211; MEC;<\/p>\n\n\n\n<p class=\"wp-block-paragraph\">&#8230;<\/p>\n\n\n\n<p class=\"wp-block-paragraph\">c) balan\u00e7o patrimonial e demonstra\u00e7\u00e3o de resultados do \u00faltimo exerc\u00edcio, assinado pelo representante legal e por profissional registrado no Conselho Regional de Contabilidade do Estado do Acre &#8211; CRC-AC.<\/p>\n\n\n\n<p class=\"wp-block-paragraph\">IV -\u2026<\/p>\n\n\n\n<p class=\"wp-block-paragraph\">\u2026<\/p>\n\n\n\n<p class=\"wp-block-paragraph\">c) balan\u00e7o patrimonial e demonstra\u00e7\u00e3o de resultados do \u00faltimo exerc\u00edcio, assinado pelo representante legal e por profissional registrado no Conselho Regional de Contabilidade do Estado do Acre &#8211; CRC-AC.<\/p>\n\n\n\n<p class=\"wp-block-paragraph\">V- \u2026<\/p>\n\n\n\n<p class=\"wp-block-paragraph\">a) balan\u00e7o patrimonial e demonstra\u00e7\u00e3o de resultados do \u00faltimo exerc\u00edcio, assinado pelo representante legal e por profissional registrado no Conselho Regional de Contabilidade do Estado do Acre &#8211; CRC-AC; e<\/p>\n\n\n\n<p class=\"wp-block-paragraph\">&#8230;<\/p>\n\n\n\n<p class=\"wp-block-paragraph\">VI &#8211; \u2026<\/p>\n\n\n\n<p class=\"wp-block-paragraph\">a) balan\u00e7o patrimonial e demonstra\u00e7\u00e3o de resultados do \u00faltimo exerc\u00edcio, assinado pelo representante legal e por profissional registrado no Conselho Regional de Contabilidade do Estado do Acre &#8211; CRC-AC; e<\/p>\n\n\n\n<p class=\"wp-block-paragraph\">\u2026<\/p>\n\n\n\n<p class=\"wp-block-paragraph\">Par\u00e1grafo \u00fanico. O prazo para apresentar o comprovante de inscri\u00e7\u00e3o no Cadastro Nacional de Entidades de Assist\u00eancia Social &#8211; CNEAS, de que trata a al\u00ednea \u201cc\u201d do inciso I, ser\u00e1 de doze meses a contar da data da publica\u00e7\u00e3o desta portaria.<\/p>\n\n\n\n<p class=\"wp-block-paragraph\">&#8230;\u201d(NR)<\/p>\n<\/blockquote>\n\n\n\n<p class=\"wp-block-paragraph\">Art. 2\u00ba Esta Portaria entra em vigor na data de sua publica\u00e7\u00e3o.<\/p>\n\n\n\n<p class=\"wp-block-paragraph\">Rio Branco &#8211; Acre, 5 de novembro de 2024.<\/p>\n","protected":false},"excerpt":{"rendered":"<p>Altera a Portaria SEFAZ n\u00ba 440, de 7 de agosto de 2024, que estabelece procedimentos para o cadastramento das Entidades Sociais sem fins lucrativos no Programa Nota Premiada Acreana.<\/p>\n","protected":false},"author":5,"featured_media":0,"comment_status":"closed","ping_status":"closed","sticky":false,"template":"","format":"standard","meta":{"_acf_changed":false,"footnotes":""},"categories":[3,33],"tags":[35,122,69],"class_list":["post-21071","post","type-post","status-publish","format-standard","hentry","category-legislacao","category-portarias","tag-icms","tag-nota-premiada","tag-pecf"],"acf":[],"_links":{"self":[{"href":"https:\/\/sefaz.ac.gov.br\/2021\/index.php?rest_route=\/wp\/v2\/posts\/21071","targetHints":{"allow":["GET"]}}],"collection":[{"href":"https:\/\/sefaz.ac.gov.br\/2021\/index.php?rest_route=\/wp\/v2\/posts"}],"about":[{"href":"https:\/\/sefaz.ac.gov.br\/2021\/index.php?rest_route=\/wp\/v2\/types\/post"}],"author":[{"embeddable":true,"href":"https:\/\/sefaz.ac.gov.br\/2021\/index.php?rest_route=\/wp\/v2\/users\/5"}],"replies":[{"embeddable":true,"href":"https:\/\/sefaz.ac.gov.br\/2021\/index.php?rest_route=%2Fwp%2Fv2%2Fcomments&post=21071"}],"version-history":[{"count":1,"href":"https:\/\/sefaz.ac.gov.br\/2021\/index.php?rest_route=\/wp\/v2\/posts\/21071\/revisions"}],"predecessor-version":[{"id":21072,"href":"https:\/\/sefaz.ac.gov.br\/2021\/index.php?rest_route=\/wp\/v2\/posts\/21071\/revisions\/21072"}],"wp:attachment":[{"href":"https:\/\/sefaz.ac.gov.br\/2021\/index.php?rest_route=%2Fwp%2Fv2%2Fmedia&parent=21071"}],"wp:term":[{"taxonomy":"category","embeddable":true,"href":"https:\/\/sefaz.ac.gov.br\/2021\/index.php?rest_route=%2Fwp%2Fv2%2Fcategories&post=21071"},{"taxonomy":"post_tag","embeddable":true,"href":"https:\/\/sefaz.ac.gov.br\/2021\/index.php?rest_route=%2Fwp%2Fv2%2Ftags&post=21071"}],"curies":[{"name":"wp","href":"https:\/\/api.w.org\/{rel}","templated":true}]}}