{"id":21069,"date":"2024-11-05T10:13:19","date_gmt":"2024-11-05T13:13:19","guid":{"rendered":"https:\/\/sefaz.ac.gov.br\/2021\/?p=21069"},"modified":"2024-11-08T10:14:01","modified_gmt":"2024-11-08T13:14:01","slug":"portaria-sefaz-no-617-de-5-de-novembro-de-2024","status":"publish","type":"post","link":"https:\/\/sefaz.ac.gov.br\/2021\/?p=21069","title":{"rendered":"PORTARIA SEFAZ N\u00ba 617, DE 5 DE NOVEMBRO DE 2024"},"content":{"rendered":"\n<p class=\"wp-block-paragraph\"><strong>O SECRET\u00c1RIO DE ESTADO DA FAZENDA<\/strong>, no uso de suas atribui\u00e7\u00f5es constitucionais e legais que lhe confere o Decreto n\u00ba 4.059-P, de 05 de junho de 2023, publicado no Di\u00e1rio Oficial n\u00ba 13.550, de 07 de junho de 2023;<\/p>\n\n\n\n<p class=\"wp-block-paragraph\">CONSIDERANDO o art. 65, II, do Decreto n\u00ba 183, de 6 de outubro de 1975, que aprovou o Regimento Interno da Secretaria de Estado da Fazenda;<\/p>\n\n\n\n<p class=\"wp-block-paragraph\">CONSIDERANDO \u00e0 Comunica\u00e7\u00e3o Interna n\u00ba 145\/2024\/SEFAZ-EFAZ (SEI 0013091554) Divis\u00e3o de Gest\u00e3o da Escola Fazend\u00e1ria &#8211; DIGEF; e<\/p>\n\n\n\n<p class=\"wp-block-paragraph\">CONSIDERANDO o constante dos autos do processo n\u00ba 0715.012497.00150\/ 2024-13.<\/p>\n\n\n\n<p class=\"wp-block-paragraph\"><strong>RESOLVE:<\/strong><\/p>\n\n\n\n<p class=\"wp-block-paragraph\">Art. 1\u00ba A Portaria SEFAZ n\u00ba 279, de 24 de fevereiro de 2023, publicada no Di\u00e1rio Oficial do Estado n\u00ba 13.482, de 28 de fevereiro de 2023, fica:<\/p>\n\n\n\n<p class=\"wp-block-paragraph\">I &#8211; revigorada a partir da publica\u00e7\u00e3o no Di\u00e1rio Oficial do Estado desta portaria;<\/p>\n\n\n\n<p class=\"wp-block-paragraph\">II &#8211; prorrogada at\u00e9 31 de dezembro de 2024.<\/p>\n\n\n\n<p class=\"wp-block-paragraph\">Art. 2\u00ba Ficam convalidadas as a\u00e7\u00f5es abrangidas pela Portaria SEFAZ n\u00ba 279\/2023, praticadas desde sua institui\u00e7\u00e3o at\u00e9 a data do in\u00edcio de vig\u00eancia desta Portaria.<\/p>\n\n\n\n<p class=\"wp-block-paragraph\">Art. 3\u00ba Esta Portaria entra em vigor na data de sua publica\u00e7\u00e3o<\/p>\n\n\n\n<p class=\"wp-block-paragraph\">Rio Branco &#8211; Acre, 5 de novembro de 2024.<\/p>\n","protected":false},"excerpt":{"rendered":"<p>Revigora, convalida e prorroga as disposi\u00e7\u00f5es da Portaria n\u00ba 279, de 24 de fevereiro de 2023.<\/p>\n","protected":false},"author":5,"featured_media":0,"comment_status":"closed","ping_status":"closed","sticky":false,"template":"","format":"standard","meta":{"_acf_changed":false,"footnotes":""},"categories":[3,33],"tags":[73,69],"class_list":["post-21069","post","type-post","status-publish","format-standard","hentry","category-legislacao","category-portarias","tag-legislacao-institucional-e-funcional","tag-pecf"],"acf":[],"_links":{"self":[{"href":"https:\/\/sefaz.ac.gov.br\/2021\/index.php?rest_route=\/wp\/v2\/posts\/21069","targetHints":{"allow":["GET"]}}],"collection":[{"href":"https:\/\/sefaz.ac.gov.br\/2021\/index.php?rest_route=\/wp\/v2\/posts"}],"about":[{"href":"https:\/\/sefaz.ac.gov.br\/2021\/index.php?rest_route=\/wp\/v2\/types\/post"}],"author":[{"embeddable":true,"href":"https:\/\/sefaz.ac.gov.br\/2021\/index.php?rest_route=\/wp\/v2\/users\/5"}],"replies":[{"embeddable":true,"href":"https:\/\/sefaz.ac.gov.br\/2021\/index.php?rest_route=%2Fwp%2Fv2%2Fcomments&post=21069"}],"version-history":[{"count":1,"href":"https:\/\/sefaz.ac.gov.br\/2021\/index.php?rest_route=\/wp\/v2\/posts\/21069\/revisions"}],"predecessor-version":[{"id":21070,"href":"https:\/\/sefaz.ac.gov.br\/2021\/index.php?rest_route=\/wp\/v2\/posts\/21069\/revisions\/21070"}],"wp:attachment":[{"href":"https:\/\/sefaz.ac.gov.br\/2021\/index.php?rest_route=%2Fwp%2Fv2%2Fmedia&parent=21069"}],"wp:term":[{"taxonomy":"category","embeddable":true,"href":"https:\/\/sefaz.ac.gov.br\/2021\/index.php?rest_route=%2Fwp%2Fv2%2Fcategories&post=21069"},{"taxonomy":"post_tag","embeddable":true,"href":"https:\/\/sefaz.ac.gov.br\/2021\/index.php?rest_route=%2Fwp%2Fv2%2Ftags&post=21069"}],"curies":[{"name":"wp","href":"https:\/\/api.w.org\/{rel}","templated":true}]}}