{"id":21067,"date":"2024-11-04T10:10:26","date_gmt":"2024-11-04T13:10:26","guid":{"rendered":"https:\/\/sefaz.ac.gov.br\/2021\/?p=21067"},"modified":"2024-11-08T10:11:19","modified_gmt":"2024-11-08T13:11:19","slug":"portaria-sefaz-no-614-de-4-de-novembro-de-2024","status":"publish","type":"post","link":"https:\/\/sefaz.ac.gov.br\/2021\/?p=21067","title":{"rendered":"PORTARIA SEFAZ N\u00ba 614, DE 4 DE NOVEMBRO DE 2024"},"content":{"rendered":"\n<p class=\"wp-block-paragraph\"><strong>O SECRET\u00c1RIO DE ESTADO DA FAZENDA<\/strong>, no uso de suas atribui\u00e7\u00f5es constitucionais e legais que lhe confere o Decreto n\u00ba 4.059-P, de 05 de junho de 2023, publicado no Di\u00e1rio Oficial n\u00ba 13.550, de 07 de junho de 2023;<\/p>\n\n\n\n<p class=\"wp-block-paragraph\">Considerando o Decreto n\u00ba 11.253, de 05 de junho de 2023; e o art. 4\u00ba, XI e XII, da Portaria n\u00ba 513, de 20 de junho de 2023, que aprovou o Regimento Interno da Secretaria de Estado da Fazenda;<\/p>\n\n\n\n<p class=\"wp-block-paragraph\">Considerando o Decreto n\u00ba 11.531, de 05 de agosto de 2024, que instituiu o Programa Nota Premiada Acreana;<\/p>\n\n\n\n<p class=\"wp-block-paragraph\">Considerando a Portaria SEFAZ n\u00ba 439, de 07 de agosto de 2024, que estabelece procedimentos e regulamenta o Programa Nota Premiada Acreana; e<\/p>\n\n\n\n<p class=\"wp-block-paragraph\">CONSIDERANDO \u00e0 Comunica\u00e7\u00e3o Interna n\u00ba 139\/2024\/SEFAZ &#8211; EFAZ (SEI 0013023778) exarada pela Escola Fazend\u00e1ria &#8211; EFAZ;<\/p>\n\n\n\n<p class=\"wp-block-paragraph\">Considerando o constante dos autos do processo n\u00ba 0715.012497.00143\/ 2024-11.<\/p>\n\n\n\n<p class=\"wp-block-paragraph\"><strong>RESOLVE:<\/strong><\/p>\n\n\n\n<p class=\"wp-block-paragraph\">Art. 1\u00ba A Portaria SEFAZ n\u00ba 439, de 7 de agosto de 2024, passa a vigorar com as seguintes altera\u00e7\u00f5es:<\/p>\n\n\n\n<blockquote class=\"wp-block-quote is-layout-flow wp-block-quote-is-layout-flow\">\n<p class=\"wp-block-paragraph\">\u201cArt. 22. Os pr\u00eamios ser\u00e3o entregues aos participantes pessoas f\u00edsicas contempladas, mediante dep\u00f3sito em conta banc\u00e1ria de sua titularidade, ap\u00f3s o deferimento da solicita\u00e7\u00e3o realizada na forma do art. 29 desta Portaria.<\/p>\n\n\n\n<p class=\"wp-block-paragraph\">\u00a7 1\u00ba O deferimento da solicita\u00e7\u00e3o se dar\u00e1 ap\u00f3s a an\u00e1lise de todos os documentos exigidos na forma do \u00a7 2\u00ba deste artigo.<\/p>\n\n\n\n<p class=\"wp-block-paragraph\">\u00a7 2\u00ba O ganhador Pessoa F\u00edsica dever\u00e1 anexar os seguintes documentos no momento da sua solicita\u00e7\u00e3o:<\/p>\n\n\n\n<p class=\"wp-block-paragraph\">I \u2013 Formul\u00e1rio de Solicita\u00e7\u00e3o do Pr\u00eamio;<\/p>\n\n\n\n<p class=\"wp-block-paragraph\">II- Documento de Identifica\u00e7\u00e3o Pessoal com CPF;<\/p>\n\n\n\n<p class=\"wp-block-paragraph\">III &#8211; Certid\u00e3o Negativa da Fazenda Estadual;<\/p>\n\n\n\n<p class=\"wp-block-paragraph\">IV &#8211; Certid\u00e3o negativa de d\u00e9bitos inscritos na D\u00edvida Ativa;<\/p>\n\n\n\n<p class=\"wp-block-paragraph\">V &#8211; Recibo de Pagamento do Pr\u00eamio;<\/p>\n\n\n\n<p class=\"wp-block-paragraph\">VI &#8211; Comprovante de Cadastro de Credor.<\/p>\n\n\n\n<p class=\"wp-block-paragraph\">\u00a7 3\u00ba A entrega do pr\u00eamio ao ganhador pessoa f\u00edsica ser\u00e1 efetuada em at\u00e9 30 (trinta) dias do deferimento da solicita\u00e7\u00e3o. \u201d(NR)<\/p>\n\n\n\n<p class=\"wp-block-paragraph\">&nbsp;\u2026<\/p>\n\n\n\n<p class=\"wp-block-paragraph\">\u201cArt. 29. Para solicitar seu pr\u00eamio o ganhador pessoa f\u00edsica acessar\u00e1 a \u00e1rea restrita no Portal do Programa, solicitar\u00e1 seu pr\u00eamio e anexar\u00e1 a documenta\u00e7\u00e3o listada no \u00a7 2\u00ba do art. 22 desta Portaria.\u201d (NR)<\/p>\n\n\n\n<p class=\"wp-block-paragraph\">\u2026.<\/p>\n\n\n\n<p class=\"wp-block-paragraph\">\u201cArt. 32. Os participantes pessoas f\u00edsicas ter\u00e3o 90 (noventa) dias para solicitar o pr\u00eamio, contados a partir da data da publica\u00e7\u00e3o da Portaria do sorteio com o nome dos contemplados no Di\u00e1rio Oficial do Estado.\u201d (NR)<\/p>\n\n\n\n<p class=\"wp-block-paragraph\">\u201cArt. 32-A. A entidade social ter\u00e1 o prazo de 90 (noventa) dias para comprova\u00e7\u00e3o de sua regularidade, a partir da data da publica\u00e7\u00e3o da Portaria do sorteio com o nome dos contemplados no Di\u00e1rio Oficial do Estado.<\/p>\n\n\n\n<p class=\"wp-block-paragraph\">\u00a7 1\u00ba Para a comprova\u00e7\u00e3o da sua regularidade e recebimento dos pr\u00eamios os participantes entidades sociais contemplados com o sorteio e rateio dever\u00e3o entregar:<\/p>\n\n\n\n<p class=\"wp-block-paragraph\">I &#8211; Certid\u00e3o Negativa da Fazenda Estadual;<\/p>\n\n\n\n<p class=\"wp-block-paragraph\">II &#8211; Certid\u00e3o Negativa de d\u00e9bitos inscritos na D\u00edvida Ativa.<\/p>\n\n\n\n<p class=\"wp-block-paragraph\">\u00a7 2\u00ba As entidades sociais contempladas com os sorteios e o rateio, ficam dispensadas da necessidade de solicita\u00e7\u00e3o para o recebimento de sua premia\u00e7\u00e3o.\u201d (NR)<\/p>\n\n\n\n<p class=\"wp-block-paragraph\">&nbsp;\u2026<\/p>\n\n\n\n<p class=\"wp-block-paragraph\"><strong>\u201cANEXO V<\/strong><\/p>\n\n\n\n<p class=\"wp-block-paragraph\"><strong>Premia\u00e7\u00e3o do Sorteio Especial Anual \u2013 Pessoa F\u00edsica (Art. 20, Inciso II desta Portaria)<\/strong><\/p>\n\n\n\n<figure class=\"wp-block-table\"><table class=\"has-fixed-layout\"><tbody><tr><td colspan=\"2\"><strong>Regional do Baixo Acre<\/strong><\/td><\/tr><tr><td>&nbsp;<\/td><td>Valor<\/td><\/tr><tr><td><strong>Total Bruto<\/strong><\/td><td>R$ 100.000,00<\/td><\/tr><tr><td>&nbsp;<\/td><td>&nbsp;<\/td><\/tr><tr><td><strong>Total L\u00edquido (-30% IRPF)<\/strong><\/td><td>R$ 70.000,00<\/td><\/tr><\/tbody><\/table><\/figure>\n\n\n\n<figure class=\"wp-block-table\"><table class=\"has-fixed-layout\"><tbody><tr><td colspan=\"2\"><strong>Regional do Alto Acre<\/strong><\/td><\/tr><tr><td>&nbsp;<\/td><td>Valor<\/td><\/tr><tr><td><strong>Total Bruto<\/strong><\/td><td>R$ 100.000,00<\/td><\/tr><tr><td>&nbsp;<\/td><td>&nbsp;<\/td><\/tr><tr><td><strong>Total L\u00edquido (-30% IRPF)<\/strong><\/td><td>R$ 70.000,00<\/td><\/tr><\/tbody><\/table><\/figure>\n\n\n\n<figure class=\"wp-block-table\"><table class=\"has-fixed-layout\"><tbody><tr><td colspan=\"2\"><strong>Regional do Juru\u00e1<\/strong><\/td><\/tr><tr><td>&nbsp;<\/td><td>Valor<\/td><\/tr><tr><td><strong>Total Bruto<\/strong><\/td><td>R$ 100.000,00<\/td><\/tr><tr><td>&nbsp;<\/td><td>&nbsp;<\/td><\/tr><tr><td><strong>Total L\u00edquido (-30% IRPF)<\/strong><\/td><td>R$ 70.000,00<\/td><\/tr><\/tbody><\/table><\/figure>\n\n\n\n<figure class=\"wp-block-table\"><table class=\"has-fixed-layout\"><tbody><tr><td colspan=\"2\"><strong>Regional do Tarauac\u00e1-Envira<\/strong><\/td><\/tr><tr><td>&nbsp;<\/td><td>Valor<\/td><\/tr><tr><td><strong>Total Bruto<\/strong><\/td><td>R$ 100.000,00<\/td><\/tr><tr><td>&nbsp;<\/td><td>&nbsp;<\/td><\/tr><tr><td><strong>Total L\u00edquido (-30% IRPF)<\/strong><\/td><td>R$ 70.000,00<\/td><\/tr><\/tbody><\/table><\/figure>\n\n\n\n<figure class=\"wp-block-table\"><table class=\"has-fixed-layout\"><tbody><tr><td colspan=\"2\"><strong>Regional do Purus<\/strong><strong><\/strong><\/td><\/tr><tr><td><strong>&nbsp;<\/strong><\/td><td>Valor<\/td><\/tr><tr><td><strong>Total Bruto<\/strong><strong><\/strong><\/td><td>R$ 100.000,00<strong><\/strong><\/td><\/tr><tr><td><strong>&nbsp;<\/strong><\/td><td><strong>&nbsp;<\/strong><\/td><\/tr><tr><td><strong>Total L\u00edquido (-30% IRPF)<\/strong><strong><\/strong><\/td><td>R$ 70.000,00<strong><\/strong><\/td><\/tr><\/tbody><\/table><\/figure>\n\n\n\n<p class=\"wp-block-paragraph\"><strong>ANEXO VI<\/strong><\/p>\n\n\n\n<p class=\"wp-block-paragraph\"><strong>Premia\u00e7\u00e3o do Sorteio Especial Anual \u2013 Entidade Social (Art. 23 desta Portaria)<\/strong><\/p>\n\n\n\n<figure class=\"wp-block-table\"><table class=\"has-fixed-layout\"><tbody><tr><td>R$ 175.000,00*<\/td><\/tr><\/tbody><\/table><\/figure>\n\n\n\n<p class=\"wp-block-paragraph\">* Premia\u00e7\u00e3o a ser distribu\u00edda com base no \u00a7 1\u00ba do art. 7\u00ba do Decreto n\u00ba 11.531, de 5 de agosto de 2024.<\/p>\n\n\n\n<p class=\"wp-block-paragraph\"><strong>ANEXO VII<\/strong><\/p>\n\n\n\n<p class=\"wp-block-paragraph\"><strong>Premia\u00e7\u00e3o por Rateio para as Entidades Sociais (Art. 24 desta Portaria)<\/strong><\/p>\n\n\n\n<figure class=\"wp-block-table\"><table class=\"has-fixed-layout\"><tbody><tr><td colspan=\"3\"><strong>RATEIO MENSAL<\/strong><\/td><\/tr><tr><td colspan=\"3\">&nbsp;<\/td><\/tr><tr><td>&nbsp;<\/td><td><strong>Regra dos 70%<\/strong><\/td><td><strong>Regra dos 30%<\/strong><\/td><\/tr><tr><td><strong>Mensal<\/strong><\/td><td>R$ 16.041,67<\/td><td>R$ 6.875,00<\/td><\/tr><tr><td><strong>TOTAL<\/strong><\/td><td>R$ 22.916,67<\/td><td>&nbsp;<\/td><\/tr><\/tbody><\/table><\/figure>\n<\/blockquote>\n\n\n\n<p class=\"wp-block-paragraph\">Art. 2\u00ba Esta Portaria entra em vigor na data de sua publica\u00e7\u00e3o.<\/p>\n\n\n\n<p class=\"wp-block-paragraph\">Rio Branco &#8211; Acre, 4 de novembro de 2024.<\/p>\n","protected":false},"excerpt":{"rendered":"<p>Altera a Portaria n\u00ba 439, de 7 de agosto de 2024, que estabelece procedimentos e regulamenta o Programa Nota Premiada Acreana.<\/p>\n","protected":false},"author":5,"featured_media":0,"comment_status":"closed","ping_status":"closed","sticky":false,"template":"","format":"standard","meta":{"_acf_changed":false,"footnotes":""},"categories":[3,33],"tags":[35,122,69],"class_list":["post-21067","post","type-post","status-publish","format-standard","hentry","category-legislacao","category-portarias","tag-icms","tag-nota-premiada","tag-pecf"],"acf":[],"_links":{"self":[{"href":"https:\/\/sefaz.ac.gov.br\/2021\/index.php?rest_route=\/wp\/v2\/posts\/21067","targetHints":{"allow":["GET"]}}],"collection":[{"href":"https:\/\/sefaz.ac.gov.br\/2021\/index.php?rest_route=\/wp\/v2\/posts"}],"about":[{"href":"https:\/\/sefaz.ac.gov.br\/2021\/index.php?rest_route=\/wp\/v2\/types\/post"}],"author":[{"embeddable":true,"href":"https:\/\/sefaz.ac.gov.br\/2021\/index.php?rest_route=\/wp\/v2\/users\/5"}],"replies":[{"embeddable":true,"href":"https:\/\/sefaz.ac.gov.br\/2021\/index.php?rest_route=%2Fwp%2Fv2%2Fcomments&post=21067"}],"version-history":[{"count":1,"href":"https:\/\/sefaz.ac.gov.br\/2021\/index.php?rest_route=\/wp\/v2\/posts\/21067\/revisions"}],"predecessor-version":[{"id":21068,"href":"https:\/\/sefaz.ac.gov.br\/2021\/index.php?rest_route=\/wp\/v2\/posts\/21067\/revisions\/21068"}],"wp:attachment":[{"href":"https:\/\/sefaz.ac.gov.br\/2021\/index.php?rest_route=%2Fwp%2Fv2%2Fmedia&parent=21067"}],"wp:term":[{"taxonomy":"category","embeddable":true,"href":"https:\/\/sefaz.ac.gov.br\/2021\/index.php?rest_route=%2Fwp%2Fv2%2Fcategories&post=21067"},{"taxonomy":"post_tag","embeddable":true,"href":"https:\/\/sefaz.ac.gov.br\/2021\/index.php?rest_route=%2Fwp%2Fv2%2Ftags&post=21067"}],"curies":[{"name":"wp","href":"https:\/\/api.w.org\/{rel}","templated":true}]}}