{"id":21035,"date":"2024-10-29T10:35:52","date_gmt":"2024-10-29T13:35:52","guid":{"rendered":"https:\/\/sefaz.ac.gov.br\/2021\/?p=21035"},"modified":"2024-11-04T10:37:38","modified_gmt":"2024-11-04T13:37:38","slug":"portaria-sefaz-no-588-de-29-de-outubro-de-2024","status":"publish","type":"post","link":"https:\/\/sefaz.ac.gov.br\/2021\/?p=21035","title":{"rendered":"PORTARIA SEFAZ N\u00ba 588, DE 29 DE OUTUBRO DE 2024"},"content":{"rendered":"\n<p class=\"wp-block-paragraph\"><strong>O SECRET\u00c1RIO DE ESTADO DA FAZENDA<\/strong>, em exerc\u00edcio, no uso de suas atribui\u00e7\u00f5es constitucionais e legais que lhe confere o Decreto n\u00ba 6.816, de 16 de setembro de 2020, publicado no Di\u00e1rio Oficial n\u00ba 12.882, de 17 de setembro de 2020;<\/p>\n\n\n\n<p class=\"wp-block-paragraph\">CONSIDERANDO o Decreto n\u00ba 11.253, de 05 de junho de 2023; e o art. 4\u00ba, XI e XII, da Portaria n\u00ba 513 de 20 de junho de 2023, que aprovou o Regimento Interno da Secretaria de Estado da Fazenda;<\/p>\n\n\n\n<p class=\"wp-block-paragraph\">CONSIDERANDO o Decreto n\u00ba 11.531, de 05 de agosto de 2024, que instituiu o Programa Nota Premiada Acreana;<\/p>\n\n\n\n<p class=\"wp-block-paragraph\">CONSIDERANDO a Portaria SEFAZ n\u00ba 439, de 07 de agosto de 2024, que estabelece procedimentos e regulamenta o Programa Nota Premiada Acreana;<\/p>\n\n\n\n<p class=\"wp-block-paragraph\">CONSIDERANDO \u00e0 Comunica\u00e7\u00e3o Interna n\u00ba 125\/2024\/SEFAZ \u2013 EFAZ (SEI 001272 0023) exarado pela Escola Fazend\u00e1ria \u2013 EFAZ; e<\/p>\n\n\n\n<p class=\"wp-block-paragraph\">CONSIDERANDO o constante dos autos do processo n\u00ba 0715.012497.00130\/ 2024-34.<\/p>\n\n\n\n<p class=\"wp-block-paragraph\"><strong>RESOLVE:<\/strong><\/p>\n\n\n\n<p class=\"wp-block-paragraph\">Art. 1\u00ba Designar para atuar como membros na Comiss\u00e3o Permanente da Nota Premiada Acreana, os titulares no \u00e2mbito das seguintes unidades organizacionais:<\/p>\n\n\n\n<p class=\"wp-block-paragraph\">&nbsp;I \u2013 Titular da Secretaria de Estado de Fazenda \u2013 membro;<\/p>\n\n\n\n<p class=\"wp-block-paragraph\">&nbsp;II \u2013 Titular da Secretaria Adjunta da Receita Estadual \u2013 membro;<\/p>\n\n\n\n<p class=\"wp-block-paragraph\">&nbsp;III \u2013 Titular da Secretaria Adjunta do Tesouro Estadual \u2013 membro;<\/p>\n\n\n\n<p class=\"wp-block-paragraph\">&nbsp;IV \u2013 Titular da Diretoria Administrativa e Financeira \u2013 membro;<\/p>\n\n\n\n<p class=\"wp-block-paragraph\">&nbsp;V \u2013 Titular da Diretoria de Administra\u00e7\u00e3o Tribut\u00e1ria \u2013 membro;<\/p>\n\n\n\n<p class=\"wp-block-paragraph\">&nbsp;VI \u2013 Titular da Diretoria de Contabilidade Geral do Estado \u2013 membro;<\/p>\n\n\n\n<p class=\"wp-block-paragraph\">&nbsp;VII \u2013 Titular da Diretoria de Planejamento Or\u00e7ament\u00e1rio \u2013 membro;<\/p>\n\n\n\n<p class=\"wp-block-paragraph\">&nbsp;VIII \u2013 Titular da Diretoria do Tesouro Estadual \u2013 membro;<\/p>\n\n\n\n<p class=\"wp-block-paragraph\">&nbsp;IX \u2013 Titular do Departamento de Tecnologia da Informa\u00e7\u00e3o \u2013 membro;<\/p>\n\n\n\n<p class=\"wp-block-paragraph\">&nbsp;X \u2013 Titular do Departamento de Governan\u00e7a Estrat\u00e9gica \u2013 membro;<\/p>\n\n\n\n<p class=\"wp-block-paragraph\">&nbsp;XI \u2013 Titular da Corregedoria Fazend\u00e1ria \u2013 membro;<\/p>\n\n\n\n<p class=\"wp-block-paragraph\">&nbsp;XII \u2013 Titular da Ouvidoria \u2013 membro;<\/p>\n\n\n\n<p class=\"wp-block-paragraph\">&nbsp;XIII \u2013 Titular da Escola Fazend\u00e1ria \u2013 membro;<\/p>\n\n\n\n<p class=\"wp-block-paragraph\">&nbsp;XIV \u2013 Titular do N\u00facleo Especializado Setorial de Educa\u00e7\u00e3o Fiscal e Cidadania \u2013 membro.<\/p>\n\n\n\n<p class=\"wp-block-paragraph\">\u00a7 1\u00ba A coordena\u00e7\u00e3o da Comiss\u00e3o ser\u00e1 exercida pelo Secret\u00e1rio de Estado da Fazenda ou seu substituto legal de forma conjunta com o titular da Escola Fazend\u00e1ria ou um substituto indicado.<\/p>\n\n\n\n<p class=\"wp-block-paragraph\">\u00a7 2\u00ba O membro titular da Comiss\u00e3o poder\u00e1 indicar um substituto nos casos de impedimento ou afastamento tempor\u00e1rio, devidamente justificado.<\/p>\n\n\n\n<p class=\"wp-block-paragraph\">Art. 2\u00ba A Comiss\u00e3o ser\u00e1 respons\u00e1vel pelo monitoramento da execu\u00e7\u00e3o, avalia\u00e7\u00e3o e revis\u00e3o das a\u00e7\u00f5es do Programa Nota Premiada Acreana; e elabora\u00e7\u00e3o do Relat\u00f3rio de Monitoramento e Avaliza\u00e7\u00e3o e Relat\u00f3rio de Li\u00e7\u00f5es Aprendidas, para atender aos objetivos previstos na legisla\u00e7\u00e3o que instituiu o Programa Estadual de Cidadania Fiscal (PECF).<\/p>\n\n\n\n<p class=\"wp-block-paragraph\">\u00a7 1\u00ba O membro Titular do N\u00facleo Especializado Setorial de Educa\u00e7\u00e3o Fiscal e Cidadania ser\u00e1 encarregado da elabora\u00e7\u00e3o dos relat\u00f3rios, que ser\u00e3o apresentados at\u00e9 o \u00faltimo dia \u00fatil dos meses de mar\u00e7o e setembro de cada exerc\u00edcio em reuni\u00e3o ordin\u00e1ria para a Comiss\u00e3o Permanente do Programa Nota Premiada Acreana.<\/p>\n\n\n\n<p class=\"wp-block-paragraph\">\u00a7 2\u00ba A Comiss\u00e3o Permanente do Programa Nota Premiada Acreana se reunir\u00e1, em car\u00e1ter ordin\u00e1rio, semestralmente e, em car\u00e1ter extraordin\u00e1rio, sempre que convocado por seus Coordenadores, com anteced\u00eancia m\u00ednima de quarenta e oito horas.<\/p>\n\n\n\n<p class=\"wp-block-paragraph\">\u00a7 3\u00ba As delibera\u00e7\u00f5es ser\u00e3o tomadas pela maioria dos presentes, desde que atingido o qu\u00f3rum m\u00ednimo de um ter\u00e7o dos membros.<\/p>\n\n\n\n<p class=\"wp-block-paragraph\">Art. 3\u00ba Os princ\u00edpios da efici\u00eancia, responsabilidade, transpar\u00eancia, comunica\u00e7\u00e3o, flexibilidade, autocomposi\u00e7\u00e3o, dentre outros que se aplicam \u00e0 Administra\u00e7\u00e3o P\u00fablica, nortear\u00e3o a execu\u00e7\u00e3o, o acompanhamento, a avalia\u00e7\u00e3o e a revis\u00e3o do Programa Nota Premiada Acreana.<\/p>\n\n\n\n<p class=\"wp-block-paragraph\">Art. 4\u00ba Esta Portaria entra em vigor na data de sua publica\u00e7\u00e3o.<\/p>\n\n\n\n<p class=\"wp-block-paragraph\">Rio Branco \u2013 Acre, 29 de outubro de 2024.<\/p>\n","protected":false},"excerpt":{"rendered":"<p>Designa os membros da Comiss\u00e3o Permanente do Programa Nota Premiada Acreana.<\/p>\n","protected":false},"author":5,"featured_media":0,"comment_status":"closed","ping_status":"closed","sticky":false,"template":"","format":"standard","meta":{"_acf_changed":false,"footnotes":""},"categories":[3,33],"tags":[122,69],"class_list":["post-21035","post","type-post","status-publish","format-standard","hentry","category-legislacao","category-portarias","tag-nota-premiada","tag-pecf"],"acf":[],"_links":{"self":[{"href":"https:\/\/sefaz.ac.gov.br\/2021\/index.php?rest_route=\/wp\/v2\/posts\/21035","targetHints":{"allow":["GET"]}}],"collection":[{"href":"https:\/\/sefaz.ac.gov.br\/2021\/index.php?rest_route=\/wp\/v2\/posts"}],"about":[{"href":"https:\/\/sefaz.ac.gov.br\/2021\/index.php?rest_route=\/wp\/v2\/types\/post"}],"author":[{"embeddable":true,"href":"https:\/\/sefaz.ac.gov.br\/2021\/index.php?rest_route=\/wp\/v2\/users\/5"}],"replies":[{"embeddable":true,"href":"https:\/\/sefaz.ac.gov.br\/2021\/index.php?rest_route=%2Fwp%2Fv2%2Fcomments&post=21035"}],"version-history":[{"count":1,"href":"https:\/\/sefaz.ac.gov.br\/2021\/index.php?rest_route=\/wp\/v2\/posts\/21035\/revisions"}],"predecessor-version":[{"id":21036,"href":"https:\/\/sefaz.ac.gov.br\/2021\/index.php?rest_route=\/wp\/v2\/posts\/21035\/revisions\/21036"}],"wp:attachment":[{"href":"https:\/\/sefaz.ac.gov.br\/2021\/index.php?rest_route=%2Fwp%2Fv2%2Fmedia&parent=21035"}],"wp:term":[{"taxonomy":"category","embeddable":true,"href":"https:\/\/sefaz.ac.gov.br\/2021\/index.php?rest_route=%2Fwp%2Fv2%2Fcategories&post=21035"},{"taxonomy":"post_tag","embeddable":true,"href":"https:\/\/sefaz.ac.gov.br\/2021\/index.php?rest_route=%2Fwp%2Fv2%2Ftags&post=21035"}],"curies":[{"name":"wp","href":"https:\/\/api.w.org\/{rel}","templated":true}]}}