{"id":20464,"date":"2024-07-08T10:27:36","date_gmt":"2024-07-08T13:27:36","guid":{"rendered":"https:\/\/sefaz.ac.gov.br\/2021\/?p=20464"},"modified":"2024-08-14T10:28:28","modified_gmt":"2024-08-14T13:28:28","slug":"portaria-sefaz-no-369-de-8-de-julho-de-2024","status":"publish","type":"post","link":"https:\/\/sefaz.ac.gov.br\/2021\/?p=20464","title":{"rendered":"PORTARIA SEFAZ N\u00ba 369, DE 8 DE JULHO DE 2024"},"content":{"rendered":"\n<p class=\"wp-block-paragraph\"><strong>O SECRET\u00c1RIO DE ESTADO DA FAZENDA<\/strong>, no uso de suas atribui\u00e7\u00f5es constitucionais e legais que lhe confere o Decreto n\u00ba 4.059-P, de 05 de junho de 2023, publicado no Di\u00e1rio Oficial n\u00ba 13.550, de 07 de junho de 2023;<\/p>\n\n\n\n<p class=\"wp-block-paragraph\">CONSIDERANDO o PARECER N\u00ba 5\/2024\/CORFAZ (SEI 9903388);<\/p>\n\n\n\n<p class=\"wp-block-paragraph\">CONSIDERANDO o Despacho n\u00ba 5432\/2024\/SEFAZ &#8211; CORFAZ (SEI 0011608064) exarado pelo Gabinete do Secret\u00e1rio de Estado da Fazenda;<\/p>\n\n\n\n<p class=\"wp-block-paragraph\">CONSIDERANDO o constante dos autos do processo n\u00ba 0715.012452.00017\/ 2023-11.<\/p>\n\n\n\n<p class=\"wp-block-paragraph\"><strong>RESOLVE:<\/strong><\/p>\n\n\n\n<p class=\"wp-block-paragraph\">Art. 1\u00ba Designar os servidores Ivone Maria Andrade de Oliveira, Auditora Fiscal da Receita Estadual, Jos\u00e9 Paulo Lima Vaz, Gestor de Pol\u00edticas P\u00fablicas, N\u00edvea Maria Eremith de Souza, T\u00e9cnica da Fazenda Estadual, todos do quadro de pessoal desta Secretaria, para sob a Presid\u00eancia do primeiro, constitu\u00edrem Comiss\u00e3o de Processo Administrativo Disciplinar &#8211; rito ordin\u00e1rio a fim de apurar poss\u00edvel infra\u00e7\u00e3o administrativa conforme narrado no Processo N\u00b00715.012452.00017\/2023-11.<\/p>\n\n\n\n<p class=\"wp-block-paragraph\">Art. 2\u00ba Determinar que a Comiss\u00e3o Processante notifique o acusado da presente Portaria, encaminhando c\u00f3pia do \u00faltimo ato do processo, da Ata de Instala\u00e7\u00e3o e in\u00edcio dos trabalhos.<\/p>\n\n\n\n<p class=\"wp-block-paragraph\">Art. 3\u00ba Estabelecer o prazo de 60 (sessenta) dias, a partir da publica\u00e7\u00e3o deste ato, para apresenta\u00e7\u00e3o de Relat\u00f3rio Conclusivo.<\/p>\n\n\n\n<p class=\"wp-block-paragraph\">Art. 4\u00ba Esta Portaria entra em vigor na data da sua publica\u00e7\u00e3o.<\/p>\n\n\n\n<p class=\"wp-block-paragraph\">Rio Branco &#8211; Acre, 8 de julho de 2024.<\/p>\n","protected":false},"excerpt":{"rendered":"<p>Designa servidores para constituirem Comiss\u00e3o de Processo Administrativo Disciplinar &#8211; PAD.<\/p>\n","protected":false},"author":5,"featured_media":0,"comment_status":"closed","ping_status":"closed","sticky":false,"template":"","format":"standard","meta":{"_acf_changed":false,"footnotes":""},"categories":[3,33],"tags":[73],"class_list":["post-20464","post","type-post","status-publish","format-standard","hentry","category-legislacao","category-portarias","tag-legislacao-institucional-e-funcional"],"acf":[],"_links":{"self":[{"href":"https:\/\/sefaz.ac.gov.br\/2021\/index.php?rest_route=\/wp\/v2\/posts\/20464","targetHints":{"allow":["GET"]}}],"collection":[{"href":"https:\/\/sefaz.ac.gov.br\/2021\/index.php?rest_route=\/wp\/v2\/posts"}],"about":[{"href":"https:\/\/sefaz.ac.gov.br\/2021\/index.php?rest_route=\/wp\/v2\/types\/post"}],"author":[{"embeddable":true,"href":"https:\/\/sefaz.ac.gov.br\/2021\/index.php?rest_route=\/wp\/v2\/users\/5"}],"replies":[{"embeddable":true,"href":"https:\/\/sefaz.ac.gov.br\/2021\/index.php?rest_route=%2Fwp%2Fv2%2Fcomments&post=20464"}],"version-history":[{"count":1,"href":"https:\/\/sefaz.ac.gov.br\/2021\/index.php?rest_route=\/wp\/v2\/posts\/20464\/revisions"}],"predecessor-version":[{"id":20465,"href":"https:\/\/sefaz.ac.gov.br\/2021\/index.php?rest_route=\/wp\/v2\/posts\/20464\/revisions\/20465"}],"wp:attachment":[{"href":"https:\/\/sefaz.ac.gov.br\/2021\/index.php?rest_route=%2Fwp%2Fv2%2Fmedia&parent=20464"}],"wp:term":[{"taxonomy":"category","embeddable":true,"href":"https:\/\/sefaz.ac.gov.br\/2021\/index.php?rest_route=%2Fwp%2Fv2%2Fcategories&post=20464"},{"taxonomy":"post_tag","embeddable":true,"href":"https:\/\/sefaz.ac.gov.br\/2021\/index.php?rest_route=%2Fwp%2Fv2%2Ftags&post=20464"}],"curies":[{"name":"wp","href":"https:\/\/api.w.org\/{rel}","templated":true}]}}