{"id":20406,"date":"2024-07-15T13:28:01","date_gmt":"2024-07-15T16:28:01","guid":{"rendered":"https:\/\/sefaz.ac.gov.br\/2021\/?p=20406"},"modified":"2024-08-07T13:30:14","modified_gmt":"2024-08-07T16:30:14","slug":"portaria-sefaz-no-384-de-15-de-julho-de-2024","status":"publish","type":"post","link":"https:\/\/sefaz.ac.gov.br\/2021\/?p=20406","title":{"rendered":"PORTARIA SEFAZ N\u00ba 384, DE 15 DE JULHO DE 2024"},"content":{"rendered":"\n<p class=\"wp-block-paragraph\"><strong>O SECRET\u00c1RIO DE ESTADO DA FAZENDA<\/strong>, no uso de suas atribui\u00e7\u00f5es constitucionais e legais que lhe confere o Decreto n\u00ba 4.059-P, de 05 de junho de 2023, publicado no Di\u00e1rio Oficial n\u00ba 13.550, de 07 de junho de 2023;<\/p>\n\n\n\n<p class=\"wp-block-paragraph\">CONSIDERANDO o disposto no art. 56-A da Lei Complementar n\u00ba 55, de 9 de julho de 1997 e no art. 69-A do Regulamento do ICMS, aprovado pelo Decreto n\u00ba 008, de 26 de janeiro de 1998;<\/p>\n\n\n\n<p class=\"wp-block-paragraph\">CONSIDERANDO o Despacho n\u00ba 1098\/2024\/SEFAZ &#8211; CGSARE (SEI 0011679858) exarado pela Secretaria Adjunta da Receita Estadual &#8211; SARE; e<\/p>\n\n\n\n<p class=\"wp-block-paragraph\">CONSIDERANDO o constante dos autos do processo n\u00ba 0715.012503.00061\/2024-23.<\/p>\n\n\n\n<p class=\"wp-block-paragraph\"><strong>RESOLVE:<\/strong><\/p>\n\n\n\n<p class=\"wp-block-paragraph\">Art. 1\u00ba O Anexo \u00danico da Portaria SEFAZ n\u00ba 523, de 28 de junho de 2023, passa a vigorar com as seguintes altera\u00e7\u00f5es:<\/p>\n\n\n\n<blockquote class=\"wp-block-quote is-layout-flow wp-block-quote-is-layout-flow\">\n<p class=\"wp-block-paragraph\"><strong>\u201cAnexo \u00danico<\/strong><\/p>\n\n\n\n<p class=\"wp-block-paragraph\"><strong>Rela\u00e7\u00e3o de Autorregulariza\u00e7\u00e3o<\/strong><\/p>\n\n\n\n<figure class=\"wp-block-table\"><table class=\"has-fixed-layout\"><tbody><tr><td><strong>C\u00f3digo da Pend\u00eancia (I)<\/strong><strong><\/strong><\/td><td><strong>Registro da EFD (II)<\/strong><strong><\/strong><\/td><td><strong>Pend\u00eancia (III)<\/strong><strong><\/strong><\/td><td><strong>Fundamento legal (IV)<\/strong><strong><\/strong><\/td><td><strong>Como resolver (V)<\/strong><strong><\/strong><\/td><td><strong>&nbsp;<\/strong> <strong>In\u00edcio de Vig\u00eancia<\/strong><strong><\/strong> <strong>(VI)<\/strong> <strong>&nbsp;<\/strong><\/td><td><strong>Data fim de<\/strong><strong><\/strong> <strong>vig\u00eancia (VII)<\/strong><strong><\/strong><\/td><\/tr><tr><td>&#8230;<\/td><td>&#8230;<\/td><td>&#8230;<\/td><td>&#8230;<\/td><td>&#8230;<\/td><td>&#8230;<\/td><td>&#8230;<\/td><\/tr><tr><td>8<\/td><td>&nbsp;<\/td><td>Deixar de informar na DeSTDA o ICMS substitui\u00e7\u00e3o tribut\u00e1ria interna retido<\/td><td>Art. 363-A a 363-P do Decreto 008\/98 (RICMS) &nbsp;<\/td><td>Informar na DeSTDA o ICMS substitui\u00e7\u00e3o tribut\u00e1ria interna retido &nbsp;<\/td><td>01\/08\/2024<\/td><td>&nbsp;<\/td><\/tr><tr><td>9<\/td><td>&nbsp;E210<\/td><td>Deixar de informar na EFD o ICMS substitui\u00e7\u00e3o tribut\u00e1ria interna retido<\/td><td>Art. 121-A do Decreto 008\/98 (RICMS)<\/td><td>Escriturar no registro E210 o ICMS substitui\u00e7\u00e3o tribut\u00e1ria interna retido<\/td><td>01\/08\/2024<\/td><td>&nbsp;<\/td><\/tr><tr><td>10<\/td><td>&nbsp;E111<\/td><td>Informar no registro E111 da EFD c\u00f3digo gen\u00e9rico de apura\u00e7\u00e3o<\/td><td>Art. 121-A do Decreto 008\/98 (RICMS) e Portaria SEFAZ n\u00ba 565\/2016<\/td><td>Informar o c\u00f3digo de ajuste apropriado<\/td><td>01\/08\/2024<\/td><td>&nbsp;<\/td><\/tr><\/tbody><\/table><\/figure>\n\n\n\n<p class=\"wp-block-paragraph\">\u201d(NR)<\/p>\n<\/blockquote>\n\n\n\n<p class=\"wp-block-paragraph\">Art. 2\u00ba Esta Portaria entra em vigor na data de sua publica\u00e7\u00e3o.<\/p>\n\n\n\n<p class=\"wp-block-paragraph\">Rio Branco &#8211; Acre, 15 de julho de 2024.<\/p>\n","protected":false},"excerpt":{"rendered":"<p>Altera a Portaria SEFAZ n\u00ba 523, de 28 de junho de 2023, que disp\u00f5e sobre a institui\u00e7\u00e3o, utiliza\u00e7\u00e3o e formaliza\u00e7\u00e3o dos procedimentos referentes ao servi\u00e7o de autorregulariza\u00e7\u00e3o fiscal.<\/p>\n","protected":false},"author":5,"featured_media":0,"comment_status":"closed","ping_status":"closed","sticky":false,"template":"","format":"standard","meta":{"_acf_changed":false,"footnotes":""},"categories":[3,33],"tags":[35],"class_list":["post-20406","post","type-post","status-publish","format-standard","hentry","category-legislacao","category-portarias","tag-icms"],"acf":[],"_links":{"self":[{"href":"https:\/\/sefaz.ac.gov.br\/2021\/index.php?rest_route=\/wp\/v2\/posts\/20406","targetHints":{"allow":["GET"]}}],"collection":[{"href":"https:\/\/sefaz.ac.gov.br\/2021\/index.php?rest_route=\/wp\/v2\/posts"}],"about":[{"href":"https:\/\/sefaz.ac.gov.br\/2021\/index.php?rest_route=\/wp\/v2\/types\/post"}],"author":[{"embeddable":true,"href":"https:\/\/sefaz.ac.gov.br\/2021\/index.php?rest_route=\/wp\/v2\/users\/5"}],"replies":[{"embeddable":true,"href":"https:\/\/sefaz.ac.gov.br\/2021\/index.php?rest_route=%2Fwp%2Fv2%2Fcomments&post=20406"}],"version-history":[{"count":2,"href":"https:\/\/sefaz.ac.gov.br\/2021\/index.php?rest_route=\/wp\/v2\/posts\/20406\/revisions"}],"predecessor-version":[{"id":20410,"href":"https:\/\/sefaz.ac.gov.br\/2021\/index.php?rest_route=\/wp\/v2\/posts\/20406\/revisions\/20410"}],"wp:attachment":[{"href":"https:\/\/sefaz.ac.gov.br\/2021\/index.php?rest_route=%2Fwp%2Fv2%2Fmedia&parent=20406"}],"wp:term":[{"taxonomy":"category","embeddable":true,"href":"https:\/\/sefaz.ac.gov.br\/2021\/index.php?rest_route=%2Fwp%2Fv2%2Fcategories&post=20406"},{"taxonomy":"post_tag","embeddable":true,"href":"https:\/\/sefaz.ac.gov.br\/2021\/index.php?rest_route=%2Fwp%2Fv2%2Ftags&post=20406"}],"curies":[{"name":"wp","href":"https:\/\/api.w.org\/{rel}","templated":true}]}}