{"id":20323,"date":"2024-07-11T15:20:56","date_gmt":"2024-07-11T18:20:56","guid":{"rendered":"https:\/\/sefaz.ac.gov.br\/2021\/?p=20323"},"modified":"2024-08-02T15:22:55","modified_gmt":"2024-08-02T18:22:55","slug":"lei-no-4-375-de-11-de-julho-de-2024","status":"publish","type":"post","link":"https:\/\/sefaz.ac.gov.br\/2021\/?p=20323","title":{"rendered":"LEI N\u00ba 4.375, DE 11 DE JULHO DE 2024"},"content":{"rendered":"\n<p class=\"wp-block-paragraph\"><strong>O GOVERNADOR DO ESTADO DO ACRE<\/strong><\/p>\n\n\n\n<p class=\"wp-block-paragraph\"><strong>FA\u00c7O SABER<\/strong> que a Assembleia Legislativa do Estado do Acre decreta e eu sanciono a seguinte Lei:<\/p>\n\n\n\n<p class=\"wp-block-paragraph\">Art. 1\u00ba Ficam prorrogados os prazos para pagamento do Imposto sobre Opera\u00e7\u00f5es Relativas \u00e0 Circula\u00e7\u00e3o de Mercadorias e sobre Presta\u00e7\u00f5es de Servi\u00e7os de Transporte Interestadual e Intermunicipal e de Comunica\u00e7\u00e3o &#8211; ICMS devido a t\u00edtulo de substitui\u00e7\u00e3o tribut\u00e1ria por contribuintes estabelecidos no Rio Grande do Sul, sem quaisquer acr\u00e9scimos, na forma desta Lei.<\/p>\n\n\n\n<p class=\"wp-block-paragraph\">Art. 2\u00ba Ficam definidos os prazos de que trata o art. 1\u00ba da seguinte forma:<\/p>\n\n\n\n<p class=\"wp-block-paragraph\">I &#8211; para 31 de julho de 2024, os d\u00e9bitos com vencimento original em maio de 2024;<\/p>\n\n\n\n<p class=\"wp-block-paragraph\">II &#8211; para 30 de agosto de 2024, os d\u00e9bitos com vencimento original em junho de 2024.<\/p>\n\n\n\n<p class=\"wp-block-paragraph\">Art. 3\u00ba A prorroga\u00e7\u00e3o de que trata esta Lei n\u00e3o autoriza:<\/p>\n\n\n\n<p class=\"wp-block-paragraph\">I &#8211; a restitui\u00e7\u00e3o ou compensa\u00e7\u00e3o de quantias pagas;<\/p>\n\n\n\n<p class=\"wp-block-paragraph\">II &#8211; o levantamento, pelo contribuinte ou pelo interessado, de import\u00e2ncia depositada em ju\u00edzo, quando houver decis\u00e3o transitada em julgado em favor do Estado.<\/p>\n\n\n\n<p class=\"wp-block-paragraph\">Art. 4\u00ba Fica o Poder Executivo autorizado a editar normas complementares para o cumprimento desta Lei.<\/p>\n\n\n\n<p class=\"wp-block-paragraph\">Art. 5\u00b0 Esta Lei entra em vigor na data de sua publica\u00e7\u00e3o.<\/p>\n\n\n\n<p class=\"wp-block-paragraph\">Rio Branco &#8211; Acre, 11 de julho de 2024, 136\u00ba da Rep\u00fablica, 122\u00ba do Tratado de Petr\u00f3polis e 63\u00ba do Estado do Acre.<\/p>\n","protected":false},"excerpt":{"rendered":"<p>Disp\u00f5e sobre a prorroga\u00e7\u00e3o dos prazos para pagamento do Imposto sobre Opera\u00e7\u00f5es Relativas \u00e0 Circula\u00e7\u00e3o de Mercadorias e sobre Presta\u00e7\u00f5es de Servi\u00e7os de Transporte Interestadual e Intermunicipal e de Comunica\u00e7\u00e3o &#8211; ICMS devido por contribuintes estabelecidos no Rio Grande do Sul.<\/p>\n","protected":false},"author":5,"featured_media":0,"comment_status":"closed","ping_status":"closed","sticky":false,"template":"","format":"standard","meta":{"_acf_changed":false,"footnotes":""},"categories":[3,31],"tags":[35],"class_list":["post-20323","post","type-post","status-publish","format-standard","hentry","category-legislacao","category-leis-ordinarias","tag-icms"],"acf":[],"_links":{"self":[{"href":"https:\/\/sefaz.ac.gov.br\/2021\/index.php?rest_route=\/wp\/v2\/posts\/20323","targetHints":{"allow":["GET"]}}],"collection":[{"href":"https:\/\/sefaz.ac.gov.br\/2021\/index.php?rest_route=\/wp\/v2\/posts"}],"about":[{"href":"https:\/\/sefaz.ac.gov.br\/2021\/index.php?rest_route=\/wp\/v2\/types\/post"}],"author":[{"embeddable":true,"href":"https:\/\/sefaz.ac.gov.br\/2021\/index.php?rest_route=\/wp\/v2\/users\/5"}],"replies":[{"embeddable":true,"href":"https:\/\/sefaz.ac.gov.br\/2021\/index.php?rest_route=%2Fwp%2Fv2%2Fcomments&post=20323"}],"version-history":[{"count":2,"href":"https:\/\/sefaz.ac.gov.br\/2021\/index.php?rest_route=\/wp\/v2\/posts\/20323\/revisions"}],"predecessor-version":[{"id":20327,"href":"https:\/\/sefaz.ac.gov.br\/2021\/index.php?rest_route=\/wp\/v2\/posts\/20323\/revisions\/20327"}],"wp:attachment":[{"href":"https:\/\/sefaz.ac.gov.br\/2021\/index.php?rest_route=%2Fwp%2Fv2%2Fmedia&parent=20323"}],"wp:term":[{"taxonomy":"category","embeddable":true,"href":"https:\/\/sefaz.ac.gov.br\/2021\/index.php?rest_route=%2Fwp%2Fv2%2Fcategories&post=20323"},{"taxonomy":"post_tag","embeddable":true,"href":"https:\/\/sefaz.ac.gov.br\/2021\/index.php?rest_route=%2Fwp%2Fv2%2Ftags&post=20323"}],"curies":[{"name":"wp","href":"https:\/\/api.w.org\/{rel}","templated":true}]}}