{"id":20296,"date":"2024-07-01T14:58:42","date_gmt":"2024-07-01T17:58:42","guid":{"rendered":"https:\/\/sefaz.ac.gov.br\/2021\/?p=20296"},"modified":"2024-08-02T15:00:55","modified_gmt":"2024-08-02T18:00:55","slug":"decreto-no-11-509-de-1o-de-julho-de-2024","status":"publish","type":"post","link":"https:\/\/sefaz.ac.gov.br\/2021\/?p=20296","title":{"rendered":"DECRETO N\u00ba 11.509, DE 1\u00ba DE JULHO DE 2024"},"content":{"rendered":"\n<p class=\"wp-block-paragraph\"><strong>O GOVERNADOR DO ESTADO DO ACRE<\/strong>, no uso da atribui\u00e7\u00e3o que lhe confere o art. 78, inciso IV, da Constitui\u00e7\u00e3o do Estado do Acre, e tendo em vista o disposto no art. 4\u00ba da Lei n\u00ba 4.357, de 6 de junho de 2024,<\/p>\n\n\n\n<p class=\"wp-block-paragraph\"><strong>DECRETA:<\/strong><\/p>\n\n\n\n<p class=\"wp-block-paragraph\">Art. 1\u00ba Ficam delimitados os d\u00e9bitos fiscais compreendidos na prorroga\u00e7\u00e3o dos prazos estabelecida por meio da Lei n\u00ba 4.357, de 6 de junho de 2024, para pagamento do Imposto sobre Opera\u00e7\u00f5es Relativas \u00e0 Circula\u00e7\u00e3o de Mercadorias e sobre Presta\u00e7\u00f5es de Servi\u00e7os de Transporte Interestadual e Intermunicipal e de Comunica\u00e7\u00e3o &#8211; ICMS devido por pessoas f\u00edsicas e jur\u00eddicas afetadas por inunda\u00e7\u00f5es no Estado do Acre, nos termos deste Decreto.<\/p>\n\n\n\n<p class=\"wp-block-paragraph\">Art. 2\u00ba S\u00e3o contemplados na prorroga\u00e7\u00e3o de que trata a Lei n\u00ba 4.357, de 2024, os d\u00e9bitos:<\/p>\n\n\n\n<p class=\"wp-block-paragraph\">I &#8211; de antecipa\u00e7\u00e3o do ICMS com encerramento da tributa\u00e7\u00e3o;<\/p>\n\n\n\n<p class=\"wp-block-paragraph\">II &#8211; de antecipa\u00e7\u00e3o do ICMS sem encerramento da tributa\u00e7\u00e3o;<\/p>\n\n\n\n<p class=\"wp-block-paragraph\">III &#8211; de diferencial de al\u00edquotas e de antecipa\u00e7\u00e3o do diferencial de al\u00edquotas;<\/p>\n\n\n\n<p class=\"wp-block-paragraph\">IV &#8211; de parcelamentos;<\/p>\n\n\n\n<p class=\"wp-block-paragraph\">V &#8211; de apura\u00e7\u00e3o do ICMS pr\u00f3prio.<\/p>\n\n\n\n<p class=\"wp-block-paragraph\">Art. 3\u00ba A prorroga\u00e7\u00e3o de que trata a Lei n\u00ba 4.357, de 2024, n\u00e3o abrange:<\/p>\n\n\n\n<p class=\"wp-block-paragraph\">I &#8211; cr\u00e9ditos tribut\u00e1rios decorrentes de lan\u00e7amento em que seja exigido concomitantemente Imposto e multa punitiva por descumprimento da legisla\u00e7\u00e3o tribut\u00e1ria;<\/p>\n\n\n\n<p class=\"wp-block-paragraph\">II &#8211; hip\u00f3teses em que o Regulamento do ICMS preveja o pagamento do Imposto no momento da apresenta\u00e7\u00e3o da documenta\u00e7\u00e3o \u00e0 reparti\u00e7\u00e3o fiscal para desembara\u00e7o;<\/p>\n\n\n\n<p class=\"wp-block-paragraph\">III &#8211; cr\u00e9ditos tribut\u00e1rios decorrentes de opera\u00e7\u00f5es e presta\u00e7\u00f5es que destinem bens e servi\u00e7os a consumidor final n\u00e3o contribuinte do ICMS localizado neste Estado;<\/p>\n\n\n\n<p class=\"wp-block-paragraph\">IV &#8211; ICMS de substitui\u00e7\u00e3o tribut\u00e1ria retido pelo substituto tribut\u00e1rio ou que a legisla\u00e7\u00e3o imponha ao substituto o dever de reten\u00e7\u00e3o;<\/p>\n\n\n\n<p class=\"wp-block-paragraph\">V &#8211; d\u00e9bitos de estabelecimentos n\u00e3o atingidos diretamente por inunda\u00e7\u00f5es;<\/p>\n\n\n\n<p class=\"wp-block-paragraph\">VI &#8211; cr\u00e9ditos tribut\u00e1rios inscritos em d\u00edvida ativa, parcelados ou n\u00e3o.<\/p>\n\n\n\n<p class=\"wp-block-paragraph\">Art. 4\u00b0 Este Decreto entra em vigor na data de sua publica\u00e7\u00e3o.<\/p>\n\n\n\n<p class=\"wp-block-paragraph\">Rio Branco &#8211; Acre, 1\u00ba de julho de 2024, 136\u00ba da Rep\u00fablica, 122\u00ba do Tratado de Petr\u00f3polis e 63\u00ba do Estado do Acre.<\/p>\n","protected":false},"excerpt":{"rendered":"<p>Disp\u00f5e sobre a delimita\u00e7\u00e3o dos d\u00e9bitos fiscais compreendidos na prorroga\u00e7\u00e3o dos prazos para pagamento do Imposto sobre Opera\u00e7\u00f5es Relativas \u00e0 Circula\u00e7\u00e3o de Mercadorias e sobre Presta\u00e7\u00f5es de Servi\u00e7os de Transporte Interestadual e Intermunicipal e de Comunica\u00e7\u00e3o &#8211; ICMS devido por pessoas f\u00edsicas e jur\u00eddicas afetadas por inunda\u00e7\u00f5es no Estado do Acre no exerc\u00edcio de 2024.<\/p>\n","protected":false},"author":5,"featured_media":0,"comment_status":"closed","ping_status":"closed","sticky":false,"template":"","format":"standard","meta":{"_acf_changed":false,"footnotes":""},"categories":[32,3],"tags":[35],"class_list":["post-20296","post","type-post","status-publish","format-standard","hentry","category-decretos","category-legislacao","tag-icms"],"acf":[],"_links":{"self":[{"href":"https:\/\/sefaz.ac.gov.br\/2021\/index.php?rest_route=\/wp\/v2\/posts\/20296","targetHints":{"allow":["GET"]}}],"collection":[{"href":"https:\/\/sefaz.ac.gov.br\/2021\/index.php?rest_route=\/wp\/v2\/posts"}],"about":[{"href":"https:\/\/sefaz.ac.gov.br\/2021\/index.php?rest_route=\/wp\/v2\/types\/post"}],"author":[{"embeddable":true,"href":"https:\/\/sefaz.ac.gov.br\/2021\/index.php?rest_route=\/wp\/v2\/users\/5"}],"replies":[{"embeddable":true,"href":"https:\/\/sefaz.ac.gov.br\/2021\/index.php?rest_route=%2Fwp%2Fv2%2Fcomments&post=20296"}],"version-history":[{"count":2,"href":"https:\/\/sefaz.ac.gov.br\/2021\/index.php?rest_route=\/wp\/v2\/posts\/20296\/revisions"}],"predecessor-version":[{"id":20300,"href":"https:\/\/sefaz.ac.gov.br\/2021\/index.php?rest_route=\/wp\/v2\/posts\/20296\/revisions\/20300"}],"wp:attachment":[{"href":"https:\/\/sefaz.ac.gov.br\/2021\/index.php?rest_route=%2Fwp%2Fv2%2Fmedia&parent=20296"}],"wp:term":[{"taxonomy":"category","embeddable":true,"href":"https:\/\/sefaz.ac.gov.br\/2021\/index.php?rest_route=%2Fwp%2Fv2%2Fcategories&post=20296"},{"taxonomy":"post_tag","embeddable":true,"href":"https:\/\/sefaz.ac.gov.br\/2021\/index.php?rest_route=%2Fwp%2Fv2%2Ftags&post=20296"}],"curies":[{"name":"wp","href":"https:\/\/api.w.org\/{rel}","templated":true}]}}