{"id":20201,"date":"2024-06-18T10:47:37","date_gmt":"2024-06-18T13:47:37","guid":{"rendered":"https:\/\/sefaz.ac.gov.br\/2021\/?p=20201"},"modified":"2024-08-08T11:45:30","modified_gmt":"2024-08-08T14:45:30","slug":"portaria-sefaz-no-322-de-18-de-junho-de-2024","status":"publish","type":"post","link":"https:\/\/sefaz.ac.gov.br\/2021\/?p=20201","title":{"rendered":"PORTARIA SEFAZ N\u00ba 322, DE 18 DE JUNHO DE 2024"},"content":{"rendered":"\n<p class=\"wp-block-paragraph\"><strong>O SECRET\u00c1RIO DE ESTADO DA FAZENDA, <\/strong>no uso de suas atribui\u00e7\u00f5es constitucionais e legais que lhe confere o Decreto n\u00ba 4.059-P, de 05 de junho de 2023, publicado no Di\u00e1rio Oficial n\u00ba 13.550, de 07 de junho de 2023;<\/p>\n\n\n\n<p class=\"wp-block-paragraph\">Considerando o disposto no inciso XI do art. 4\u00ba do Regimento Interno da Secretaria de Estado da Fazenda, aprovado pela Portaria SEFAZ n\u00ba 513, de 20 de junho de 2023;<\/p>\n\n\n\n<p class=\"wp-block-paragraph\">Considerando a necessidade de estabelecer a Estrutura Organizacional e o Regimento Interno da SEFAZ com todas as suas unidades administrativas, com a finalidade de lotar os servidores fazend\u00e1rios nas respectivas unidades de sua atua\u00e7\u00e3o;<\/p>\n\n\n\n<p class=\"wp-block-paragraph\">Considerando a necessidade de defini\u00e7\u00e3o das nomenclaturas das unidades administrativas com suas respectivas vincula\u00e7\u00f5es bem como da consolida\u00e7\u00e3o do organograma da SEFAZ;<\/p>\n\n\n\n<p class=\"wp-block-paragraph\">Considerando a necessidade de defini\u00e7\u00e3o das compet\u00eancias das unidades administrativas que comp\u00f5em a Estrutura Organizacional da SEFAZ na forma de seu Regimento Interno;<\/p>\n\n\n\n<p class=\"wp-block-paragraph\">Considerando o disposto na Lei n\u00ba 4.294, de 27 de dezembro de 2023, que disp\u00f5e sobre a Lei Org\u00e2nica da Administra\u00e7\u00e3o Tribut\u00e1ria do Estado do Acre; e<\/p>\n\n\n\n<p class=\"wp-block-paragraph\">Considerando a COMUNICA\u00c7\u00c3O INTERNA N\u00ba 35\/2024\/SEFAZ &#8211; DEGOVE (SEI<\/p>\n\n\n\n<p class=\"wp-block-paragraph\">0011335344) exarada pelo Departamento de Governan\u00e7a Estrat\u00e9gica &#8211; DEGOVE; e<\/p>\n\n\n\n<p class=\"wp-block-paragraph\">Considerando&nbsp;&nbsp;&nbsp;&nbsp;&nbsp;&nbsp; o&nbsp;&nbsp;&nbsp;&nbsp;&nbsp;&nbsp; constante&nbsp;&nbsp;&nbsp;&nbsp;&nbsp;&nbsp; dos&nbsp;&nbsp;&nbsp;&nbsp;&nbsp;&nbsp; autos&nbsp;&nbsp;&nbsp;&nbsp;&nbsp;&nbsp; do&nbsp;&nbsp;&nbsp;&nbsp;&nbsp;&nbsp; processo&nbsp;&nbsp;&nbsp;&nbsp;&nbsp;&nbsp; n\u00ba 0715.012496.00025\/2024-04;<\/p>\n\n\n\n<p class=\"wp-block-paragraph\"><strong>RESOLVE:<\/strong><\/p>\n\n\n\n<p class=\"wp-block-paragraph\">Art. 1\u00ba O Anexo I da Portaria n\u00ba 513, de 20 de junho de 2023, passa a vigorar com as seguintes altera\u00e7\u00f5es:<\/p>\n\n\n\n<blockquote class=\"wp-block-quote is-layout-flow wp-block-quote-is-layout-flow\">\n<p class=\"has-text-align-center wp-block-paragraph\">\u201c<strong>ANEXO I<\/strong><\/p>\n\n\n\n<p class=\"has-text-align-center wp-block-paragraph\">&#8230;<\/p>\n\n\n\n<p class=\"wp-block-paragraph\">Art. 2\u00ba &#8230;<\/p>\n\n\n\n<p class=\"wp-block-paragraph\">I &#8211; &#8230;<\/p>\n\n\n\n<p class=\"wp-block-paragraph\">&#8230;<br><\/p>\n\n\n\n<p class=\"wp-block-paragraph\">m &#8211; Conselho Superior da Administra\u00e7\u00e3o Tribut\u00e1ria &#8211; CONSAT; (AC)<\/p>\n\n\n\n<p class=\"wp-block-paragraph\">&#8230;<\/p>\n\n\n\n<p class=\"has-text-align-center wp-block-paragraph\">CAP\u00cdTULO III<\/p>\n\n\n\n<p class=\"has-text-align-center wp-block-paragraph\">&#8230;<\/p>\n\n\n\n<p class=\"has-text-align-center wp-block-paragraph\"><strong>Se\u00e7\u00e3o XIII<\/strong><\/p>\n\n\n\n<p class=\"has-text-align-center wp-block-paragraph\"><strong>Do Conselho Superior da Administra\u00e7\u00e3o Tribut\u00e1ria &#8211; CONSAT<\/strong><\/p>\n\n\n\n<p class=\"wp-block-paragraph\">Art. 36-L. Ao Conselho Superior da Administra\u00e7\u00e3o Tribut\u00e1ria \u2013 CONSAT, unidade subordinada diretamente ao Gabinete do Secret\u00e1rio &#8211; GABIN, compete:<\/p>\n\n\n\n<ol style=\"list-style-type:upper-roman\" class=\"wp-block-list\">\n<li>elaborar e aprovar o Regimento Interno da Administra\u00e7\u00e3o Tribut\u00e1ria do Estado do Acre;<\/li>\n\n\n\n<li>elaborar e aprovar o seu Regimento Interno;<\/li>\n\n\n\n<li>elaborar e aprovar o Regimento Interno da Corregedoria da Administra\u00e7\u00e3o Tribut\u00e1ria do Estado do Acre;<\/li>\n\n\n\n<li>elaborar e aprovar o Regimento Interno da Escola Fazend\u00e1ria da Administra\u00e7\u00e3o Fazend\u00e1ria;<\/li>\n\n\n\n<li>propor ao Secret\u00e1rio de Estado da Fazenda a realiza\u00e7\u00e3o de concursos para provimento dos cargos efetivos da Administra\u00e7\u00e3o Tribut\u00e1ria do Estado do Acre, seus crit\u00e9rios de avalia\u00e7\u00e3o e a quantidade de vagas oferecidas;<\/li>\n\n\n\n<li>deliberar sobre o regulamento de concurso de remo\u00e7\u00e3o dos servidores efetivos que integram a Administra\u00e7\u00e3o Tribut\u00e1ria do Estado do Acre;<\/li>\n\n\n\n<li>apreciar as remo\u00e7\u00f5es de of\u00edcio dos servidores efetivos est\u00e1veis que integram a Administra\u00e7\u00e3o Tribut\u00e1ria do Estado do Acre;<\/li>\n\n\n\n<li>solicitar informa\u00e7\u00f5es diretamente aos \u00f3rg\u00e3os que integram a Administra\u00e7\u00e3o P\u00fablica de qualquer esfera, para subsidiar os trabalhos do Conselho;<\/li>\n\n\n\n<li>receber reclama\u00e7\u00f5es dos servidores em casos de viola\u00e7\u00e3o das garantias, prerrogativas e direitos dos cargos, determinando seu regular processamento pelos \u00f3rg\u00e3os competentes;<\/li>\n\n\n\n<li>deliberar, ap\u00f3s ouvida a Corregedoria, sobre as sindic\u00e2ncias e processos administrativos disciplinares, nas hip\u00f3teses de aplica\u00e7\u00e3o de penalidade de advert\u00eancia ou suspens\u00e3o em desfavor de integrante da Administra\u00e7\u00e3o Tribut\u00e1ria do Estado do Acre, encaminhando ao Secret\u00e1rio de Estado da Fazenda para a aplica\u00e7\u00e3o de penalidade, se for o caso;<\/li>\n\n\n\n<li>manifestar-se, ap\u00f3s ouvida a Corregedoria, nos processos administrativos disciplinares, nas hip\u00f3teses de aplica\u00e7\u00e3o de penalidade demiss\u00e3o, cassa\u00e7\u00e3o de aposentadoria ou de disponibilidade em desfavor de integrante da Administra\u00e7\u00e3o Tribut\u00e1ria do Estado do Acre, propondo ao Secret\u00e1rio de Estado da Fazenda a penalidade a ser aplicada ou seu encaminhamento ao Governador do Estado, se for o caso;<\/li>\n\n\n\n<li>deliberar sobre o afastamento preventivo de integrantes da Administra\u00e7\u00e3o Tribut\u00e1ria, quando seu afastamento for necess\u00e1rio para averigua\u00e7\u00e3o de falta funcional a ele atribu\u00edda;<\/li>\n\n\n\n<li>julgar, em grau de recurso, o indeferimento de alega\u00e7\u00e3o de suspei\u00e7\u00e3o;<\/li>\n\n\n\n<li>elaborar e aprovar o C\u00f3digo de \u00c9tica dos servidores da Administra\u00e7\u00e3o Tribut\u00e1ria do Estado do Acre;<\/li>\n\n\n\n<li>exercer outras atribui\u00e7\u00f5es previstas em lei. (AC)<\/li>\n<\/ol>\n<\/blockquote>\n\n\n\n<p class=\"wp-block-paragraph\"> Art. 2\u00ba Esta Portaria entra em vigor na data de sua publica\u00e7\u00e3o.<\/p>\n\n\n\n<p class=\"wp-block-paragraph\">Rio Branco &#8211; Acre, 18 de junho de 2024.<\/p>\n","protected":false},"excerpt":{"rendered":"<p>Altera a Portaria n\u00ba 513, de 20 de junho de 2023, que estabelece a Estrutura Organizacional e aprova o Regimento Interno da Secretaria de Estado da Fazenda &#8211; SEFAZ.<\/p>\n","protected":false},"author":5,"featured_media":0,"comment_status":"closed","ping_status":"closed","sticky":false,"template":"","format":"standard","meta":{"_acf_changed":false,"footnotes":""},"categories":[3,33],"tags":[121,73],"class_list":["post-20201","post","type-post","status-publish","format-standard","hentry","category-legislacao","category-portarias","tag-csat","tag-legislacao-institucional-e-funcional"],"acf":[],"_links":{"self":[{"href":"https:\/\/sefaz.ac.gov.br\/2021\/index.php?rest_route=\/wp\/v2\/posts\/20201","targetHints":{"allow":["GET"]}}],"collection":[{"href":"https:\/\/sefaz.ac.gov.br\/2021\/index.php?rest_route=\/wp\/v2\/posts"}],"about":[{"href":"https:\/\/sefaz.ac.gov.br\/2021\/index.php?rest_route=\/wp\/v2\/types\/post"}],"author":[{"embeddable":true,"href":"https:\/\/sefaz.ac.gov.br\/2021\/index.php?rest_route=\/wp\/v2\/users\/5"}],"replies":[{"embeddable":true,"href":"https:\/\/sefaz.ac.gov.br\/2021\/index.php?rest_route=%2Fwp%2Fv2%2Fcomments&post=20201"}],"version-history":[{"count":9,"href":"https:\/\/sefaz.ac.gov.br\/2021\/index.php?rest_route=\/wp\/v2\/posts\/20201\/revisions"}],"predecessor-version":[{"id":20435,"href":"https:\/\/sefaz.ac.gov.br\/2021\/index.php?rest_route=\/wp\/v2\/posts\/20201\/revisions\/20435"}],"wp:attachment":[{"href":"https:\/\/sefaz.ac.gov.br\/2021\/index.php?rest_route=%2Fwp%2Fv2%2Fmedia&parent=20201"}],"wp:term":[{"taxonomy":"category","embeddable":true,"href":"https:\/\/sefaz.ac.gov.br\/2021\/index.php?rest_route=%2Fwp%2Fv2%2Fcategories&post=20201"},{"taxonomy":"post_tag","embeddable":true,"href":"https:\/\/sefaz.ac.gov.br\/2021\/index.php?rest_route=%2Fwp%2Fv2%2Ftags&post=20201"}],"curies":[{"name":"wp","href":"https:\/\/api.w.org\/{rel}","templated":true}]}}