{"id":20013,"date":"2024-05-15T12:42:14","date_gmt":"2024-05-15T15:42:14","guid":{"rendered":"https:\/\/sefaz.ac.gov.br\/2021\/?p=20013"},"modified":"2024-06-10T13:51:06","modified_gmt":"2024-06-10T16:51:06","slug":"portaria-sefaz-no-247-de-15-de-maio-de-2024","status":"publish","type":"post","link":"https:\/\/sefaz.ac.gov.br\/2021\/?p=20013","title":{"rendered":"PORTARIA SEFAZ N\u00ba 247, DE 15 DE MAIO DE 2024"},"content":{"rendered":"\n<p class=\"wp-block-paragraph\"><strong>O SECRET\u00c1RIO DE ESTADO DA FAZENDA<\/strong>, no uso de suas atribui\u00e7\u00f5es constitucionais e legais que lhe confere o Decreto n\u00ba 4.059-P, de 05 de junho de 2023, publicado no Di\u00e1rio Oficial n\u00ba 13.550, de 07 de junho de 2023;<\/p>\n\n\n\n<p class=\"wp-block-paragraph\">Considerando o disposto no inciso XI do art. 4\u00ba do Regimento Interno da Secretaria de Estado da Fazenda, aprovado pela Portaria SEFAZ n\u00ba 513, de 20 de junho de 2023;<\/p>\n\n\n\n<p class=\"wp-block-paragraph\">Considerando a necessidade de estabelecer a Estrutura Organizacional e o Regimento Interno da SEFAZ com todas as suas unidades administrativas, com a finalidade de lotar os servidores fazend\u00e1rios nas respectivas unidades de sua atua\u00e7\u00e3o;<\/p>\n\n\n\n<p class=\"wp-block-paragraph\">Considerando a necessidade de defini\u00e7\u00e3o das nomenclaturas das unidades administrativas com suas respectivas vincula\u00e7\u00f5es bem como da consolida\u00e7\u00e3o do organograma da SEFAZ;<\/p>\n\n\n\n<p class=\"wp-block-paragraph\">Considerando a necessidade de defini\u00e7\u00e3o das compet\u00eancias das unidades<br>administrativas que comp\u00f5em a Estrutura Organizacional da SEFAZ na forma de seu Regimento Interno; e<\/p>\n\n\n\n<p class=\"wp-block-paragraph\">Considerando o constante dos autos do processo SEI n\u00ba 0715.004312.00054\/2024-31;<\/p>\n\n\n\n<p class=\"wp-block-paragraph\"><strong>RESOLVE:<\/strong><\/p>\n\n\n\n<p class=\"wp-block-paragraph\">Art. 1\u00ba O Anexo I da Portaria n\u00ba 513, de 20 de junho de 2023, passa a vigorar com as seguintes altera\u00e7\u00f5es:<\/p>\n\n\n\n<blockquote class=\"wp-block-quote is-layout-flow wp-block-quote-is-layout-flow\">\n<p class=\"wp-block-paragraph\">\u201cANEXO I<\/p>\n\n\n\n<p class=\"wp-block-paragraph\">\u2026<\/p>\n\n\n\n<p class=\"wp-block-paragraph\">Art. 2\u00ba \u2026<\/p>\n\n\n\n<p class=\"wp-block-paragraph\">I &#8211; \u2026<\/p>\n\n\n\n<p class=\"wp-block-paragraph\">\u2026<\/p>\n\n\n\n<p class=\"wp-block-paragraph\">j &#8211; Escola Fazend\u00e1ria do Estado do Acre &#8211; EFAZ:<\/p>\n\n\n\n<p class=\"wp-block-paragraph\">1. Divis\u00e3o de Gest\u00e3o da Escola Fazend\u00e1ria &#8211; DIGEF:<\/p>\n\n\n\n<p class=\"wp-block-paragraph\">1.1 N\u00facleo Especializado Setorial Administrativo &#8211; NESA;<\/p>\n\n\n\n<p class=\"wp-block-paragraph\">1.2 N\u00facleo Especializado Setorial de Educa\u00e7\u00e3o Fiscal e Cidadania &#8211; NESEF;<\/p>\n\n\n\n<p class=\"wp-block-paragraph\">1.3 N\u00facleo Especializado Setorial de Ensino e Pesquisa &#8211; NESEP;<\/p>\n\n\n\n<p class=\"wp-block-paragraph\">1.4 N\u00facleo Especializado Setorial de Comunica\u00e7\u00e3o &#8211; NESC;<\/p>\n\n\n\n<p class=\"wp-block-paragraph\">k &#8211; Departamento de Governan\u00e7a Estrat\u00e9gica &#8211; DEGOVE:<\/p>\n\n\n\n<p class=\"wp-block-paragraph\">1. Divis\u00e3o de Gest\u00e3o do Conhecimento e Estudos &#8211; DIGECOE;<\/p>\n\n\n\n<p class=\"wp-block-paragraph\">2. Divis\u00e3o de Previs\u00e3o e An\u00e1lise de Gastos Tribut\u00e1rios &#8211; DIPAG;<\/p>\n\n\n\n<p class=\"wp-block-paragraph\">I &#8211; Divis\u00e3o de Rela\u00e7\u00f5es Federativas Fiscais &#8211; DIRFFI (Comiss\u00e3o<br>T\u00e9cnica Permanente do ICMS &#8211; COTEPE\/ICMS); (NR)<\/p>\n\n\n\n<p class=\"wp-block-paragraph\">II &#8211; \u2026<\/p>\n\n\n\n<p class=\"wp-block-paragraph\">\u2026<\/p>\n\n\n\n<p class=\"wp-block-paragraph\">d) \u2026<\/p>\n\n\n\n<p class=\"wp-block-paragraph\">\u2026<\/p>\n\n\n\n<p class=\"wp-block-paragraph\">7. Departamento de ITCMD\/IPVA\/TAXAS &#8211; DETIT; (NR)<\/p>\n\n\n\n<p class=\"wp-block-paragraph\">7.1 Divis\u00e3o de ITCMD; (NR)<\/p>\n\n\n\n<p class=\"wp-block-paragraph\">7.2 Divis\u00e3o de IPVA; (NR)<\/p>\n\n\n\n<p class=\"wp-block-paragraph\">7.3 Divis\u00e3o de Taxas; (NR)<br>\u2026<\/p>\n\n\n\n<p class=\"wp-block-paragraph\">8. \u2026<\/p>\n\n\n\n<p class=\"wp-block-paragraph\">8.3 Divis\u00e3o de Documentos Fiscais Eletr\u00f4nicos &#8211; DIDOFE; (NR)<\/p>\n\n\n\n<p class=\"wp-block-paragraph\">9. \u2026<\/p>\n\n\n\n<p class=\"wp-block-paragraph\">\u2026<\/p>\n\n\n\n<p class=\"wp-block-paragraph\">9.2 \u2026<\/p>\n\n\n\n<p class=\"wp-block-paragraph\">9.2.1 N\u00facleo de Diferencial de Al\u00edquotas para n\u00e3o Contribuinte NUDIFAL; (NR)<\/p>\n\n\n\n<p class=\"wp-block-paragraph\">9.2.2 N\u00facleo de Processo de Substitui\u00e7\u00e3o Tribut\u00e1ria &#8211; NUPST; (NR)<\/p>\n\n\n\n<p class=\"wp-block-paragraph\">\u2026<\/p>\n\n\n\n<p class=\"wp-block-paragraph\">9.9 Divis\u00e3o de Prospec\u00e7\u00e3o e Cruzamento de Dados \u2013 DIPROSCD; (NR)<\/p>\n\n\n\n<p class=\"wp-block-paragraph\">10. \u2026<\/p>\n\n\n\n<p class=\"wp-block-paragraph\">10.1 Divis\u00e3o de Contencioso &#8211; DIC; (NR)<\/p>\n\n\n\n<p class=\"wp-block-paragraph\">10.2 Divis\u00e3o de N\u00e3o Contencioso &#8211; DINC; (NR)<\/p>\n\n\n\n<p class=\"wp-block-paragraph\">11. \u2026<\/p>\n\n\n\n<p class=\"wp-block-paragraph\">11.1 Divis\u00e3o Setorial de Fiscaliza\u00e7\u00e3o Central de Atendimento \u00e0s Transportadoras &#8211; DISEFI -CAT; (NR)<\/p>\n\n\n\n<p class=\"wp-block-paragraph\">11.2 Divis\u00e3o Setorial de Fiscaliza\u00e7\u00e3o Volante &#8211; DISEFIVOL; (NR)<\/p>\n\n\n\n<p class=\"wp-block-paragraph\">11.3 N\u00facleo Setorial de Fiscaliza\u00e7\u00e3o &#8211; NUSEFI de Acrel\u00e2ndia(Tucandeira);<\/p>\n\n\n\n<p class=\"wp-block-paragraph\">11.4 N\u00facleo Setorial de Fiscaliza\u00e7\u00e3o &#8211; NUSEFI de Senador Guiomard;<\/p>\n\n\n\n<p class=\"wp-block-paragraph\">11.5 N\u00facleo Setorial de Fiscaliza\u00e7\u00e3o &#8211; NUSEFI de Senador Guiomard (Pica-Pau);<\/p>\n\n\n\n<p class=\"wp-block-paragraph\">11.6 N\u00facleo Setorial de Fiscaliza\u00e7\u00e3o &#8211; NUSEFI de Brasileia\/Epitaciol\u00e2ndia;<\/p>\n\n\n\n<p class=\"wp-block-paragraph\">11.7 N\u00facleo Setorial de Fiscaliza\u00e7\u00e3o &#8211; NUSEFI de Feij\u00f3\/Tarauac\u00e1;<\/p>\n\n\n\n<p class=\"wp-block-paragraph\">11.8 N\u00facleo Setorial de Fiscaliza\u00e7\u00e3o &#8211; NUSEFI Regional do Juru\u00e1;<\/p>\n\n\n\n<p class=\"wp-block-paragraph\">11.9 N\u00facleo Setorial de Fiscaliza\u00e7\u00e3o &#8211; NUSEFI de Sena Madureira\/Manoel Urbano; (NR)<\/p>\n\n\n\n<p class=\"wp-block-paragraph\">\u2026<\/p>\n\n\n\n<p class=\"wp-block-paragraph\">13. Departamento de Arrecada\u00e7\u00e3o e Cobran\u00e7a &#8211; DEAC; (NR)<\/p>\n\n\n\n<p class=\"wp-block-paragraph\">\u2026<\/p>\n\n\n\n<p class=\"wp-block-paragraph\">h) Divis\u00e3o de Legisla\u00e7\u00e3o Tribut\u00e1ria &#8211; DILET; (NR)<\/p>\n\n\n\n<p class=\"has-text-align-center wp-block-paragraph\">\u2026<\/p>\n\n\n\n<p class=\"has-text-align-center wp-block-paragraph\"><strong>CAP\u00cdTULO III<\/strong><\/p>\n\n\n\n<p class=\"has-text-align-center wp-block-paragraph\">\u2026<\/p>\n\n\n\n<p class=\"has-text-align-center wp-block-paragraph\"><strong>Se\u00e7\u00e3o X<\/strong><\/p>\n\n\n\n<p class=\"has-text-align-center wp-block-paragraph\"><strong>Da Escola Fazend\u00e1ria do Estado do Acre &#8211; EFAZ<\/strong><\/p>\n\n\n\n<p class=\"wp-block-paragraph\">Art. 36-A. \u00c0 Escola Fazend\u00e1ria do Estado do Acre &#8211; EFAZ, unidade subordinada diretamente ao Gabinete do Secret\u00e1rioGABIN, compete:<\/p>\n\n\n\n<p class=\"wp-block-paragraph\">I &#8211; propor e implementar programas educacionais e promover a\u00e7\u00f5es de treinamento e aprimoramento alinhados \u00e0s pol\u00edticas e necessidades da SEFAZ, que propiciem o desenvolvimento profissional cont\u00ednuo dos servidores fazend\u00e1rios e a melhoria do desempenho organizacional e da presta\u00e7\u00e3o dos servi\u00e7os p\u00fablicos;<\/p>\n\n\n\n<p class=\"wp-block-paragraph\">II &#8211; estimular e disseminar a produ\u00e7\u00e3o t\u00e9cnico-cient\u00edfica e boas pr\u00e1ticas em mat\u00e9rias inerentes \u00e0s compet\u00eancias da SEFAZ;<\/p>\n\n\n\n<p class=\"wp-block-paragraph\">III &#8211; identificar e articular parcerias com institui\u00e7\u00f5es nacionais e internacionais p\u00fablicas e privadas, em mat\u00e9rias pertinentes \u00e0 atividade-fim da EFAZ;<\/p>\n\n\n\n<p class=\"wp-block-paragraph\">IV &#8211; proporcionar um ambiente favor\u00e1vel ao aprendizado e \u00e0 busca por novos conhecimentos;<\/p>\n\n\n\n<p class=\"wp-block-paragraph\">V &#8211; estimular a capacidade reflexiva quanto aos desafios socioecon\u00f4micos enfrentados pela sociedade acreana em busca de solu\u00e7\u00f5es;<\/p>\n\n\n\n<p class=\"wp-block-paragraph\">VI &#8211; promover e estimular a educa\u00e7\u00e3o fiscal junto \u00e0 sociedade acreana;<\/p>\n\n\n\n<p class=\"wp-block-paragraph\">VII &#8211; instituir, manter e aprimorar os sistemas necess\u00e1rios para a adequada gest\u00e3o e registro das capacita\u00e7\u00f5es realizadas pelos servidores no \u00e2mbito da SEFAZ; e<\/p>\n\n\n\n<p class=\"wp-block-paragraph\">VIII &#8211; promover o registro das informa\u00e7\u00f5es de capacita\u00e7\u00f5es realizadas no \u00e2mbito da SEFAZ, nos cadastros funcionais eletr\u00f4nicos. (NR)<\/p>\n<\/blockquote>\n\n\n\n<blockquote class=\"wp-block-quote is-layout-flow wp-block-quote-is-layout-flow\">\n<p class=\"wp-block-paragraph\"><strong>Subse\u00e7\u00e3o I <\/strong><\/p>\n\n\n\n<p class=\"wp-block-paragraph\"><strong>Da Divis\u00e3o de Gest\u00e3o da Escola Fazend\u00e1ria &#8211; DIGEF<\/strong><\/p>\n\n\n\n<p class=\"wp-block-paragraph\">Art. 36-B. \u00c0 Divis\u00e3o de Gest\u00e3o da Escola Fazend\u00e1ria &#8211; DIGEF, unidade subordinada diretamente \u00e0 EFAZ, compete:<\/p>\n\n\n\n<p class=\"wp-block-paragraph\">I &#8211; gerenciar os n\u00facleos especializados setoriais de educa\u00e7\u00e3o fiscal e cidadania, de ensino e pesquisa, de comunica\u00e7\u00e3o e administrativo, orientando o planejamento, a promo\u00e7\u00e3o e a intensifica\u00e7\u00e3o dos programas de treinamento sistem\u00e1ticos, progressivos e ajustados \u00e0s necessidades da SEFAZ em suas diversas \u00e1reas;<\/p>\n\n\n\n<p class=\"wp-block-paragraph\">II &#8211; planejar, promover e intensificar programas de treinamento sistem\u00e1ticos, progressivos e ajustados \u00e0s necessidades da SEFAZ em suas diversas \u00e1reas;<\/p>\n\n\n\n<p class=\"wp-block-paragraph\">III &#8211; efetuar programa\u00e7\u00e3o anual de trabalho da unidade em conjunto com a DEGEP e SARE;<\/p>\n\n\n\n<p class=\"wp-block-paragraph\">IV &#8211; registrar e atualizar dados de atividades realizadas;<\/p>\n\n\n\n<p class=\"wp-block-paragraph\">V &#8211; orientar sua equipe para a\u00e7\u00f5es voltadas para a qualidade e produtividade na sua unidade;<\/p>\n\n\n\n<p class=\"wp-block-paragraph\">VI &#8211; propor, orientar e fiscalizar o cumprimento de normas e procedimentos dentro da sua \u00e1rea de atua\u00e7\u00e3o; e<\/p>\n\n\n\n<p class=\"wp-block-paragraph\">VII &#8211; coordenar o Levantamento das Necessidades de Treinamento &#8211; LNT, o Planejamento Anual de Capacita\u00e7\u00e3o e Treinamento \u2013 PACT e o Relat\u00f3rio Anual de Capacita\u00e7\u00e3o e Treinamento &#8211; RACT.<\/p>\n\n\n\n<p class=\"wp-block-paragraph\">Art. 36-C. Ao N\u00facleo Especializado Setorial Administrativo &#8211; NESA, unidade subordinada diretamente \u00e0 DIGEF, compete:<\/p>\n\n\n\n<p class=\"wp-block-paragraph\">I &#8211; assessorar a DIGEF no exame e solu\u00e7\u00e3o de assuntos administrativos, coordenando as atividades de apoio administrativo necess\u00e1rias ao funcionamento da EFAZ, incluindo a administra\u00e7\u00e3o de pessoal, material e patrim\u00f4nio;<\/p>\n\n\n\n<p class=\"wp-block-paragraph\">II &#8211; executar atividades de atendimento aos p\u00fablicos interno e externo, identificando as demandas e assessorando-os quanto ao funcionamento e uso dos servi\u00e7os da EFAZ;<\/p>\n\n\n\n<p class=\"wp-block-paragraph\">III &#8211; coordenar e manter atualizados os perfis de acesso \u00e0<br>plataforma digital de aprendizagem da EFAZ;<\/p>\n\n\n\n<p class=\"wp-block-paragraph\">IV &#8211; coordenar as atividades de gest\u00e3o dos documentos, protocolo, tr\u00e2nsito interno e externo, bem como controle, recep\u00e7\u00e3o, guarda e envio de correspond\u00eancias f\u00edsicas; e<\/p>\n\n\n\n<p class=\"wp-block-paragraph\">V &#8211; acompanhar e supervisionar os servi\u00e7os compartilhados &#8211; limpeza, recep\u00e7\u00e3o, telefonia, manuten\u00e7\u00e3o, TI, refrigera\u00e7\u00e3o, copa e outros \u2013 sistematizando tarefas e hor\u00e1rios, a fim de zelar pelas condi\u00e7\u00f5es e uso adequado das depend\u00eancias da EFAZ.<\/p>\n\n\n\n<p class=\"wp-block-paragraph\">Art. 36-D. Ao N\u00facleo Especializado Setorial de Educa\u00e7\u00e3o Fiscal e Cidadania &#8211; NESEF, unidade subordinada diretamente \u00e0 DIGEF, compete:<\/p>\n\n\n\n<p class=\"wp-block-paragraph\">I &#8211; elaborar e implementar pol\u00edticas de educa\u00e7\u00e3o fiscal em conson\u00e2ncia com as diretrizes, metas e objetivos do Programa Nacional de Educa\u00e7\u00e3o Fiscal \u2013 PNEF e do Programa Estadual de Educa\u00e7\u00e3o Fiscal e Cidadania \u2013 PEEF\/AC, desenvolvendo a\u00e7\u00f5es estabelecidas, em \u00e2mbito nacional e local, pelos Grupos de Trabalho de Educa\u00e7\u00e3o Fiscal;<\/p>\n\n\n\n<p class=\"wp-block-paragraph\">II &#8211; promover a gest\u00e3o conjunta do PEEF\/AC com todas as institui\u00e7\u00f5es gestoras, planejando, executando, monitorando e avaliando os projetos desenvolvidos no Estado, nos tr\u00eas n\u00edveis de governo, por organiza\u00e7\u00f5es p\u00fablicas ou entidades da sociedade civil; <\/p>\n\n\n\n<p class=\"wp-block-paragraph\">III &#8211; desenvolver, monitorar e avaliar as a\u00e7\u00f5es de educa\u00e7\u00e3o fiscal voltadas para a sensibiliza\u00e7\u00e3o e capacita\u00e7\u00e3o de profissionais da educa\u00e7\u00e3o, servidores p\u00fablicos, l\u00edderes comunit\u00e1rios, entidades de classe e demais segmentos da sociedade civil;<\/p>\n\n\n\n<p class=\"wp-block-paragraph\">IV &#8211; elaborar, publicar e divulgar material de car\u00e1ter informativo e educativo relacionados ao tema Educa\u00e7\u00e3o Fiscal e Cidadania;<\/p>\n\n\n\n<p class=\"wp-block-paragraph\">V &#8211; identificar e articular parcerias com entidades e institui\u00e7\u00f5es de ensino p\u00fablicas e particulares, e organismos de \u00e2mbito nacional e internacional, subsidiando tecnicamente e socializando experi\u00eancias com vistas a desenvolver e ampliar as a\u00e7\u00f5es do PEEF\/AC;<\/p>\n\n\n\n<p class=\"wp-block-paragraph\">VI &#8211; documentar e manter atualizada a mem\u00f3ria do PEEF\/AC;<\/p>\n\n\n\n<p class=\"wp-block-paragraph\">VII &#8211; sensibilizar os servidores da SEFAZ, quanto \u00e0 import\u00e2ncia dos Programas Nacional e Estadual de Educa\u00e7\u00e3o Fiscal;<\/p>\n\n\n\n<p class=\"wp-block-paragraph\">VIII &#8211; institucionalizar e coordenar conjuntamente com Secretaria de Estado de Educa\u00e7\u00e3o e Esporte o Grupo de Educa\u00e7\u00e3o Fiscal do Estado do Acre &#8211; GEFE-AC;<\/p>\n\n\n\n<p class=\"wp-block-paragraph\">IX &#8211; subsidiar tecnicamente, quando solicitado, o Grupo de Educa\u00e7\u00e3o Fiscal Federal &#8211; GEFF e o Grupo de Educa\u00e7\u00e3o Fiscal dos Munic\u00edpios &#8211; GEFM na elabora\u00e7\u00e3o de material did\u00e1tico;<\/p>\n\n\n\n<p class=\"wp-block-paragraph\">X &#8211; planejar, executar, acompanhar e avaliar as a\u00e7\u00f5es necess\u00e1rias para a implanta\u00e7\u00e3o do PNEF no Estado;<\/p>\n\n\n\n<p class=\"wp-block-paragraph\">XI &#8211; desenvolver projetos de integra\u00e7\u00e3o estadual com o PNEF;<\/p>\n\n\n\n<p class=\"wp-block-paragraph\">XII &#8211; estimular a implanta\u00e7\u00e3o do Programa de Educa\u00e7\u00e3o Fiscal no \u00e2mbito dos Munic\u00edpios, subsidiando tecnicamente e socializando experi\u00eancias bem sucedidas;<\/p>\n\n\n\n<p class=\"wp-block-paragraph\">XIII &#8211; estimular a inser\u00e7\u00e3o curricular de Educa\u00e7\u00e3o Fiscal na rede p\u00fablica de ensino;<\/p>\n\n\n\n<p class=\"wp-block-paragraph\">XIV &#8211; levar conhecimentos aos cidad\u00e3os sobre a fun\u00e7\u00e3o socioecon\u00f4mica dos tributos, administra\u00e7\u00e3o p\u00fablica, aloca\u00e7\u00e3o e controle dos gastos p\u00fablicos; <\/p>\n\n\n\n<p class=\"wp-block-paragraph\">XV &#8211; criar condi\u00e7\u00f5es para uma rela\u00e7\u00e3o harmoniosa entre o Estado e o cidad\u00e3o; e<\/p>\n\n\n\n<p class=\"wp-block-paragraph\">XVI &#8211; informar e desenvolver o conhecimento, junto \u00e0 sociedade, a respeito do pagamento espont\u00e2neo do tributo e seus benef\u00edcios para o Estado.<\/p>\n\n\n\n<p class=\"wp-block-paragraph\">Art. 36-F. Ao N\u00facleo Especializado Setorial de Ensino e Pesquisa &#8211; NESEP, unidade subordinada diretamente \u00e0 DIGEF, compete:<\/p>\n\n\n\n<p class=\"wp-block-paragraph\">I &#8211; promover a pesquisa, o estudo e a produ\u00e7\u00e3o de conhecimento inerente \u00e0s compet\u00eancias da SEFAZ, planejando, organizando, executando e controlando, diretamente ou em parceria com outros setores ou institui\u00e7\u00f5es, a\u00e7\u00f5es e eventos destinados \u00e0 capacita\u00e7\u00e3o e ao treinamento de servidores, visando o alcance das metas institucionais da SEFAZ;<\/p>\n\n\n\n<p class=\"wp-block-paragraph\">II &#8211; elaborar, executar, avaliar, apresentar e publicar o LNT, o PACT e o RACT;<\/p>\n\n\n\n<p class=\"wp-block-paragraph\">III &#8211; realizar a gest\u00e3o do Cadastro de Instrutores Internos &#8211; CADINT, considerando os crit\u00e9rios de sele\u00e7\u00e3o dos instrutores e fornecer apoio pedag\u00f3gico;<\/p>\n\n\n\n<p class=\"wp-block-paragraph\">IV &#8211; registrar dados e informa\u00e7\u00f5es referentes \u00e0s a\u00e7\u00f5es de capacita\u00e7\u00f5es, nos cadastros funcionais na DEGEP e Sistema de Gest\u00e3o de Pessoas, a fim de subsidiar a tomada de decis\u00f5es gerenciais e a elabora\u00e7\u00e3o do Relat\u00f3rio Anual de Capacita\u00e7\u00e3o e Treinamento &#8211; RACT;<\/p>\n\n\n\n<p class=\"wp-block-paragraph\">V &#8211; disponibilizar aos servidores capacitados e aos demais servidores da SEFAZ todo material did\u00e1tico utilizado nas a\u00e7\u00f5es de capacita\u00e7\u00e3o;<\/p>\n\n\n\n<p class=\"wp-block-paragraph\">VI &#8211; auxiliar a DEGEP com os programas de capacita\u00e7\u00e3o inicial, bem como o desenvolvimento profissional dos servidores; e<\/p>\n\n\n\n<p class=\"wp-block-paragraph\">VII &#8211; atender \u00e0s solicita\u00e7\u00f5es de informa\u00e7\u00f5es dos servidores no que tange \u00e0 capacita\u00e7\u00e3o.<\/p>\n\n\n\n<p class=\"wp-block-paragraph\">Art. 36-G. Ao N\u00facleo Especializado Setorial de Comunica\u00e7\u00e3o &#8211; NESC, unidade subordinada diretamente \u00e0 DIGEF, compete:<\/p>\n\n\n\n<p class=\"wp-block-paragraph\">I &#8211; promover a divulga\u00e7\u00e3o dos produtos, servi\u00e7os, eventos, programas de atividades educacionais, apoio t\u00e9cnico e pesquisa da EFAZ em parceria com outras unidades ou \u00f3rg\u00e3os;<\/p>\n\n\n\n<p class=\"wp-block-paragraph\">II &#8211; organizar administrativamente a divulga\u00e7\u00e3o das atividades desenvolvidas pela EFAZ para o p\u00fablico interno e externo;<\/p>\n\n\n\n<p class=\"wp-block-paragraph\">III &#8211; planejar, programar e executar, em parceria com outras unidades internas ou institui\u00e7\u00f5es afins, programas que favore\u00e7am a harmoniza\u00e7\u00e3o dos ambientes de trabalho e o crescimento pessoal e profissional dos servidores da SEFAZ;<\/p>\n\n\n\n<p class=\"wp-block-paragraph\">IV &#8211; padronizar e normatizar itens de comunica\u00e7\u00e3o interna e externa, zelando pela qualidade, clareza e assertividade do material produzido internamente, preservando a identidade institucional;<\/p>\n\n\n\n<p class=\"wp-block-paragraph\">V &#8211; conceber e executar o conjunto de a\u00e7\u00f5es e estrat\u00e9gias de comunica\u00e7\u00e3o institucional interna e externa;<\/p>\n\n\n\n<p class=\"wp-block-paragraph\">VI &#8211; coordenar o arquivamento de forma a possibilitar a r\u00e1pida recupera\u00e7\u00e3o de documentos e processos da EFAZ, assim como manter dispon\u00edvel e atualizada a legisla\u00e7\u00e3o;<\/p>\n\n\n\n<p class=\"wp-block-paragraph\">VII &#8211; fornecer suporte informacional e bibliogr\u00e1fico para estudos, relat\u00f3rios e pesquisas no \u00e2mbito da SEFAZ; e<\/p>\n\n\n\n<p class=\"wp-block-paragraph\">VIII &#8211; atuar para preservar, documentar e divulgar a mem\u00f3ria institucional da administra\u00e7\u00e3o fazend\u00e1ria, servindo como reposit\u00f3rio de material referente ao tema e produzindo publica\u00e7\u00f5es e eventos para a sociedade, buscando parcerias com institui\u00e7\u00f5es p\u00fablicas e privadas. (NR)<\/p>\n<\/blockquote>\n\n\n\n<blockquote class=\"wp-block-quote is-layout-flow wp-block-quote-is-layout-flow\">\n<p class=\"wp-block-paragraph\"><strong>Se\u00e7\u00e3o XI<\/strong><\/p>\n\n\n\n<p class=\"wp-block-paragraph\"><strong>Do Departamento de Governan\u00e7a Estrat\u00e9gica &#8211; DEGOVE<\/strong><\/p>\n\n\n\n<p class=\"wp-block-paragraph\">Art. 36-H. Ao Departamento de Governan\u00e7a Estrat\u00e9gica &#8211; DEGOVE, unidade subordinada diretamente ao Gabinete do Secret\u00e1rio &#8211; GABIN, compete:<\/p>\n\n\n\n<p class=\"wp-block-paragraph\">I &#8211; auxiliar na formula\u00e7\u00e3o, acompanhamento e supervis\u00e3o das diretrizes e pol\u00edticas constantes do planejamento estrat\u00e9gico da SEFAZ;<\/p>\n\n\n\n<p class=\"wp-block-paragraph\">II &#8211; assessorar a SEFAZ na elabora\u00e7\u00e3o de estudos t\u00e9cnicos relacionados \u00e0 administra\u00e7\u00e3o fazend\u00e1ria estadual;<\/p>\n\n\n\n<p class=\"wp-block-paragraph\">III &#8211; assessorar o Secret\u00e1rio de Estado da Fazenda em estudos e processos decis\u00f3rios que envolvam temas correlatos \u00e0 administra\u00e7\u00e3o fazend\u00e1ria estadual;<\/p>\n\n\n\n<p class=\"wp-block-paragraph\">IV &#8211; coordenar e subsidiar a elabora\u00e7\u00e3o das pol\u00edticas, estrat\u00e9gias e objetivos organizacionais que orientar\u00e3o a confec\u00e7\u00e3o dos planos de trabalho e projetos de moderniza\u00e7\u00e3o fazend\u00e1ria;<\/p>\n\n\n\n<p class=\"wp-block-paragraph\">V &#8211; auxiliar na avalia\u00e7\u00e3o do desempenho e dos resultados alcan\u00e7ados pela Administra\u00e7\u00e3o Tribut\u00e1ria Fazend\u00e1ria;<\/p>\n\n\n\n<p class=\"wp-block-paragraph\">VI &#8211; subsidiar na avalia\u00e7\u00e3o da efetividade das estrat\u00e9gias e pol\u00edticas em execu\u00e7\u00e3o, no \u00e2mbito da SEFAZ, orientando na adequa\u00e7\u00e3o destas, quando necess\u00e1rio;<\/p>\n\n\n\n<p class=\"wp-block-paragraph\">VII \u2013 auxiliar na orienta\u00e7\u00e3o de car\u00e1ter t\u00e9cnico visando garantir a integra\u00e7\u00e3o, coordena\u00e7\u00e3o e harmoniza\u00e7\u00e3o das iniciativas das diferentes unidades da SEFAZ;<\/p>\n\n\n\n<p class=\"wp-block-paragraph\">VIII &#8211; demandar a realiza\u00e7\u00e3o de cursos e treinamentos sobre temas de relev\u00e2ncia para a SEFAZ, relacionados \u00e0s compet\u00eancias do setor;<\/p>\n\n\n\n<p class=\"wp-block-paragraph\">IX coordenar as demandas internas e externas correlatas \u00e0s \u00e1reas de gest\u00e3o do conhecimento e estudos, bem como \u00e0quelas inerentes \u00e0 elabora\u00e7\u00e3o e revis\u00e3o da legisla\u00e7\u00e3o fazend\u00e1ria n\u00e3o tribut\u00e1ria;<\/p>\n\n\n\n<p class=\"wp-block-paragraph\">X &#8211; coordenar as altera\u00e7\u00f5es na estrutura organizacional e regimento interno da SEFAZ, e realizar a respectiva atualiza\u00e7\u00e3o no Sistema Eletr\u00f4nico de Informa\u00e7\u00f5es \u2013 SEI, quando necess\u00e1rio;<\/p>\n\n\n\n<p class=\"wp-block-paragraph\">XI &#8211; orientar e acompanhar a realiza\u00e7\u00e3o de estudos de impacto or\u00e7ament\u00e1rio- financeiro;<\/p>\n\n\n\n<p class=\"wp-block-paragraph\">XII &#8211; orientar e acompanhar a produ\u00e7\u00e3o das proje\u00e7\u00f5es para fins do anexo de metas da Lei de Diretrizes Or\u00e7ament\u00e1rias \u2013 LDO e da Lei Or\u00e7ament\u00e1ria Anual &#8211; LOA; e<\/p>\n\n\n\n<p class=\"wp-block-paragraph\">XIII &#8211; auxiliar na elabora\u00e7\u00e3o de relat\u00f3rio de estabelecimento da meta global de arrecada\u00e7\u00e3o e de pagamento do Pr\u00eamio Anual de Valoriza\u00e7\u00e3o da Atividade Fazend\u00e1ria &#8211; PAVAF. (NR)<\/p>\n<\/blockquote>\n\n\n\n<blockquote class=\"wp-block-quote is-layout-flow wp-block-quote-is-layout-flow\">\n<p class=\"wp-block-paragraph\"><strong>Subse\u00e7\u00e3o I<\/strong><\/p>\n\n\n\n<p class=\"wp-block-paragraph\"><strong>Da Divis\u00e3o de Gest\u00e3o do Conhecimento e Estudos &#8211; DIGECOE<\/strong><\/p>\n\n\n\n<p class=\"wp-block-paragraph\">Art. 36-I. \u00c0 Divis\u00e3o de Gest\u00e3o do Conhecimento e Estudos &#8211; DIGECOE, unidade subordinada diretamente ao DEGOVE, compete:<\/p>\n\n\n\n<p class=\"wp-block-paragraph\">I &#8211; realizar estudos e proje\u00e7\u00f5es, organizar dados estat\u00edsticos e gerenciar a produ\u00e7\u00e3o do conhecimento no \u00e2mbito da SEFAZ;<\/p>\n\n\n\n<p class=\"wp-block-paragraph\">II &#8211; atender as demandas internas e externas de car\u00e1ter estat\u00edstico e de dados tribut\u00e1rios no \u00e2mbito da SEFAZ;<\/p>\n\n\n\n<p class=\"wp-block-paragraph\">III &#8211; elaborar estudos de pautas fiscais referentes as opera\u00e7\u00f5es de sa\u00edda de produtos do Estado; (NR)<\/p>\n\n\n\n<p class=\"wp-block-paragraph\"><strong>Subse\u00e7\u00e3o II<\/strong><\/p>\n\n\n\n<p class=\"wp-block-paragraph\"><strong>Da Divis\u00e3o de Previs\u00e3o e An\u00e1lise de Gastos Tribut\u00e1rios -DIPAG<\/strong><\/p>\n\n\n\n<p class=\"wp-block-paragraph\">Art. 36-J. \u00c0 Divis\u00e3o de Previs\u00e3o e An\u00e1lise de Gastos Tribut\u00e1rios &#8211; DIPAG, unidade subordinada diretamente ao DEGOVE, compete:<\/p>\n\n\n\n<p class=\"wp-block-paragraph\">I &#8211; elaborar estudos t\u00e9cnicos de impacto econ\u00f4mico-financeiro no \u00e2mbito da administra\u00e7\u00e3o tribut\u00e1ria;<\/p>\n\n\n\n<p class=\"wp-block-paragraph\">II prestar assessoramento em demandas internas que envolvam estudos no \u00e2mbito da SEFAZ;<\/p>\n\n\n\n<p class=\"wp-block-paragraph\">III &#8211; prestar apoio \u00e0 DILET para subsidiar propostas de altera\u00e7\u00e3o na legisla\u00e7\u00e3o;<\/p>\n\n\n\n<p class=\"wp-block-paragraph\">IV &#8211; estimar a perda de arrecada\u00e7\u00e3o decorrente da concess\u00e3o de benef\u00edcios de natureza tribut\u00e1ria, dando maior transpar\u00eancia \u00e0s pol\u00edticas fiscais e aos tratamentos diferenciados existentes;<\/p>\n\n\n\n<p class=\"wp-block-paragraph\">V &#8211; subsidiar os formuladores de pol\u00edticas p\u00fablicas possibilitando melhor visualiza\u00e7\u00e3o da aloca\u00e7\u00e3o dos recursos p\u00fablicos e da distribui\u00e7\u00e3o da carga tribut\u00e1ria;<\/p>\n\n\n\n<p class=\"wp-block-paragraph\">VI &#8211; identificar e propor medidas de compensa\u00e7\u00e3o de ren\u00fancias de receitas;<\/p>\n\n\n\n<p class=\"wp-block-paragraph\">VII &#8211; descrever sobre a metodologia adotada e as fontes de informa\u00e7\u00f5es utilizadas para o c\u00e1lculo dos gastos tribut\u00e1rios e sobre as altera\u00e7\u00f5es legislativas propostas que ocasionem a inclus\u00e3o, exclus\u00e3o ou prorroga\u00e7\u00e3o de gastos; e<\/p>\n\n\n\n<p class=\"wp-block-paragraph\">VIII &#8211; calcular o impacto previsto das medidas de desonera\u00e7\u00e3o vigentes. (NR)<\/p>\n\n\n\n<p class=\"wp-block-paragraph\"><strong>Se\u00e7\u00e3o XII<\/strong><\/p>\n\n\n\n<p class=\"wp-block-paragraph\"><strong>Da Divis\u00e3o de Rela\u00e7\u00f5es Federativas Fiscais &#8211; DIRFFI<br>(Comiss\u00e3o T\u00e9cnica Permanente do ICMS &#8211; COTEPE\/ICMS)<\/strong><\/p>\n\n\n\n<p class=\"wp-block-paragraph\">Art. 36-K. \u00c0 Divis\u00e3o de Rela\u00e7\u00f5es Federativas Fiscais &#8211; DIRFFI (Comiss\u00e3o T\u00e9cnica Permanente do ICMS &#8211; COTEPE\/ICMS), unidade subordinada diretamente ao Gabinete do Secret\u00e1rio &#8211; GABIN, compete:<\/p>\n\n\n\n<p class=\"wp-block-paragraph\">I &#8211; coordenar a representa\u00e7\u00e3o da SEFAZ na Comiss\u00e3o T\u00e9cnica Permanente e assistir o Secret\u00e1rio de Estado da Fazenda nos trabalhos realizados no \u00e2mbito do CONFAZ;<\/p>\n\n\n\n<p class=\"wp-block-paragraph\">II &#8211; representar o Estado do Acre junto \u00e0 COTEPE\/ICMS e a outros \u00f3rg\u00e3os colegiados que congreguem as unidades federadas cujas atividades sejam voltadas para a administra\u00e7\u00e3o tribut\u00e1ria, bem como aos respectivos grupos e subgrupos de trabalhos e coordenar a participa\u00e7\u00e3o das demais unidades administrativas da SEFAZ nesses grupos e subgrupos;<\/p>\n\n\n\n<p class=\"wp-block-paragraph\">III &#8211; apoiar tecnicamente o Secret\u00e1rio de Estado da Fazenda nas reuni\u00f5es do CONFAZ e do Comit\u00ea Nacional dos Secret\u00e1rios de Fazenda dos Estados e do Distrito Federal &#8211; COMSEFAZ;<\/p>\n\n\n\n<p class=\"wp-block-paragraph\">IV &#8211; participar, coordenar ou promover a participa\u00e7\u00e3o, coordena\u00e7\u00e3o e articula\u00e7\u00e3o, por parte da SEFAZ, nos diversos colegiados e comiss\u00f5es que assessoram o COMSEFAZ e o CONFAZ e nos demais f\u00f3runs que congreguem as unidades da Federa\u00e7\u00e3o e tenham por objeto atividades de interesse da SEFAZ;<\/p>\n\n\n\n<p class=\"wp-block-paragraph\">V &#8211; acompanhar, analisar e verificar o impacto para o Estado do Acre, sob o aspecto tribut\u00e1rio e financeiro, de proposi\u00e7\u00f5es normativas em tramita\u00e7\u00e3o no Congresso Nacional;<\/p>\n\n\n\n<p class=\"wp-block-paragraph\">VI &#8211; manter permanente interc\u00e2mbio com outros \u00f3rg\u00e3os da administra\u00e7\u00e3o p\u00fablica, objetivando a colabora\u00e7\u00e3o m\u00fatua em mat\u00e9ria de natureza tribut\u00e1ria;<\/p>\n\n\n\n<p class=\"wp-block-paragraph\">VII &#8211; opinar sobre quest\u00f5es tribut\u00e1rias relacionadas com os tributos estaduais;<\/p>\n\n\n\n<p class=\"wp-block-paragraph\">VIII &#8211; assessorar o Secret\u00e1rio de Estado da Fazenda em assuntos e atividades relacionados \u00e0 administra\u00e7\u00e3o tribut\u00e1ria estadual;<\/p>\n\n\n\n<p class=\"wp-block-paragraph\">IX &#8211; orientar a SEFAZ na aplica\u00e7\u00e3o de medidas previstas em Conv\u00eanios, Protocolos, Ajustes SINIEF e demais delibera\u00e7\u00f5es que sejam tomadas no \u00e2mbito dos \u00f3rg\u00e3os colegiados do qual participe;<\/p>\n\n\n\n<p class=\"wp-block-paragraph\">X &#8211; promover estudos com vistas ao aperfei\u00e7oamento do Sistema Tribut\u00e1rio Nacional como mecanismo de desenvolvimento econ\u00f4mico e social, nos aspectos de interrela\u00e7\u00e3o da tributa\u00e7\u00e3o federal e estadual;<\/p>\n\n\n\n<p class=\"wp-block-paragraph\">XI &#8211; gerenciar o interc\u00e2mbio de informa\u00e7\u00f5es de natureza econ\u00f4mico- fiscal com as demais unidades federadas;<\/p>\n\n\n\n<p class=\"wp-block-paragraph\">XII &#8211; acompanhar o desenvolvimento da pol\u00edtica do ICMS junto aos Estados e Distrito Federal;<\/p>\n\n\n\n<p class=\"wp-block-paragraph\">XIII &#8211; apreciar as proposi\u00e7\u00f5es de Conv\u00eanios, Protocolos, Ajustes SINIEF e outros atos a serem submetidos ao CONFAZ e encaminhar e defender as propostas de interesse da SEFAZ; e<\/p>\n\n\n\n<p class=\"wp-block-paragraph\">XIV &#8211; executar outras atribui\u00e7\u00f5es relacionadas \u00e0 representa\u00e7\u00e3o do Estado do Acre no CONFAZ. (NR)<\/p>\n\n\n\n<p class=\"wp-block-paragraph\">\u2026<\/p>\n\n\n\n<p class=\"wp-block-paragraph\"><strong>Subse\u00e7\u00e3o IV<\/strong><\/p>\n\n\n\n<p class=\"wp-block-paragraph\"><strong>Do Departamento de Arrecada\u00e7\u00e3o e Cobran\u00e7a &#8211; DEAC (NR)<\/strong><\/p>\n\n\n\n<p class=\"wp-block-paragraph\">Art. 50. Ao Departamento de Arrecada\u00e7\u00e3o e Cobran\u00e7a &#8211; DEAC, unidade subordinada diretamente \u00e0 DIAT, compete: (NR)<\/p>\n\n\n\n<p class=\"wp-block-paragraph\">\u2026<\/p>\n\n\n\n<p class=\"wp-block-paragraph\"><strong>Subse\u00e7\u00e3o VII<\/strong><\/p>\n\n\n\n<p class=\"wp-block-paragraph\"><strong>Do Departamento de ITCMD\/IPVA\/TAXAS &#8211; DETIT<\/strong><\/p>\n\n\n\n<p class=\"wp-block-paragraph\">Art. 56. Ao Departamento de ITCMD\/IPVA\/TAXAS &#8211; DETIT, unidade subordinada diretamente \u00e0 DIAT, compete: (NR)<\/p>\n\n\n\n<p class=\"wp-block-paragraph\">\u2026<\/p>\n\n\n\n<p class=\"wp-block-paragraph\">XXVI &#8211; organizar e supervisionar os trabalhos na fase revis\u00e3o e de pr\u00e9-inscri\u00e7\u00e3o dos d\u00e9bitos fiscais na d\u00edvida ativa relativos ao IPVA, ITCMD e \u00e0s TAXAS;<\/p>\n\n\n\n<p class=\"wp-block-paragraph\">XXVII &#8211; dirigir e supervisionar o trabalho de cria\u00e7\u00e3o, desenvolvimento e aperfei\u00e7oamento do sistema eletr\u00f4nico do ITCMD;<\/p>\n\n\n\n<p class=\"wp-block-paragraph\">XXVIII &#8211; desenvolver estudos e planejar a unifica\u00e7\u00e3o entre os bancos de dados de registros de ve\u00edculos do GETRAN e SIAT;<\/p>\n\n\n\n<p class=\"wp-block-paragraph\">XXIX &#8211; prospectar e analisar informa\u00e7\u00f5es sobre as atividades e a arrecada\u00e7\u00e3o relacionadas a IPVA, ITCMD e Taxas para elabora\u00e7\u00e3o do planejamento da fiscaliza\u00e7\u00e3o;<\/p>\n\n\n\n<p class=\"wp-block-paragraph\">XXX &#8211; planejar, selecionar e supervisionar as atividades de programa\u00e7\u00e3o da fiscaliza\u00e7\u00e3o e cobran\u00e7a dos contribuintes e devedores de IPVA, ITCMD e Taxas a partir da prospec\u00e7\u00e3o das informa\u00e7\u00f5es;<\/p>\n\n\n\n<p class=\"wp-block-paragraph\">XXXI &#8211; promover a investiga\u00e7\u00e3o e o combate \u00e0s fraudes fiscais estruturadas relativamente a IPVA e o ITCMD;<\/p>\n\n\n\n<p class=\"wp-block-paragraph\">XXXII &#8211; estruturar, planejar e executar as opera\u00e7\u00f5es de captura, extra\u00e7\u00e3o e an\u00e1lise de provas e de dados digitais relativas a IPVA e ITCMD;<\/p>\n\n\n\n<p class=\"wp-block-paragraph\">XXXIII &#8211; acompanhar o andamento e o resultado de a\u00e7\u00f5es judiciais de interesse da fiscaliza\u00e7\u00e3o do IPVA\/ITCMD\/TAXAS;<\/p>\n\n\n\n<p class=\"wp-block-paragraph\">XXIV &#8211; avaliar resultados do trabalho fiscal, segundo padr\u00f5es de efici\u00eancia estabelecidos pela SEFAZ;<\/p>\n\n\n\n<p class=\"wp-block-paragraph\">XXXV &#8211; produzir informa\u00e7\u00f5es e relat\u00f3rios para embasar as decis\u00f5es de \u00f3rg\u00e3os superiores;<\/p>\n\n\n\n<p class=\"wp-block-paragraph\">XXXVI &#8211; propor a ado\u00e7\u00e3o de procedimentos administrativos, t\u00e9cnicos ou fiscais, que permitam a inibi\u00e7\u00e3o de fraudes fiscais;<\/p>\n\n\n\n<p class=\"wp-block-paragraph\">XXXVII &#8211; analisar a viabilidade de ado\u00e7\u00e3o, pelos contribuintes, de procedimentos especiais relativos \u00e0s obriga\u00e7\u00f5es tribut\u00e1rias; XXXVIII &#8211; avaliar e propor despachos decis\u00f3rios em procedimentos administrativos, requerimentos e recursos de compet\u00eancia do Diretor de Administra\u00e7\u00e3o Tribut\u00e1ria;<\/p>\n\n\n\n<p class=\"wp-block-paragraph\">XXXIX &#8211; realizar estudos, elaborar relat\u00f3rios e emitir pareceres pertinentes aos impostos sob sua supervis\u00e3o;<\/p>\n\n\n\n<p class=\"wp-block-paragraph\">XL &#8211; acompanhar os trabalhos desenvolvidos para uniformiza\u00e7\u00e3o e padroniza\u00e7\u00e3o dos procedimentos a serem aplicados na fiscaliza\u00e7\u00e3o dos impostos atribu\u00eddos ao Departamento; e<\/p>\n\n\n\n<p class=\"wp-block-paragraph\">XLI &#8211; estabelecer padr\u00f5es e aprovar os conte\u00fados das bases de informa\u00e7\u00f5es, dos manuais e guias de servi\u00e7os dispon\u00edveis para os diversos canais de relacionamento com o contribuinte. (NR)<\/p>\n\n\n\n<p class=\"wp-block-paragraph\">Art. 56-A. \u00c0 Divis\u00e3o de ITCMD, unidade subordinada diretamente ao DETIT, compete: (NR)<\/p>\n\n\n\n<p class=\"wp-block-paragraph\">I &#8211; pesquisar, elaborar e sugerir pauta de valores imobili\u00e1rios referenciais de \u00e1reas urbanas e rurais;<\/p>\n\n\n\n<p class=\"wp-block-paragraph\">II &#8211; disciplinar e criar par\u00e2metros e crit\u00e9rios de avalia\u00e7\u00e3o dos bens, direitos e obriga\u00e7\u00f5es do esp\u00f3lio;<\/p>\n\n\n\n<p class=\"wp-block-paragraph\">III &#8211; efetuar a avalia\u00e7\u00e3o administrativa de bens, direitos e obriga\u00e7\u00f5es nos processos de invent\u00e1rio judicial e extrajudicial;<\/p>\n\n\n\n<p class=\"wp-block-paragraph\">IV &#8211; analisar e decidir os pedidos de reconsidera\u00e7\u00e3o de avalia\u00e7\u00e3o e corre\u00e7\u00e3o de erros materiais nas situa\u00e7\u00f5es previstas na legisla\u00e7\u00e3o a fim de aferir a correta base de c\u00e1lculo do imposto;<\/p>\n\n\n\n<p class=\"wp-block-paragraph\">V &#8211; efetuar, controlar e monitorar o parcelamento do imposto;<\/p>\n\n\n\n<p class=\"wp-block-paragraph\">VI &#8211; indicar os nomes para composi\u00e7\u00e3o da Comiss\u00e3o de Avalia\u00e7\u00e3o do ITCMD;<\/p>\n\n\n\n<p class=\"wp-block-paragraph\">VII &#8211; elaborar of\u00edcios circulares para orientar, informar e disciplinar procedimentos a serem observados previamente pelos tabelionatos nos atos que exijam o pagamento do imposto; e<\/p>\n\n\n\n<p class=\"wp-block-paragraph\">VIII &#8211; gerenciar e propor melhorias tecnol\u00f3gicas no sistema informatizado do ITCMD.<\/p>\n\n\n\n<p class=\"wp-block-paragraph\">Art. 56-B. \u00c0 Divis\u00e3o do IPVA, unidade subordinada diretamente ao DETIT, compete: (NR)<\/p>\n\n\n\n<p class=\"wp-block-paragraph\">I &#8211; propor \u00e0 DIAT, anualmente, a publica\u00e7\u00e3o de ato normativo para estabelecer base de c\u00e1lculo, lan\u00e7amento e prazos para pagamento do IPVA;<\/p>\n\n\n\n<p class=\"wp-block-paragraph\">II &#8211; encaminhar \u00e0 DESTRIN o arquivo da frota de ve\u00edculos para processamento e lan\u00e7amento do IPVA no sistema informatizado;<\/p>\n\n\n\n<p class=\"wp-block-paragraph\">III &#8211; realizar interlocu\u00e7\u00e3o junto ao DETRAN-AC visando aperfei\u00e7oamento, sincroniza\u00e7\u00e3o e parametriza\u00e7\u00e3o dos sistemas SIAT e GETRAN, com a finalidade de manter atualizado o cadastro de ve\u00edculos sujeitos ao IPVA;<\/p>\n\n\n\n<p class=\"wp-block-paragraph\">IV &#8211; monitorar, avaliar e propor altera\u00e7\u00f5es e corre\u00e7\u00f5es no sistema informatizado do IPVA;<\/p>\n\n\n\n<p class=\"wp-block-paragraph\">V &#8211; processar a baixa e desvincula\u00e7\u00e3o dos d\u00e9bitos de IPVA de ve\u00edculos leiloados pelo poder p\u00fablico;<\/p>\n\n\n\n<p class=\"wp-block-paragraph\">VI &#8211; fiscalizar a execu\u00e7\u00e3o do contrato de presta\u00e7\u00e3o de servi\u00e7os pactuado entre SEFAZ e FIPE para elabora\u00e7\u00e3o anual dos valores da frota de ve\u00edculos do Estado do Acre;<\/p>\n\n\n\n<p class=\"wp-block-paragraph\">VII &#8211; gerenciar e propor melhorias tecnol\u00f3gicas no sistema informatizado do IPVA\/SIAT; e<\/p>\n\n\n\n<p class=\"wp-block-paragraph\">VIII &#8211; inserir mensalmente a taxa Sistema Especial de Liquida\u00e7\u00e3o e Cust\u00f3dia &#8211; Selic no sistema do GETRAN para atualiza\u00e7\u00e3o autom\u00e1tica dos d\u00e9bitos em atraso.<\/p>\n\n\n\n<p class=\"wp-block-paragraph\">Art. 56-C. \u00c0 Divis\u00e3o de TAXAS, unidade subordinada diretamente ao DETIT, compete: (NR)<\/p>\n\n\n\n<p class=\"wp-block-paragraph\">I &#8211; analisar e decidir sobre os casos de isen\u00e7\u00e3o e n\u00e3o incid\u00eancia, nos casos n\u00e3o expressamente previstos no art. 5\u00ba da LCE 376\/2020;<\/p>\n\n\n\n<p class=\"wp-block-paragraph\">II &#8211; propor, anualmente, a atualiza\u00e7\u00e3o da Unidade Padr\u00e3o Fiscal &#8211; UPF, nos termos do art. 6\u00ba, \u00a72\u00ba, LCE 376\/2020;<\/p>\n\n\n\n<p class=\"wp-block-paragraph\">III &#8211; informar, divulgar e fiscalizar a cobran\u00e7a das taxas pertinentes a cada documento, processo ou servi\u00e7o prestado por qualquer unidade da SEFAZ;<\/p>\n\n\n\n<p class=\"wp-block-paragraph\">IV &#8211; cooperar com a DESTRIN para cria\u00e7\u00e3o e manuten\u00e7\u00e3o no SIAT de relat\u00f3rios espec\u00edficos e detalhados das receitas de taxas; e<\/p>\n\n\n\n<p class=\"wp-block-paragraph\">V &#8211; promover estudos e an\u00e1lises para cria\u00e7\u00e3o ou extin\u00e7\u00e3o de novos servi\u00e7os e taxas. (NR) <\/p>\n\n\n\n<p class=\"wp-block-paragraph\">Art. 58. \u2026<\/p>\n\n\n\n<p class=\"wp-block-paragraph\">\u2026<\/p>\n\n\n\n<p class=\"wp-block-paragraph\">XI &#8211; atualizar a estrutura da base de dados e acompanhar a entrega dos arquivos referentes \u00e0 Declara\u00e7\u00e3o das Informa\u00e7\u00f5es de Meio de Pagamento &#8211; DIMP, intimar as institui\u00e7\u00f5es que estejam omissas com a entrega e subsidiar os demais setores da SEFAZ com dados retirados da DIMP, quando demandado. (NR)<\/p>\n\n\n\n<p class=\"wp-block-paragraph\">\u2026<\/p>\n\n\n\n<p class=\"wp-block-paragraph\">Art. 59-A. \u00c0 Divis\u00e3o de Documentos Fiscais Eletr\u00f4nicos \u2013 DIDOFE, unidade subordinada diretamente ao DESTRIN, compete:<\/p>\n\n\n\n<p class=\"wp-block-paragraph\">I &#8211; participar de reuni\u00f5es nacionais;<\/p>\n\n\n\n<p class=\"wp-block-paragraph\">II &#8211; colaborar com a guarda dos Documentos Fiscais Eletr\u00f4nicos &#8211; DF-e no banco de dados;<\/p>\n\n\n\n<p class=\"wp-block-paragraph\">III &#8211; manter atualizadas as tabelas no banco de dados de acordo com a documenta\u00e7\u00e3o t\u00e9cnica mais recente;<\/p>\n\n\n\n<p class=\"wp-block-paragraph\">IV &#8211; manter os portais estaduais atualizados;<\/p>\n\n\n\n<p class=\"wp-block-paragraph\">V &#8211; manter relacionamento t\u00e9cnico com os gestores do ambiente autorizador de DF-e (Sefaz Virtual do Rio Grande do Sul &#8211; SVRS);<\/p>\n\n\n\n<p class=\"wp-block-paragraph\">VI &#8211; colaborar para manter a legisla\u00e7\u00e3o tribut\u00e1ria atualizada, preparando e encaminhando propostas para publica\u00e7\u00e3o;<\/p>\n\n\n\n<p class=\"wp-block-paragraph\">VII &#8211; atender e orientar os contribuintes, transportadores, consumidores, entre outros, quanto a d\u00favidas t\u00e9cnicas de DFe;<\/p>\n\n\n\n<p class=\"wp-block-paragraph\">VIII &#8211; promover palestras para o p\u00fablico interno e externo sobre DF-e. (NR)<\/p>\n\n\n\n<p class=\"wp-block-paragraph\">\u2026<\/p>\n\n\n\n<p class=\"wp-block-paragraph\">Art. 62-A. Ao N\u00facleo de Diferencial de Al\u00edquotas &#8211; NUDIFAL, unidade subordinada diretamente ao DIST, compete:<\/p>\n\n\n\n<p class=\"wp-block-paragraph\">I &#8211; desenvolver as atividades de fiscaliza\u00e7\u00e3o e monitoramento fiscal dos contribuintes substitutos tribut\u00e1rios que realizam opera\u00e7\u00f5es com mercadorias sujeitas ao regime de diferencial de al\u00edquota com vendas diretas a consumidor final, destinadas ao Estado do Acre;<\/p>\n\n\n\n<p class=\"wp-block-paragraph\">II &#8211; realizar trabalhos de revis\u00f5es, dilig\u00eancias fiscais e manifestar em processos, especialmente sobre a licitude de opera\u00e7\u00f5es ou presta\u00e7\u00f5es, a fim de subsidiar decis\u00f5es sobre mat\u00e9ria tribut\u00e1ria de atribui\u00e7\u00e3o do N\u00facleo;<\/p>\n\n\n\n<p class=\"wp-block-paragraph\">III &#8211; participar de programas, projetos, f\u00f3runs, estudos e pesquisas relacionados a sua \u00e1rea de atua\u00e7\u00e3o, bem como de comiss\u00f5es, comit\u00eas, semin\u00e1rios, grupos e subgrupos de trabalho que visem ao estudo, ao planejamento e ao aperfei\u00e7oamento da pr\u00e1tica das atividades desenvolvidas pela \u00e1rea de atua\u00e7\u00e3o;<\/p>\n\n\n\n<p class=\"wp-block-paragraph\">IV &#8211; participar da elabora\u00e7\u00e3o de planos setoriais relacionados ao regime de diferencial de al\u00edquota;<\/p>\n\n\n\n<p class=\"wp-block-paragraph\">V &#8211; acompanhar, analisar e monitorar a sistem\u00e1tica de funcionamento e de fiscaliza\u00e7\u00e3o do regime de diferencial de al\u00edquota de vendas diretas a consumidor final em busca de seu aprimoramento;<\/p>\n\n\n\n<p class=\"wp-block-paragraph\">VI &#8211; analisar, monitorar, controlar e acompanhar o sistema de regime de diferencial de al\u00edquota realizada por contribuintes de outros Estados e dar suporte as demais unidades da Administra\u00e7\u00e3o Tribut\u00e1ria; e<\/p>\n\n\n\n<p class=\"wp-block-paragraph\">VII &#8211; verificar o cumprimento das obriga\u00e7\u00f5es acess\u00f3rias dentro da \u00e1rea de atua\u00e7\u00e3o. (NR)<\/p>\n\n\n\n<p class=\"wp-block-paragraph\">Art. 62-B. Ao N\u00facleo de Processos de Substitui\u00e7\u00e3o Tribut\u00e1ria \u2013 NUPST, unidade subordinada diretamente ao DIST, compete:<br>I &#8211; controlar e acompanhar processos administrativos tribut\u00e1rios remetidos \u00e0 DIST; e<\/p>\n\n\n\n<p class=\"wp-block-paragraph\">II &#8211; instruir processos administrativos tribut\u00e1rios, especialmente sobre a licitude de opera\u00e7\u00f5es ou presta\u00e7\u00f5es sujeitas \u00e0 Substitui\u00e7\u00e3o Tribut\u00e1ria. (NR)<\/p>\n\n\n\n<p class=\"wp-block-paragraph\">\u2026<\/p>\n\n\n\n<p class=\"wp-block-paragraph\">Art. 66. \u2026<\/p>\n\n\n\n<p class=\"wp-block-paragraph\">\u2026<br>VIII &#8211; realizar vistorias, inspe\u00e7\u00f5es e fiscaliza\u00e7\u00f5es nos empreendimentos alcan\u00e7ados pelo benef\u00edcio da Lei Estadual n\u00ba 3.495, de 2 de agosto de 2019, a partir do ato concessivo do incentivo tribut\u00e1rio;<\/p>\n\n\n\n<p class=\"wp-block-paragraph\">IX &#8211; fiscalizar o recolhimento mensal das contribui\u00e7\u00f5es, dos benefici\u00e1rios da Lei n\u00ba 3.495, de 2019, para o FDS e FUNAGRO;<\/p>\n\n\n\n<p class=\"wp-block-paragraph\">X &#8211; emitir parecer conclusivo quanto a regularidade, nos termos da legisla\u00e7\u00e3o tribut\u00e1ria, sobre a concess\u00e3o de incentivos fiscais e an\u00e1lise dos dados constantes do projeto encaminhado pela Divis\u00e3o da Pol\u00edtica de Incentivos \u00e0s Atividades Industriais do Acre\/SEICT;<\/p>\n\n\n\n<p class=\"wp-block-paragraph\">XI &#8211; realizar auditoria e aplicar as penalidades pelo descumprimento de normas relativas as empresas contempladas pelos benef\u00edcios da Lei n\u00ba 3.495, de 2019 e formalizar o contencioso administrativo, quando necess\u00e1rio;<\/p>\n\n\n\n<p class=\"wp-block-paragraph\">XII &#8211; estabelecer mecanismos de coopera\u00e7\u00e3o e troca de informa\u00e7\u00f5es com outros \u00f3rg\u00e3os da administra\u00e7\u00e3o p\u00fablica estadual que tenham atribui\u00e7\u00e3o legal de an\u00e1lise de programas setoriais vinculados a benef\u00edcio previsto na legisla\u00e7\u00e3o tribut\u00e1ria;<\/p>\n\n\n\n<p class=\"wp-block-paragraph\">XIII &#8211; analisar tecnicamente a carta consulta e orientar, de forma interpretativa, a legisla\u00e7\u00e3o de incentivo tribut\u00e1rio referente a Lei n\u00ba 1.358, de 29 de dezembro de 2000 e a Lei n\u00ba 3.495, de 2019;<\/p>\n\n\n\n<p class=\"wp-block-paragraph\">XIV &#8211; propor altera\u00e7\u00f5es na legisla\u00e7\u00e3o referente aos regimes especiais de que tratam a Lei n\u00ba 1.358, de 2000 e a Lei n\u00ba 3.495, de 2019, visando o melhor controle do cumprimento das obriga\u00e7\u00f5es a cargo dos contribuintes, subsidiando a DILET com informa\u00e7\u00f5es e dados que justifiquem a proposi\u00e7\u00e3o;<\/p>\n\n\n\n<p class=\"wp-block-paragraph\">XV &#8211; participar das reuni\u00f5es da COPIAI\/AC e emitir voto;<\/p>\n\n\n\n<p class=\"wp-block-paragraph\">XVI &#8211; exercer outras atividades designadas pela COPIAI\/AC;<\/p>\n\n\n\n<p class=\"wp-block-paragraph\">XVII &#8211; participar de iniciativas, programas, projetos, f\u00f3runs, estudos e pesquisas relacionados \u00e0 sua \u00e1rea de atua\u00e7\u00e3o, bem como de comiss\u00f5es, semin\u00e1rios, grupos, subgrupos de trabalho que visem ao estudo, ao planejamento e ao aperfei\u00e7oamento da pr\u00e1tica das atividades desenvolvidas pela Divis\u00e3o. (NR)<\/p>\n\n\n\n<p class=\"wp-block-paragraph\">Art. 66-A. \u00c0 Divis\u00e3o de Prospec\u00e7\u00e3o e Cruzamento de Dados &#8211; DIPROSCD, unidade subordinada diretamente ao DEFISC, compete:<\/p>\n\n\n\n<p class=\"wp-block-paragraph\">I &#8211; propor e executar cruzamento de dados, mediante a utiliza\u00e7\u00e3o de sistemas eletr\u00f4nicos, que permitam identificar ind\u00edcios de cometimento de infra\u00e7\u00e3o \u00e0 legisla\u00e7\u00e3o tribut\u00e1ria estadual, subsidiando as atividades vinculadas ao Departamento de Fiscaliza\u00e7\u00e3o;<\/p>\n\n\n\n<p class=\"wp-block-paragraph\">II &#8211; criar rotinas automatizadas para auxiliar nos procedimentos de monitoramento e fiscaliza\u00e7\u00e3o, bem como promover a operacionaliza\u00e7\u00e3o do sistema eletr\u00f4nico da SEFAZ;<\/p>\n\n\n\n<p class=\"wp-block-paragraph\">III &#8211; efetivar a verifica\u00e7\u00e3o, por cruzamento de dados da base informatizada da SEFAZ, das irregularidades de movimenta\u00e7\u00e3o e documental dos contribuintes, auxiliando as atividades de fiscaliza\u00e7\u00e3o do Departamento de Fiscaliza\u00e7\u00e3o;<\/p>\n\n\n\n<p class=\"wp-block-paragraph\">IV &#8211; estudar e aplicar medidas que levem ao aperfei\u00e7oamento das t\u00e9cnicas e instrumentos de fiscaliza\u00e7\u00e3o, de modo a assegurar a integra\u00e7\u00e3o, a racionaliza\u00e7\u00e3o e a otimiza\u00e7\u00e3o dos recursos dispon\u00edveis, promovendo a sistematiza\u00e7\u00e3o dos procedimentos aplic\u00e1veis aos trabalhos de auditoria fiscal;<\/p>\n\n\n\n<p class=\"wp-block-paragraph\">V &#8211; propor regras de monitoramento e sele\u00e7\u00e3o dos<br>contribuintes, a partir da defini\u00e7\u00e3o de indicadores econ\u00f4micofiscais e cruzamento de dados;<\/p>\n\n\n\n<p class=\"wp-block-paragraph\">VI &#8211; avaliar a necessidade e propor, com o apoio da Escola Fazend\u00e1ria, programas de capacita\u00e7\u00e3o em t\u00e9cnicas de auditoria fiscal;<\/p>\n\n\n\n<p class=\"wp-block-paragraph\">VII &#8211; participar de programas, projetos, pesquisas e estudos, bem como de comiss\u00f5es, grupos de trabalho para aperfei\u00e7oamento das atividades desenvolvidas pela Divis\u00e3o;<\/p>\n\n\n\n<p class=\"wp-block-paragraph\">VIII &#8211; propor altera\u00e7\u00f5es normativas buscando melhorias nas normas tribut\u00e1rias relacionadas com a Divis\u00e3o;<\/p>\n\n\n\n<p class=\"wp-block-paragraph\">IX &#8211; administrar os sistemas informatizados vinculados a Divis\u00e3o.\u201d (NR)<\/p>\n\n\n\n<p class=\"wp-block-paragraph\">\u2026<\/p>\n\n\n\n<p class=\"wp-block-paragraph\"><strong>Subse\u00e7\u00e3o X<\/strong><\/p>\n\n\n\n<p class=\"wp-block-paragraph\">\u2026<\/p>\n\n\n\n<p class=\"wp-block-paragraph\">Art. 70. \u2026<\/p>\n\n\n\n<p class=\"wp-block-paragraph\">I &#8211; prestar assessoramento ao Diretor de Administra\u00e7\u00e3o Tribut\u00e1ria, Secret\u00e1rios Adjuntos e Chefes de Gabinete, na solu\u00e7\u00e3o das quest\u00f5es t\u00e9cnicas;<\/p>\n\n\n\n<p class=\"wp-block-paragraph\">II &#8211; coordenar as equipes e divis\u00f5es ligadas ao departamento de Assessoramento Tribut\u00e1rio;<\/p>\n\n\n\n<p class=\"wp-block-paragraph\">III &#8211; propor, acompanhar, desenvolver e contribuir na implementa\u00e7\u00e3o de programas e projetos de moderniza\u00e7\u00e3o da Administra\u00e7\u00e3o Tribut\u00e1ria em especial ao Departamento de Assessoramento Tribut\u00e1rio em conformidade com as diretrizes do planejamento estrat\u00e9gico institucional;<\/p>\n\n\n\n<p class=\"wp-block-paragraph\">IV &#8211; responder pela supervis\u00e3o, orienta\u00e7\u00e3o, controle e organiza\u00e7\u00e3o das divis\u00f5es de contencioso e n\u00e3o contencioso bem como das equipes e apoiadores ligados ao DETRIB;<\/p>\n\n\n\n<p class=\"wp-block-paragraph\">V &#8211; designar, dentro das divis\u00f5es diretamente subordinadas ao departamento, servidor para an\u00e1lise e manifesta\u00e7\u00e3o acerca dos processos relativos aos regimes especiais de tributa\u00e7\u00e3o, subsidiando a DIAT na celebra\u00e7\u00e3o, altera\u00e7\u00e3o, indeferimento, suspens\u00e3o, cassa\u00e7\u00e3o ou revoga\u00e7\u00e3o de termos de acordo ou regimes especiais;<\/p>\n\n\n\n<p class=\"wp-block-paragraph\">VI emitir parecer, instruir os processos em primeira inst\u00e2ncia e de consulta \u00e0 legisla\u00e7\u00e3o tribut\u00e1ria;<\/p>\n\n\n\n<p class=\"wp-block-paragraph\">VII &#8211; registrar, armazenar e manter controle das decis\u00f5es de primeira inst\u00e2ncia;<\/p>\n\n\n\n<p class=\"wp-block-paragraph\">VIII &#8211; dar cumprimento aos comandos emitidos pela DIAT referentes a decis\u00f5es administrativas, quando demandado;<\/p>\n\n\n\n<p class=\"wp-block-paragraph\">IX &#8211; assessorar os setores da DIAT na interpreta\u00e7\u00e3o da legisla\u00e7\u00e3o tribut\u00e1ria;<\/p>\n\n\n\n<p class=\"wp-block-paragraph\">X &#8211; emitir parecer em processos de solicita\u00e7\u00e3o de cr\u00e9ditos fiscais;<\/p>\n\n\n\n<p class=\"wp-block-paragraph\">XI &#8211; sugerir medidas que visem o aprimoramento dos trabalhos de fiscaliza\u00e7\u00e3o, processos e controle;<\/p>\n\n\n\n<p class=\"wp-block-paragraph\">XII &#8211; zelar pelo cumprimento deste Regimento e outros atos pertinentes; (NR)<\/p>\n\n\n\n<p class=\"wp-block-paragraph\">Art. 70-A. \u00c0 Divis\u00e3o de Contencioso &#8211; DIC, unidade subordinada diretamente \u00e0 DETRIB, compete:<\/p>\n\n\n\n<p class=\"wp-block-paragraph\">I &#8211; emitir parecer, instruir os processos em primeira inst\u00e2ncia e de consulta \u00e0 legisla\u00e7\u00e3o tribut\u00e1ria e atuar em processos contenciosos;<\/p>\n\n\n\n<p class=\"wp-block-paragraph\">II &#8211; registrar, armazenar e manter controle das decis\u00f5es de primeira inst\u00e2ncia;<\/p>\n\n\n\n<p class=\"wp-block-paragraph\">III &#8211; dar cumprimento aos comandos emitidos pela DIAT referentes a decis\u00f5es judiciais e administrativas, quando demandado;<\/p>\n\n\n\n<p class=\"wp-block-paragraph\">IV &#8211; assessorar as unidades da DIAT na interpreta\u00e7\u00e3o da legisla\u00e7\u00e3o tribut\u00e1ria;<\/p>\n\n\n\n<p class=\"wp-block-paragraph\">V &#8211; relatar os processos administrativo tribut\u00e1rio e processos de primeira inst\u00e2ncia, mediante a emiss\u00e3o de parecer, respaldado em manifesta\u00e7\u00e3o t\u00e9cnica emitida pelas unidades afins \u00e0 mat\u00e9ria de fato;<\/p>\n\n\n\n<p class=\"wp-block-paragraph\">VI &#8211; Emitir parecer, respaldado em manifesta\u00e7\u00e3o t\u00e9cnica, nos processos administrativos tribut\u00e1rios contenciosos;<\/p>\n\n\n\n<p class=\"wp-block-paragraph\">VII &#8211; analisar recursos e emitir parecer em rela\u00e7\u00e3o \u00e0 prescri\u00e7\u00e3o, restitui\u00e7\u00e3o e a negativa da isen\u00e7\u00e3o do IPVA, nos termos da legisla\u00e7\u00e3o autorizativa;<\/p>\n\n\n\n<p class=\"wp-block-paragraph\">VIII &#8211; requerer dilig\u00eancias ou exames necess\u00e1rios, de of\u00edcio ou a pedido da parte interessada, para a elabora\u00e7\u00e3o de parecer e para subsidiar a decis\u00e3o de primeira inst\u00e2ncia;<\/p>\n\n\n\n<p class=\"wp-block-paragraph\">IX &#8211; disponibilizar, na intranet, para as demais unidades da SEFAZ, as decis\u00f5es de primeira inst\u00e2ncia, pareceres, consultas e informativos emitidos pela DETRIB;<\/p>\n\n\n\n<p class=\"wp-block-paragraph\">X &#8211; atuar, em parceria com a divis\u00e3o de n\u00e3o contencioso, na produ\u00e7\u00e3o e an\u00e1lise de consultas \u00e0 legisla\u00e7\u00e3o tribut\u00e1ria, bem como, receber, formatar, organizar e publicar, em meio eletr\u00f4nico, as consultas internas, observado o sigilo fiscal;<\/p>\n\n\n\n<p class=\"wp-block-paragraph\">X &#8211; disponibilizar um representante para a Comiss\u00e3o T\u00e9cnica Permanente do ICMS &#8211; COTEPE\/ICMS &#8211; nos termos de acordos de regime especial celebrados junto \u00e0 SEFAZ;<\/p>\n\n\n\n<p class=\"wp-block-paragraph\">XI &#8211; emitir parecer em processos de solicita\u00e7\u00e3o de cr\u00e9ditos fiscais ou em pedidos de retifica\u00e7\u00e3o da escritura\u00e7\u00e3o fiscal ou demais solicita\u00e7\u00f5es que implicarem em reconhecimento de cr\u00e9dito fiscal, quando analisados e indeferidos, total ou parcialmente, pelo setor competente;<\/p>\n\n\n\n<p class=\"wp-block-paragraph\">XII &#8211; sugerir medidas que visem o aprimoramento dos trabalhos de fiscaliza\u00e7\u00e3o, processos e controle; e<\/p>\n\n\n\n<p class=\"wp-block-paragraph\">XIII &#8211; Zelar pelo cumprimento deste Regimento e outros atos pertinentes. (NR)<\/p>\n\n\n\n<p class=\"wp-block-paragraph\">Art. 70-B. \u00c0 Divis\u00e3o de N\u00e3o Contencioso &#8211; DINC, unidade subordinada diretamente \u00e0 DETRIB, compete:<\/p>\n\n\n\n<p class=\"wp-block-paragraph\">I &#8211; emitir parecer, instruir os processos em primeira inst\u00e2ncia e de consulta \u00e0 legisla\u00e7\u00e3o tribut\u00e1ria, atuar em processos n\u00e3o contenciosos e analisar os regimes especiais e consultas tribut\u00e1rias;<\/p>\n\n\n\n<p class=\"wp-block-paragraph\">II &#8211; registrar, armazenar e manter controle das decis\u00f5es de primeira inst\u00e2ncia;<\/p>\n\n\n\n<p class=\"wp-block-paragraph\">III &#8211; dar cumprimento aos comandos emitidos pela DIAT referentes a decis\u00f5es administrativas, quando demandado;<\/p>\n\n\n\n<p class=\"wp-block-paragraph\">IV &#8211; assessorar as unidades da DIAT na interpreta\u00e7\u00e3o da legisla\u00e7\u00e3o tribut\u00e1ria;<\/p>\n\n\n\n<p class=\"wp-block-paragraph\">V &#8211; relatar os processos de consulta \u00e0 legisla\u00e7\u00e3o tribut\u00e1ria e processos de primeira inst\u00e2ncia, mediante a emiss\u00e3o de parecer, respaldado em manifesta\u00e7\u00e3o t\u00e9cnica emitida pelas unidades afins \u00e0 mat\u00e9ria de fato;<\/p>\n\n\n\n<p class=\"wp-block-paragraph\">VI &#8211; emitir parecer, respaldado em manifesta\u00e7\u00e3o t\u00e9cnica, nos processos administrativos tribut\u00e1rios;<\/p>\n\n\n\n<p class=\"wp-block-paragraph\">VII requerer dilig\u00eancias ou exames necess\u00e1rios, de of\u00edcio ou a pedido da parte interessada, para a elabora\u00e7\u00e3o de parecer e para subsidiar a decis\u00e3o de primeira inst\u00e2ncia;<\/p>\n\n\n\n<p class=\"wp-block-paragraph\">VIII &#8211; disponibilizar, na intranet, para as demais unidades da SEFAZ, as decis\u00f5es de primeira inst\u00e2ncia, pareceres, consultas e informativos emitidos pela DETRIB;<\/p>\n\n\n\n<p class=\"wp-block-paragraph\">IX &#8211; receber, formatar, organizar e publicar, em meio eletr\u00f4nico, as respostas emitidas em processos de consulta \u00e0 legisla\u00e7\u00e3o tribut\u00e1ria, observado o sigilo fiscal;<\/p>\n\n\n\n<p class=\"wp-block-paragraph\">X &#8211; analisar os processos relativos aos regimes especiais de tributa\u00e7\u00e3o, subsidiando \u00e0 DIAT na celebra\u00e7\u00e3o, altera\u00e7\u00e3o, indeferimento, suspens\u00e3o, cassa\u00e7\u00e3o ou revoga\u00e7\u00e3o de termos de acordo;<\/p>\n\n\n\n<p class=\"wp-block-paragraph\">XI &#8211; disponibilizar um representante para a Comiss\u00e3o T\u00e9cnica Permanente do ICMS &#8211; COTEPE\/ICMS, nos termos de acordo de regime especial celebrados junto \u00e0 SEFAZ;<\/p>\n\n\n\n<p class=\"wp-block-paragraph\">XII &#8211; analisar processos de solicita\u00e7\u00e3o de isen\u00e7\u00e3o do ICMS e emitir parecer para Compra de Ve\u00edculo, nos termos da legisla\u00e7\u00e3o autorizativa;<\/p>\n\n\n\n<p class=\"wp-block-paragraph\">XIII &#8211; emitir parecer em processos de solicita\u00e7\u00e3o de cr\u00e9ditos fiscais, quando analisados pela unidade competente.<\/p>\n\n\n\n<p class=\"wp-block-paragraph\">XIV &#8211; sugerir medidas que visem o aprimoramento dos trabalhos de fiscaliza\u00e7\u00e3o, processos e controle.<\/p>\n\n\n\n<p class=\"wp-block-paragraph\">XV &#8211; zelar pelo cumprimento deste Regimento e outros atos pertinentes. (NR)<\/p>\n\n\n\n<p class=\"wp-block-paragraph\">Art. 71. \u2026<\/p>\n\n\n\n<p class=\"wp-block-paragraph\">\u2026<\/p>\n\n\n\n<p class=\"wp-block-paragraph\">\u00a7 1\u00ba . \u2026<\/p>\n\n\n\n<p class=\"wp-block-paragraph\">\u2026<\/p>\n\n\n\n<p class=\"wp-block-paragraph\">VIII &#8211; N\u00facleo Setorial de Fiscaliza\u00e7\u00e3o &#8211; NUSEFI de Sena Madureira\/Manoel Urbano; (NR)<\/p>\n\n\n\n<p class=\"wp-block-paragraph\">\u2026<\/p>\n\n\n\n<p class=\"wp-block-paragraph\">\u00a7 3\u00ba \u2026<\/p>\n\n\n\n<p class=\"wp-block-paragraph\">\u2026<\/p>\n\n\n\n<p class=\"wp-block-paragraph\">VII &#8211; coordenar os trabalhos de fiscaliza\u00e7\u00e3o desempenhados pelo N\u00facleo Setorial nos respectivos munic\u00edpios de atua\u00e7\u00e3o; VIII &#8211; cumprir dilig\u00eancias demandadas por outros setores da SEFAZ;<\/p>\n\n\n\n<p class=\"wp-block-paragraph\">IX &#8211; cumprir dilig\u00eancias demandadas por outros \u00f3rg\u00e3os da Administra\u00e7\u00e3o P\u00fablica;<\/p>\n\n\n\n<p class=\"wp-block-paragraph\">X &#8211; realizar dilig\u00eancias solicitadas por outras institui\u00e7\u00f5es, como Secretarias de Fazendas de outros estados, a fim de cumprir com Termo de Coopera\u00e7\u00e3o vigente;<\/p>\n\n\n\n<p class=\"wp-block-paragraph\">XI &#8211; revisar, quando necess\u00e1rio, as notifica\u00e7\u00f5es emitidas pela SEFAZ;<\/p>\n\n\n\n<p class=\"wp-block-paragraph\">XII &#8211; acompanhar o descarregamento de mercadorias transportadas que apresentem algum ind\u00edcio de irregularidade. XIII &#8211; lavrar auto de infra\u00e7\u00e3o quando se fizer necess\u00e1rio; (NR)<\/p>\n\n\n\n<p class=\"wp-block-paragraph\">Art. 71-A. \u00c0 Divis\u00e3o Setorial de Fiscaliza\u00e7\u00e3o Central de Atendimento \u00e0s Transportadoras &#8211; DISEFI &#8211; CAT, unidade subordinada diretamente ao DEMTRAN, compete:<\/p>\n\n\n\n<p class=\"wp-block-paragraph\">I &#8211; gerenciar o trabalho realizado na Central de Atendimento as Transportadoras;<\/p>\n\n\n\n<p class=\"wp-block-paragraph\">II &#8211; acompanhar o descarregamento das mercadorias nas transportadoras com suspeitas de irregularidades;<\/p>\n\n\n\n<p class=\"wp-block-paragraph\">III &#8211; revisar, quando necess\u00e1rio, as notifica\u00e7\u00f5es realizadas pelos auditores plantonistas;<\/p>\n\n\n\n<p class=\"wp-block-paragraph\">IV &#8211; monitorar mercadorias quando destinadas a contribuintes suspeitos de irregularidades;<\/p>\n\n\n\n<p class=\"wp-block-paragraph\">V &#8211; fazer a escala mensal dos auditores e atendentes;<\/p>\n\n\n\n<p class=\"wp-block-paragraph\">VI &#8211; realizar atendimento \u00e0s consultas realizadas pelas transportadoras com Regime Especial;<\/p>\n\n\n\n<p class=\"wp-block-paragraph\">VII &#8211; realizar atendimento \u00e0s companhias a\u00e9reas quanto ao desembara\u00e7o de mercadorias;<\/p>\n\n\n\n<p class=\"wp-block-paragraph\">VIII &#8211; acompanhar o transbordo\/baixa de Guias de Tr\u00e2nsito de Mercadorias. (NR)<\/p>\n\n\n\n<p class=\"wp-block-paragraph\">Art. 71-B. \u00c0 Divis\u00e3o Setorial de Fiscaliza\u00e7\u00e3o Volante \u2013 DISEFIVOL, unidade subordinada diretamente ao DEMTRAN, compete:<\/p>\n\n\n\n<p class=\"wp-block-paragraph\">I &#8211; gerenciar o trabalho realizado pela Fiscaliza\u00e7\u00e3o Volante;<\/p>\n\n\n\n<p class=\"wp-block-paragraph\">II &#8211; realizar fiscaliza\u00e7\u00e3o de rotina e acompanhamento de descarregamento de mercadorias na capital bem como no interior;<\/p>\n\n\n\n<p class=\"wp-block-paragraph\">III cumprir dilig\u00eancias demandadas por v\u00e1rios setores da Sefaz (Intelig\u00eancia Fiscal, Simples Nacional, Cadastro, Auditoria, Classifica\u00e7\u00e3o), bem como de outros \u00f3rg\u00e3os, como Minist\u00e9rio P\u00fablico Estadual e Procuradoria do Estado do Acre;<\/p>\n\n\n\n<p class=\"wp-block-paragraph\">IV &#8211; realizar dilig\u00eancias solicitadas pelas Secretarias de Fazenda de outros estados;<\/p>\n\n\n\n<p class=\"wp-block-paragraph\">V &#8211; auxiliar o Posto Fiscal Tucandeira no acompanhamento e contagem de mercadorias apreendidas;<\/p>\n\n\n\n<p class=\"wp-block-paragraph\">VI &#8211; monitorar mercadorias quando destinadas a contribuinte localizados na \u00c1rea de Livre Com\u00e9rcio \u2013 ALC;<\/p>\n\n\n\n<p class=\"wp-block-paragraph\">VII &#8211; prestar atendimento ao p\u00fablico em geral;<\/p>\n\n\n\n<p class=\"wp-block-paragraph\">VIII \u2013 acompanhar o transbordo\/baixa de Guias de Tr\u00e2nsito de Mercadorias;<\/p>\n\n\n\n<p class=\"wp-block-paragraph\">IX \u2013 acompanhar o descarregamento de mercadorias no aeroporto de Rio Branco. (NR)<\/p>\n<\/blockquote>\n\n\n\n<blockquote class=\"wp-block-quote is-layout-flow wp-block-quote-is-layout-flow\">\n<p class=\"wp-block-paragraph\">\u2026<br><strong>Subse\u00e7\u00e3o XIII<\/strong><\/p>\n\n\n\n<p class=\"wp-block-paragraph\"><strong>Do Departamento de Arrecada\u00e7\u00e3o e Cobran\u00e7a &#8211; DEAC<\/strong><\/p>\n\n\n\n<p class=\"wp-block-paragraph\">Art. 73-A. Ao Departamento de Arrecada\u00e7\u00e3o e Cobran\u00e7a &#8211; DEAC, unidade subordinada diretamente \u00e0 DIAT, compete:<\/p>\n\n\n\n<p class=\"wp-block-paragraph\">I &#8211; controlar a arrecada\u00e7\u00e3o dos tributos estaduais, orientando e fiscalizando os servi\u00e7os de arrecada\u00e7\u00e3o, cobran\u00e7a e recolhimento dos tributos do Estado, executados atrav\u00e9s da rede banc\u00e1ria;<\/p>\n\n\n\n<p class=\"wp-block-paragraph\">II &#8211; estabelecer mecanismos de controle de arrecada\u00e7\u00e3o e cobran\u00e7a das receitas estaduais;<\/p>\n\n\n\n<p class=\"wp-block-paragraph\">III &#8211; realizar estudos para aprimoramento do sistema de arrecada\u00e7\u00e3o;<\/p>\n\n\n\n<p class=\"wp-block-paragraph\">IV &#8211; realizar estudos e propor altera\u00e7\u00f5es visando ao aprimoramento dos regimes de pagamento;<\/p>\n\n\n\n<p class=\"wp-block-paragraph\">V &#8211; efetivar agrupamento de d\u00e9bitos do ICMS para efeito de encontro de contas;<\/p>\n\n\n\n<p class=\"wp-block-paragraph\">VI &#8211; propor a concess\u00e3o de parcelamentos de d\u00e9bitos fiscais, acompanhando e analisando sua evolu\u00e7\u00e3o;<\/p>\n\n\n\n<p class=\"wp-block-paragraph\">VII analisar, acompanhar e solicitar o saneamento, quando for o caso, dos processos de parcelamento de d\u00e9bitos fiscais oriundos dos NURFEs;<\/p>\n\n\n\n<p class=\"wp-block-paragraph\">VIII &#8211; elaborar a previs\u00e3o de arrecada\u00e7\u00e3o do ICMS, acompanhando e analisando a sua evolu\u00e7\u00e3o;<\/p>\n\n\n\n<p class=\"wp-block-paragraph\">IX &#8211; atestar o ingresso de valores na receita banc\u00e1ria, para fins de prova em processos administrativos;<\/p>\n\n\n\n<p class=\"wp-block-paragraph\">X &#8211; gerar e conferir, quinzenalmente, as Notifica\u00e7\u00f5es de Lan\u00e7amento &#8211; ICMS e enviar para o Domic\u00edlio Eletr\u00f4nico do Contribuinte &#8211; DEC ou para os correios, quando destinadas a contribuintes enquadrados como Microempreendedor Individual &#8211; MEI;<\/p>\n\n\n\n<p class=\"wp-block-paragraph\">XI &#8211; elaborar os editais de intima\u00e7\u00e3o de contribuintes para dar ci\u00eancia do d\u00e9bito fiscal lan\u00e7ado;<\/p>\n\n\n\n<p class=\"wp-block-paragraph\">XII &#8211; subsidiar a DIAT na an\u00e1lise econ\u00f4mico-financeira de empresas em d\u00e9bito com a SEFAZ visando a satisfa\u00e7\u00e3o do cr\u00e9dito tribut\u00e1rio;<\/p>\n\n\n\n<p class=\"wp-block-paragraph\">XIII &#8211; controlar e registrar a tramita\u00e7\u00e3o de processos administrativos e promover a inscri\u00e7\u00e3o na D\u00edvida Ativa de cr\u00e9ditos de natureza tribut\u00e1ria de devedores inadimplentes; e<\/p>\n\n\n\n<p class=\"wp-block-paragraph\">XIV &#8211; dar cumprimento \u00e0s decis\u00f5es administrativas de primeira e segunda inst\u00e2ncias relacionadas ao seu campo de atua\u00e7\u00e3o.<\/p>\n\n\n\n<p class=\"wp-block-paragraph\">\u2026<\/p>\n\n\n\n<p class=\"wp-block-paragraph\"><strong>Se\u00e7\u00e3o VI-A<\/strong><\/p>\n\n\n\n<p class=\"wp-block-paragraph\"><strong>Divis\u00e3o de Legisla\u00e7\u00e3o Tribut\u00e1ria &#8211; DILET<\/strong><\/p>\n\n\n\n<p class=\"wp-block-paragraph\">Art. 81-A. \u00c0 Divis\u00e3o de Legisla\u00e7\u00e3o Tribut\u00e1ria &#8211; DILET, unidade diretamente subordinada a SARE, compete:<\/p>\n\n\n\n<p class=\"wp-block-paragraph\">I &#8211; planejar e gerenciar os processos relativos \u00e0 legisla\u00e7\u00e3o tribut\u00e1ria;<\/p>\n\n\n\n<p class=\"wp-block-paragraph\">II &#8211; elaborar propostas de projetos de Lei, Decretos, Portarias e demais atos normativos de natureza tribut\u00e1ria;<\/p>\n\n\n\n<p class=\"wp-block-paragraph\">III &#8211; preparar documentos relativos \u00e0 ratifica\u00e7\u00e3o de Conv\u00eanios ICMS, Protocolos ICMS, Ajustes SINIEF e Atos de Coopera\u00e7\u00e3o T\u00e9cnica, na \u00e1rea tribut\u00e1ria, celebrados no \u00e2mbito do CONFAZ em colabora\u00e7\u00e3o com o representante do Estado do Acre na COTEPE\/ICMS;<\/p>\n\n\n\n<p class=\"wp-block-paragraph\">IV definir, em articula\u00e7\u00e3o com os setores afetos da SEFAZ, em especial com o Secret\u00e1rio Adjunto da Receita Estadual, as disposi\u00e7\u00f5es de car\u00e1ter autorizativo de Conv\u00eanios ESTADO DO ACRE SECRETARIA DE ESTADO DA FAZENDA ICMS, Protocolos ICMS, Ajustes SINIEF e Atos de Coopera\u00e7\u00e3o T\u00e9cnica a serem implementados no Estado do Acre;<\/p>\n\n\n\n<p class=\"wp-block-paragraph\">V &#8211; encaminhar as leis, decretos, portarias, resolu\u00e7\u00f5es, instru\u00e7\u00f5es normativas e demais atos normativos de natureza tribut\u00e1ria para publica\u00e7\u00e3o no s\u00edtio da SEFAZ, para fins de consulta;<\/p>\n\n\n\n<p class=\"wp-block-paragraph\">VI &#8211; submeter as propostas de atos normativos de natureza tribut\u00e1ria \u00e0 avalia\u00e7\u00e3o dos setores fazend\u00e1rios envolvidos, promovendo o debate interno destinado a aperfei\u00e7oar a norma em elabora\u00e7\u00e3o, bem como aos demais \u00f3rg\u00e3os do Poder Executivo Estadual, se for o caso;<\/p>\n\n\n\n<p class=\"wp-block-paragraph\">VII &#8211; subsidiar no processo decis\u00f3rio referente as sugest\u00f5es de proposi\u00e7\u00f5es e de altera\u00e7\u00f5es de atos normativos de natureza tribut\u00e1ria que lhe sejam demandadas;<\/p>\n\n\n\n<p class=\"wp-block-paragraph\">VIII &#8211; realizar pesquisas, estudos, relat\u00f3rios e an\u00e1lises sobre mat\u00e9ria legislativa de natureza tribut\u00e1ria de interesse da SEFAZ;<\/p>\n\n\n\n<p class=\"wp-block-paragraph\">IX &#8211; propor altera\u00e7\u00f5es para o aperfei\u00e7oamento, simplifica\u00e7\u00e3o, uniformiza\u00e7\u00e3o ou corre\u00e7\u00e3o de distor\u00e7\u00f5es na legisla\u00e7\u00e3o tribut\u00e1ria;<\/p>\n\n\n\n<p class=\"wp-block-paragraph\">X &#8211; avaliar propostas relativas \u00e0 legisla\u00e7\u00e3o de natureza tribut\u00e1ria apresentadas pelos setores da SEFAZ, em especial os da SARE e da DIAT; e<\/p>\n\n\n\n<p class=\"wp-block-paragraph\">XI &#8211; manter atualizado o Regulamento do Imposto sobre Opera\u00e7\u00f5es relativas a Circula\u00e7\u00e3o de Mercadorias e sobre Presta\u00e7\u00f5es de Servi\u00e7os de Transporte Interestadual e Intermunicipal e de Comunica\u00e7\u00e3o &#8211; RICMS em face de altera\u00e7\u00f5es efetuadas atrav\u00e9s de atos normativos, inclusive os editados pelo CONFAZ divulgados ou informados pela COTEPE\/ICMS.<\/p>\n\n\n\n<p class=\"wp-block-paragraph\">\u00a7 1\u00ba As propostas de atos normativos relativas \u00e0 mat\u00e9ria tribut\u00e1ria ser\u00e3o elaboradas em articula\u00e7\u00e3o com o Secret\u00e1rio Adjunto da Receita Estadual ou mediante sua anu\u00eancia, devendo guardar pertin\u00eancia com os objetivos pretendidos pela SEFAZ.<\/p>\n\n\n\n<p class=\"wp-block-paragraph\">\u00a7 2\u00ba A solicita\u00e7\u00e3o para elabora\u00e7\u00e3o de normas por setores da SEFAZ dever\u00e1 ser acompanhada de explica\u00e7\u00e3o das altera\u00e7\u00f5es solicitadas, de proposta de ato normativo e\/ou da respectiva justificativa, de forma expressa, com a anu\u00eancia do Secret\u00e1rio Adjunto da Receita Estadual e formalizada por abertura de processo no SEI ou outro programa que o suceder. (NR) <\/p>\n<\/blockquote>\n\n\n\n<p class=\"wp-block-paragraph\">Art. 2\u00ba Ficam revogados:<\/p>\n\n\n\n<p class=\"wp-block-paragraph\">I &#8211; al\u00ednea \u201cc\u201d do Inciso II do art. 2\u00ba;<\/p>\n\n\n\n<p class=\"wp-block-paragraph\">II &#8211; item 4 da al\u00ednea \u201cd\u201d do art. 2\u00ba;<\/p>\n\n\n\n<p class=\"wp-block-paragraph\">III &#8211; subitem 9.6.1 do item 9 da al\u00ednea \u201cd\u201d do inciso II do art. 2\u00ba;<\/p>\n\n\n\n<p class=\"wp-block-paragraph\">IV &#8211; al\u00edneas \u201cf\u201d e \u201cg\u201d do inciso II do art. 2\u00ba;<\/p>\n\n\n\n<p class=\"wp-block-paragraph\">V &#8211; Se\u00e7\u00e3o III do Cap\u00edtulo IV, T\u00edtulo III; (Arts. 40 a 45)<\/p>\n\n\n\n<p class=\"wp-block-paragraph\">VI &#8211; subse\u00e7\u00e3o IV da se\u00e7\u00e3o IV do Cap\u00edtulo IV, T\u00edtulo III; (art. 50)<\/p>\n\n\n\n<p class=\"wp-block-paragraph\">VII &#8211; \u00a7\u00a7 1\u00ba, 2\u00ba e 3\u00ba do art. 56;<\/p>\n\n\n\n<p class=\"wp-block-paragraph\">VIII &#8211; art. 67;<\/p>\n\n\n\n<p class=\"wp-block-paragraph\">IX &#8211; incisos XIII, XIV, XV, XVI, XVII e XVIII do art. 70;<\/p>\n\n\n\n<p class=\"wp-block-paragraph\">X &#8211; incisos VI e VII do \u00a7 1\u00ba do art. 71;<\/p>\n\n\n\n<p class=\"wp-block-paragraph\">XI &#8211; se\u00e7\u00e3o VI do Cap\u00edtulo IV, T\u00edtulo III; (arts. 78 a 81) e,<\/p>\n\n\n\n<p class=\"wp-block-paragraph\">XII &#8211; se\u00e7\u00e3o VII do Cap\u00edtulo IV, T\u00edtulo III; (art. 82)<\/p>\n\n\n\n<p class=\"wp-block-paragraph\">Art. 3\u00ba Esta Portaria entra em vigor na data de sua publica\u00e7\u00e3o.<\/p>\n\n\n\n<p class=\"wp-block-paragraph\">Rio Branco &#8211; Acre, 15 de maio de 2024.<\/p>\n","protected":false},"excerpt":{"rendered":"<p>Altera a Portaria 513, de 20 de junho de 2023, que estabelece a estrutura organizacional e aprova o Regimento Interno da Secretaria de Estado da Fazenda &#8211; SEFAZ. <\/p>\n","protected":false},"author":5,"featured_media":0,"comment_status":"closed","ping_status":"closed","sticky":false,"template":"","format":"standard","meta":{"_acf_changed":false,"footnotes":""},"categories":[3,33],"tags":[73],"class_list":["post-20013","post","type-post","status-publish","format-standard","hentry","category-legislacao","category-portarias","tag-legislacao-institucional-e-funcional"],"acf":[],"_links":{"self":[{"href":"https:\/\/sefaz.ac.gov.br\/2021\/index.php?rest_route=\/wp\/v2\/posts\/20013","targetHints":{"allow":["GET"]}}],"collection":[{"href":"https:\/\/sefaz.ac.gov.br\/2021\/index.php?rest_route=\/wp\/v2\/posts"}],"about":[{"href":"https:\/\/sefaz.ac.gov.br\/2021\/index.php?rest_route=\/wp\/v2\/types\/post"}],"author":[{"embeddable":true,"href":"https:\/\/sefaz.ac.gov.br\/2021\/index.php?rest_route=\/wp\/v2\/users\/5"}],"replies":[{"embeddable":true,"href":"https:\/\/sefaz.ac.gov.br\/2021\/index.php?rest_route=%2Fwp%2Fv2%2Fcomments&post=20013"}],"version-history":[{"count":15,"href":"https:\/\/sefaz.ac.gov.br\/2021\/index.php?rest_route=\/wp\/v2\/posts\/20013\/revisions"}],"predecessor-version":[{"id":20042,"href":"https:\/\/sefaz.ac.gov.br\/2021\/index.php?rest_route=\/wp\/v2\/posts\/20013\/revisions\/20042"}],"wp:attachment":[{"href":"https:\/\/sefaz.ac.gov.br\/2021\/index.php?rest_route=%2Fwp%2Fv2%2Fmedia&parent=20013"}],"wp:term":[{"taxonomy":"category","embeddable":true,"href":"https:\/\/sefaz.ac.gov.br\/2021\/index.php?rest_route=%2Fwp%2Fv2%2Fcategories&post=20013"},{"taxonomy":"post_tag","embeddable":true,"href":"https:\/\/sefaz.ac.gov.br\/2021\/index.php?rest_route=%2Fwp%2Fv2%2Ftags&post=20013"}],"curies":[{"name":"wp","href":"https:\/\/api.w.org\/{rel}","templated":true}]}}